{"id":1284005,"date":"2026-09-06T09:36:16","date_gmt":"2026-09-06T09:36:16","guid":{"rendered":"https:\/\/www.europesays.com\/de\/1284005\/"},"modified":"2026-09-06T09:36:16","modified_gmt":"2026-09-06T09:36:16","slug":"pol-f-260906-1150-frankfurt-innenstadt-schwerer-raub-zeugenaufruf","status":"publish","type":"post","link":"https:\/\/www.europesays.com\/de\/1284005\/","title":{"rendered":"POL-F: 260906 &#8211; 1150 Frankfurt-Innenstadt: Schwerer Raub &#8211; Zeugenaufruf"},"content":{"rendered":"<p class=\"date\">06.09.2026 \u2013 11:05<\/p>\n<p class=\"customer\">\n                        <a class=\"story-customer\" title=\"weiter zum newsroom von Polizeipr\u00e4sidium Frankfurt am Main\" href=\"https:\/\/www.presseportal.de\/blaulicht\/nr\/4970\" rel=\"nofollow noopener\" target=\"_blank\">Polizeipr\u00e4sidium Frankfurt am Main<\/a>\n                    <\/p>\n<p><a data-category=\"citylink-story-view\" data-action=\"click\" data-label=\"Citylink in Meldungsansicht\" class=\"story-city event-trigger\" href=\"https:\/\/www.presseportal.de\/regional\/Frankfurt\" title=\"News aus Frankfurt \" rel=\"nofollow noopener\" target=\"_blank\">Frankfurt<\/a> (ots)<\/p>\n<p>(bo) Gestern Morgen (5. September 2026) ereignete sich in der Innenstadt ein schwerer Raub zum Nachteil eines 40-j\u00e4hrigen Mannes. Die Polizei sucht Zeugen.<\/p>\n<p>Nach aktuellen Erkenntnissen sollen sich der 40-j\u00e4hrige Gesch\u00e4digte und der sp\u00e4tere Tatverd\u00e4chtige gegen 06:00 Uhr vor einer Gastst\u00e4tte in der Allerheiligenstra\u00dfe aufgehalten habe. Dort sei es aus ungekl\u00e4rter Ursache zu einem Streit zwischen den beiden gekommen, bei dem sich der Unbekannte aggressiv vor dem Gesch\u00e4digten aufgebaut haben soll.<\/p>\n<p>Im weiteren Verlauf der Auseinandersetzung habe der Tatverd\u00e4chtige mehrfach an dem 40-J\u00e4hrigen gezerrt und so versucht, ihn von der Bar wegzuziehen. Durch das Zerren habe sich die Auseinandersetzung in die Stoltzestra\u00dfe verlagert. Dort habe der Unbekannte dem Gesch\u00e4digten mehrfach mit der Faust ins Gesicht geschlagen und ein Mobiltelefon und die Geldb\u00f6rse des 40-J\u00e4hrigen geraubt, indem er ihm die Oberbekleidung ausgezogen haben soll. Dem Gesch\u00e4digten gelang es daraufhin zu fl\u00fcchten.<br \/>\nDurch den Angriff wurde der 40-J\u00e4hrige im Gesicht verletzt und in ein umliegendes Krankenhaus verbracht.<\/p>\n<p>Der Tatverd\u00e4chtige kann wie folgt beschrieben werden:<\/p>\n<p>M\u00e4nnlich, circa 45-55 Jahre alt, schlanke Statur, trug einen Bart, war bekleidet mit einem wei\u00dfen T-Shirt mit schwarzen breiten Streifen auf den Schuhen, einer grauen\/hellen Jeans und wei\u00dfen Sneaker<\/p>\n<p>Die Polizei hat die Ermittlungen aufgenommen<\/p>\n<p>Zeugen, die sachdienliche Hinweise zum T\u00e4ter geben k\u00f6nnen, werden gebeten sich mit dem Fachkommissariat unter der 069 \/ 755 &#8211; 51299 oder jeder anderen Polizeidienststelle in Verbindung zu setzen.<\/p>\n<p class=\"contact-headline\">R\u00fcckfragen bitte an:<\/p>\n<p class=\"contact-text\">Polizeipr\u00e4sidium Frankfurt am Main<br \/>Pressestelle<br \/>Adickesallee 70<br \/>60322 Frankfurt am Main<br \/>Telefon: 069 \/ 755-82110 (CvD)<br \/>Fax: 069 \/ 755-82009<br \/>E-Mail: <a href=\"https:\/\/www.presseportal.de\/blaulicht\/pm\/4970\/mailto:pressestelle.ppffm@polizei.hessen.de\" class=\"uri-mailto\" rel=\"nofollow noopener\" target=\"_blank\">pressestelle.ppffm@polizei.hessen.de<\/a><br \/>Homepage Polizeipr\u00e4sidium Ffm.: <a target=\"_blank\" class=\"uri-ext outbound\" rel=\"noopener nofollow\" href=\"http:\/\/www.polizei.hessen.de\/ppffm\">http:\/\/www.polizei.hessen.de\/ppffm<\/a><\/p>\n<p class=\"originator\">Original-Content von: Polizeipr\u00e4sidium Frankfurt am Main, \u00fcbermittelt durch news aktuell<\/p>\n","protected":false},"excerpt":{"rendered":"06.09.2026 \u2013 11:05 Polizeipr\u00e4sidium Frankfurt am Main Frankfurt (ots) (bo) Gestern Morgen (5. September 2026) ereignete sich in&hellip;\n","protected":false},"author":2,"featured_media":1266941,"comment_status":"","ping_status":"","sticky":false,"template":"","format":"standard","meta":{"footnotes":"","_share_on_mastodon":"0"},"categories":[1829],"tags":[29,2050,2051,30,1087,2052,177,121,178,180,179,181],"class_list":["post-1284005","post","type-post","status-publish","format-standard","has-post-thumbnail","category-frankfurt-am-main","tag-deutschland","tag-frankfurt","tag-frankfurt-am-main","tag-germany","tag-he","tag-hessen","tag-kriminalitt","tag-polizei","tag-presse","tag-pressemeldung","tag-pressemitteilung","tag-pressemitteilungen"],"share_on_mastodon":{"url":"https:\/\/pubeurope.com\/@de\/117223422905027995","error":""},"_links":{"self":[{"href":"https:\/\/www.europesays.com\/de\/wp-json\/wp\/v2\/posts\/1284005","targetHints":{"allow":["GET"]}}],"collection":[{"href":"https:\/\/www.europesays.com\/de\/wp-json\/wp\/v2\/posts"}],"about":[{"href":"https:\/\/www.europesays.com\/de\/wp-json\/wp\/v2\/types\/post"}],"author":[{"embeddable":true,"href":"https:\/\/www.europesays.com\/de\/wp-json\/wp\/v2\/users\/2"}],"replies":[{"embeddable":true,"href":"https:\/\/www.europesays.com\/de\/wp-json\/wp\/v2\/comments?post=1284005"}],"version-history":[{"count":0,"href":"https:\/\/www.europesays.com\/de\/wp-json\/wp\/v2\/posts\/1284005\/revisions"}],"wp:featuredmedia":[{"embeddable":true,"href":"https:\/\/www.europesays.com\/de\/wp-json\/wp\/v2\/media\/1266941"}],"wp:attachment":[{"href":"https:\/\/www.europesays.com\/de\/wp-json\/wp\/v2\/media?parent=1284005"}],"wp:term":[{"taxonomy":"category","embeddable":true,"href":"https:\/\/www.europesays.com\/de\/wp-json\/wp\/v2\/categories?post=1284005"},{"taxonomy":"post_tag","embeddable":true,"href":"https:\/\/www.europesays.com\/de\/wp-json\/wp\/v2\/tags?post=1284005"}],"curies":[{"name":"wp","href":"https:\/\/api.w.org\/{rel}","templated":true}]}}