{"id":1284012,"date":"2026-09-06T09:40:13","date_gmt":"2026-09-06T09:40:13","guid":{"rendered":"https:\/\/www.europesays.com\/de\/1284012\/"},"modified":"2026-09-06T09:40:13","modified_gmt":"2026-09-06T09:40:13","slug":"polizeieinsatz-in-muenchen-69-jaehriger-bedroht-frau-und-kind-sek-greift-ein","status":"publish","type":"post","link":"https:\/\/www.europesays.com\/de\/1284012\/","title":{"rendered":"Polizeieinsatz in M\u00fcnchen: 69-J\u00e4hriger bedroht Frau und Kind, SEK greift ein"},"content":{"rendered":"<p class=\"mb-6 text-xs-varying md:text-m lg:text-l font-serif group-[.font-sans]:font-sans \">\n    Die Polizei <a href=\"https:\/\/www.augsburger-allgemeine.de\/orte\/aa-muenchen\" target=\"_self\" class=\"underline \" rel=\"nofollow noopener\">M\u00fcnchen<\/a> ist am Freitagabend zu einem Gro\u00dfeinsatz ausger\u00fcckt. Ein 69-J\u00e4hriger drohte einer Frau und einem Kind mit dem Tod. Auch das Spezialeinsatzkommando (SEK) war vor Ort.\n  <\/p>\n<p class=\"mb-6 text-xs-varying md:text-m lg:text-l font-serif group-[.font-sans]:font-sans \">\n    Der Mann war nach Angaben der Polizei zu Besuch bei einer 44-J\u00e4hrigen, die in dem Mehrfamilienhaus im M\u00fcnchner Ortsteil \u201eAm Hart\u201c wohnt. Es kam nach derzeitigem Stand der Ermittlungen gegen 20 Uhr zu einem Streit zwischen den beiden. Dabei drohte der 69-J\u00e4hrige der Frau an ihrer Wohnungst\u00fcr mit dem Tod. Daf\u00fcr wolle er ein Messer verwenden. Die 44-J\u00e4hrige verst\u00e4ndigte daraufhin die Polizei.\n  <\/p>\n<p>            69-J\u00e4hriger bedroht Frau Am Hart<\/p>\n<p class=\"mb-6 text-xs-varying md:text-m lg:text-l font-serif group-[.font-sans]:font-sans \">\n    Kur vor dem Eintreffen der Beamten begab sich der Mann auf den Balkon und drohte einem elfj\u00e4hrigen Nachbarskind, es zu erschie\u00dfen. Zudem warf er mit Gegenst\u00e4nden vom Balkon, traf das Kind und verletzte es leicht. Aufgrund der unklaren Gefahrenlage eilten mehrere Streifen zum Einsatz, darunter das SEK.\n  <\/p>\n<p>      <a href=\"https:\/\/www.augsburger-allgemeine.de\/bayern\/brandanschlag-in-muenchen-ermittler-untersuchen-verbindungen-nach-russland-05-09-2026-115170511\" class=\"hidden  &#010;                md:block md:mr-5 md:min-w-[140px]  aspect-photo md:aspect-tv lg:aspect-tv w-fullXXX relative self-start inline overflow-hidden\" rel=\"nofollow noopener\" target=\"_blank\"><\/p>\n<p>    <img decoding=\"async\" src=\"\" alt=\"In M\u00fcnchen waren Brands\u00e4tze geflogen.\" title=\"In M\u00fcnchen waren Brands\u00e4tze geflogen.\" loading=\"lazy\" class=\"h-full w-full object-cover\"\/><br \/>\n   <\/a><\/p>\n<p class=\"mb-6 text-xs-varying md:text-m lg:text-l font-serif group-[.font-sans]:font-sans \">\n    Die Beamten konnten den Mann schlie\u00dflich dazu bewegen, die Wohnung der Frau zu verlassen. Er lie\u00df sich widerstandslos festnehmen. Nach den polizeilichen Ma\u00dfnahmen auf einer nahegelegenen Polizeidienststelle wurde der 69-J\u00e4hrige wieder entlassen, da sich keine Hinweise auf eine weitere Gefahr ergaben. Er erhielt eine Anzeige, unter anderem wegen gef\u00e4hrlicher K\u00f6rperverletzung und Bedrohung. Die weiteren Ermittlungen werden vom Kommissariat 25 der M\u00fcnchner Kriminalpolizei gef\u00fchrt.\n  <\/p>\n","protected":false},"excerpt":{"rendered":"Die Polizei M\u00fcnchen ist am Freitagabend zu einem Gro\u00dfeinsatz ausger\u00fcckt. Ein 69-J\u00e4hriger drohte einer Frau und einem Kind&hellip;\n","protected":false},"author":2,"featured_media":1284013,"comment_status":"","ping_status":"","sticky":false,"template":"","format":"standard","meta":{"footnotes":"","_share_on_mastodon":"0"},"categories":[1827],"tags":[772,29,30,3786,682,1268,77754,121],"class_list":["post-1284012","post","type-post","status-publish","format-standard","has-post-thumbnail","category-muenchen","tag-bayern","tag-deutschland","tag-germany","tag-grosseinsatz","tag-koerperverletzung","tag-muenchen","tag-muenchner-kriminalpolizei","tag-polizei"],"share_on_mastodon":{"url":"https:\/\/pubeurope.com\/@de\/117223439051300612","error":""},"_links":{"self":[{"href":"https:\/\/www.europesays.com\/de\/wp-json\/wp\/v2\/posts\/1284012","targetHints":{"allow":["GET"]}}],"collection":[{"href":"https:\/\/www.europesays.com\/de\/wp-json\/wp\/v2\/posts"}],"about":[{"href":"https:\/\/www.europesays.com\/de\/wp-json\/wp\/v2\/types\/post"}],"author":[{"embeddable":true,"href":"https:\/\/www.europesays.com\/de\/wp-json\/wp\/v2\/users\/2"}],"replies":[{"embeddable":true,"href":"https:\/\/www.europesays.com\/de\/wp-json\/wp\/v2\/comments?post=1284012"}],"version-history":[{"count":0,"href":"https:\/\/www.europesays.com\/de\/wp-json\/wp\/v2\/posts\/1284012\/revisions"}],"wp:featuredmedia":[{"embeddable":true,"href":"https:\/\/www.europesays.com\/de\/wp-json\/wp\/v2\/media\/1284013"}],"wp:attachment":[{"href":"https:\/\/www.europesays.com\/de\/wp-json\/wp\/v2\/media?parent=1284012"}],"wp:term":[{"taxonomy":"category","embeddable":true,"href":"https:\/\/www.europesays.com\/de\/wp-json\/wp\/v2\/categories?post=1284012"},{"taxonomy":"post_tag","embeddable":true,"href":"https:\/\/www.europesays.com\/de\/wp-json\/wp\/v2\/tags?post=1284012"}],"curies":[{"name":"wp","href":"https:\/\/api.w.org\/{rel}","templated":true}]}}