{"id":1284048,"date":"2026-09-06T10:00:30","date_gmt":"2026-09-06T10:00:30","guid":{"rendered":"https:\/\/www.europesays.com\/de\/1284048\/"},"modified":"2026-09-06T10:00:30","modified_gmt":"2026-09-06T10:00:30","slug":"bio-grosshaendler-naturkost-erfurt-meldet-insolvenz","status":"publish","type":"post","link":"https:\/\/www.europesays.com\/de\/1284048\/","title":{"rendered":"Bio-Gro\u00dfh\u00e4ndler Naturkost Erfurt meldet Insolvenz"},"content":{"rendered":"<p>Beliefert mehrere Bundesl\u00e4nder <\/p>\n<p>Bio-Gro\u00dfh\u00e4ndler meldet Insolvenz an<\/p>\n<p>06.09.2026 &#8211; 10:18 UhrLesedauer: 2 Min.<\/p>\n<p><a href=\"#focus-0\" class=\"transition-colors block text-current relative\" data-sctrack=\"FocusGalleryImage.Reference\"><img fetchpriority=\"high\" data-testid=\"Opener.Image\"   loading=\"eager\" src=\"https:\/\/www.europesays.com\/de\/wp-content\/uploads\/2026\/09\/aepfel-aus-oekologischem-anbau-im-kuehlhaus-der-naturkost-erfurt-gmbh.jpg\" alt=\"\u00c4pfel\" title=\"\u00c4pfel\" width=\"640\" height=\"360\" class=\"bg-[url:var(--lqipURL)] bg-cover bg-center flex h-full w-full max-w-full\" style=\"--lqipURL:url('https:\/\/images.t-online.de\/2021\/05\/84570946v2\/0x0:640x360\/fit-in\/150x0\/filters:blur(25)\/aepfel-aus-oekologischem-anbau-im-kuehlhaus-der-naturkost-erfurt-gmbh.jpg')\" decoding=\"async\"\/><img loading=\"lazy\" src=\"https:\/\/www.t-online.de\/s\/paper\/_next\/static\/media\/zoom-in.f7dae02f.svg\" alt=\"Vergr\u00f6\u00dfern des Bildes\" title=\"Vergr\u00f6\u00dfern des Bildes\" class=\"block h-[calc(var(--height)_\/_16_*_1rem)] w-[calc(var(--width)_\/_16_*_1rem)] max-w-none absolute right-8 bottom-8 rounded-4 bg-snow p-8\" style=\"--width:32;--height:32\" decoding=\"async\"\/><\/a><\/p>\n<p>\u00c4pfel aus \u00f6kologischem Anbau im K\u00fchlhaus der Naturkost Erfurt GmbH. (Quelle: Hendrik Schmidt\/Archiv\/dpa)<\/p>\n<p><img loading=\"lazy\" src=\"https:\/\/www.t-online.de\/s\/paper\/_next\/static\/media\/audio-volume.6689034c.svg\" alt=\"\" title=\"\" class=\"block h-[calc(var(--height)_\/_16_*_1rem)] w-[calc(var(--width)_\/_16_*_1rem)] max-w-none group-hover:brightness-0 group-hover:invert\" style=\"--width:16;--height:16\" decoding=\"async\"\/>Vorlesen<\/p>\n<p>Aktuelle Zeit:0:00Gesamtdauer:0:00<\/p>\n<p>1x<img loading=\"lazy\" src=\"https:\/\/www.t-online.de\/s\/paper\/_next\/static\/media\/font-sizes.32942e33.svg\" alt=\"\" title=\"\" class=\"block h-[calc(var(--height)_\/_16_*_1rem)] w-[calc(var(--width)_\/_16_*_1rem)] max-w-none group-hover:hidden group-aria-expanded:hidden\" style=\"--width:16;--height:16\" decoding=\"async\"\/><img loading=\"lazy\" src=\"https:\/\/www.t-online.de\/s\/paper\/_next\/static\/media\/font-sizes-dark-mode.e382645c.svg\" alt=\"\" title=\"\" class=\"block h-[calc(var(--height)_\/_16_*_1rem)] w-[calc(var(--width)_\/_16_*_1rem)] max-w-none hidden group-hover:block group-aria-expanded:block\" style=\"--width:16;--height:16\" decoding=\"async\"\/><img loading=\"lazy\" src=\"https:\/\/www.t-online.de\/s\/paper\/_next\/static\/media\/sharing-menu-icon.1eb71368.svg\" alt=\"\" title=\"\" class=\"block h-[calc(var(--height)_\/_16_*_1rem)] w-[calc(var(--width)_\/_16_*_1rem)] max-w-none group-hover:brightness-0 group-hover:invert\" style=\"--width:16;--height:16\" decoding=\"async\"\/>Artikel teilen<\/p>\n<p class=\"font-bold text-18 leading-17 user-text-lg:text-22 user-text-xl:text-24\">Gestiegene Spritkosten und sinkende Nachfrage nach Bio-Produkten bringen Naturkost Erfurt in Schieflage. Der Betrieb l\u00e4uft weiter, die Suche nach einem Investor hat begonnen.<\/p>\n<p class=\"text-18 leading-17 user-text-lg:text-22 user-text-xl:text-24\">Der Bio-Gro\u00dfh\u00e4ndler Naturkost Erfurt hat beim Amtsgericht Erfurt <a href=\"https:\/\/www.t-online.de\/themen\/insolvenz\/\" class=\"transition-colors cursor-pointer no-underline md:hover:text-magenta md:focus:text-magenta border-b border-solid border-current text-salemsfur md:hover:border-magenta\" data-tracking=\"{&quot;action&quot;:&quot;click&quot;,&quot;category&quot;:&quot;intextLink&quot;,&quot;label&quot;:&quot;\/themen\/insolvenz\/&quot;}\" data-sctrack=\"BodyAnchor\" rel=\"nofollow noopener\" target=\"_blank\">Insolvenz<\/a> in Eigenverwaltung beantragt. Das Unternehmen beliefert seit 2003 Biol\u00e4den, Hofl\u00e4den und Gastronomiebetriebe in Th\u00fcringen, Sachsen, Sachsen-Anhalt und Nordbayern. Betroffen sind 65 Besch\u00e4ftigte an zwei Standorten, wie MDR Th\u00fcringen berichtet.<\/p>\n<p class=\"text-18 leading-17 user-text-lg:text-22 user-text-xl:text-24\">Zwei Faktoren haben das Unternehmen in die Bredouille gebracht: gestiegene Kraftstoffpreise und eine nachlassende Kaufbereitschaft bei Bio-Produkten. Weil Bio-Waren teurer sind als konventionelle Lebensmittel, reagieren Verbraucher bei steigenden Preisen in diesem Segment besonders zur\u00fcckhaltend.<\/p>\n<ul class=\"text-18 leading-17 block pl-24 *:pb-16 *:before:inline-block *:before:size-8 *:before:bg-magenta *:before:mt-0 *:before:mr-12 *:before:mb-2 *:before:-ml-[20px]\">\n<li><strong class=\"font-bold\">Zweites Mal in zwei Jahren:<\/strong> <a href=\"https:\/\/www.t-online.de\/finanzen\/aktuelles\/wirtschaft\/id_101421430\/simplon-insolvent-fahrradhersteller-aus-oesterreich-erneut-zahlungsunfaehig.html\" class=\"transition-colors cursor-pointer no-underline md:hover:text-magenta md:focus:text-magenta border-b border-solid border-current text-salemsfur md:hover:border-magenta\" data-tracking=\"{&quot;action&quot;:&quot;click&quot;,&quot;category&quot;:&quot;intextLink&quot;,&quot;label&quot;:&quot;\/finanzen\/aktuelles\/wirtschaft\/id_101421430\/simplon-insolvent-fahrradhersteller-aus-oesterreich-erneut-zahlungsunfaehig.html&quot;}\" data-sctrack=\"BodyAnchor\" rel=\"nofollow noopener\" target=\"_blank\">Bekannter Fahrradhersteller steckt erneut in der Insolvenz<\/a><\/li>\n<li><strong class=\"font-bold\">Krise im Autobau:<\/strong> <a href=\"https:\/\/www.t-online.de\/finanzen\/aktuelles\/wirtschaft\/id_101419226\/insolvenz-autozulieferer-tectro-smt-nach-fast-90-jahren-zahlungsunfaehig.html\" class=\"transition-colors cursor-pointer no-underline md:hover:text-magenta md:focus:text-magenta border-b border-solid border-current text-salemsfur md:hover:border-magenta\" data-tracking=\"{&quot;action&quot;:&quot;click&quot;,&quot;category&quot;:&quot;intextLink&quot;,&quot;label&quot;:&quot;\/finanzen\/aktuelles\/wirtschaft\/id_101419226\/insolvenz-autozulieferer-tectro-smt-nach-fast-90-jahren-zahlungsunfaehig.html&quot;}\" data-sctrack=\"BodyAnchor\" rel=\"nofollow noopener\" target=\"_blank\">Autozulieferer rutscht in Insolvenz<\/a><\/li>\n<\/ul>\n<p class=\"text-18 leading-17 user-text-lg:text-22 user-text-xl:text-24\">Bei einer Insolvenz in Eigenverwaltung bleibt die Gesch\u00e4ftsf\u00fchrung im Amt \u2013 anders als bei einer Regelinsolvenz, bei der ein externer Verwalter das Ruder \u00fcbernimmt. Gesch\u00e4ftsf\u00fchrer Thomas H\u00f6lscher leitet das Unternehmen damit weiterhin. Als vorl\u00e4ufiger Sachwalter, der die Gesch\u00e4ftsf\u00fchrung \u00fcberwacht, wurde Andr\u00e9 Rombach benannt; eine endg\u00fcltige Bestellung durch das Amtsgericht steht noch aus. Die Geh\u00e4lter der Belegschaft sind f\u00fcr drei Monate \u00fcber das Insolvenzgeld abgesichert. Ab Dezember soll die Lohnzahlung wieder aus dem laufenden Gesch\u00e4ft finanziert werden.<\/p>\n<p class=\"text-18 leading-17 user-text-lg:text-22 user-text-xl:text-24\">F\u00fcr Kunden und Lieferanten \u00e4ndert sich vorerst nichts: Das Unternehmen nimmt weiterhin Bestellungen an und liefert sein Sortiment aus \u2013 rund 12.000 Artikel, darunter 2.000 Frischprodukte. Die Sanierungsberater Schultze &amp; Braun und Exnet begleiten das Verfahren und suchen parallel nach einem Partnerunternehmen oder pr\u00fcfen eine Eingliederung in eine gr\u00f6\u00dfere Unternehmensgruppe. Christoph Roth\u00e4mel von Schultze &amp; Braun erkl\u00e4rte, das Gesch\u00e4ftsmodell sei grunds\u00e4tzlich tragf\u00e4hig und die Schwierigkeiten seien vor allem auf externe Faktoren zur\u00fcckzuf\u00fchren.<\/p>\n","protected":false},"excerpt":{"rendered":"Beliefert mehrere Bundesl\u00e4nder Bio-Gro\u00dfh\u00e4ndler meldet Insolvenz an 06.09.2026 &#8211; 10:18 UhrLesedauer: 2 Min. \u00c4pfel aus \u00f6kologischem Anbau im&hellip;\n","protected":false},"author":2,"featured_media":1284049,"comment_status":"","ping_status":"","sticky":false,"template":"","format":"standard","meta":{"footnotes":"","_share_on_mastodon":"0"},"categories":[134],"tags":[722,326,17161,1601,175,170,169,29,43768,7137,30,1551,669,47149,702,171,174,81,51880,860,21717,264821,861,173,172],"class_list":["post-1284048","post","type-post","status-publish","format-standard","has-post-thumbnail","category-unternehmen-maerkte","tag-722","tag-326","tag-17161","tag-amtsgericht","tag-business","tag-companies","tag-companies-markets","tag-deutschland","tag-eigenverwaltung","tag-erfurt","tag-germany","tag-insolvenz","tag-krise","tag-kuehlhaus","tag-lebensmittel","tag-markets","tag-maerkte","tag-mdr","tag-naturkost","tag-sachsen-anhalt","tag-schieflage","tag-spritkosten","tag-thueringen","tag-unternehmen","tag-unternehmen-maerkte"],"share_on_mastodon":{"url":"https:\/\/pubeurope.com\/@de\/117223518757613166","error":""},"_links":{"self":[{"href":"https:\/\/www.europesays.com\/de\/wp-json\/wp\/v2\/posts\/1284048","targetHints":{"allow":["GET"]}}],"collection":[{"href":"https:\/\/www.europesays.com\/de\/wp-json\/wp\/v2\/posts"}],"about":[{"href":"https:\/\/www.europesays.com\/de\/wp-json\/wp\/v2\/types\/post"}],"author":[{"embeddable":true,"href":"https:\/\/www.europesays.com\/de\/wp-json\/wp\/v2\/users\/2"}],"replies":[{"embeddable":true,"href":"https:\/\/www.europesays.com\/de\/wp-json\/wp\/v2\/comments?post=1284048"}],"version-history":[{"count":0,"href":"https:\/\/www.europesays.com\/de\/wp-json\/wp\/v2\/posts\/1284048\/revisions"}],"wp:featuredmedia":[{"embeddable":true,"href":"https:\/\/www.europesays.com\/de\/wp-json\/wp\/v2\/media\/1284049"}],"wp:attachment":[{"href":"https:\/\/www.europesays.com\/de\/wp-json\/wp\/v2\/media?parent=1284048"}],"wp:term":[{"taxonomy":"category","embeddable":true,"href":"https:\/\/www.europesays.com\/de\/wp-json\/wp\/v2\/categories?post=1284048"},{"taxonomy":"post_tag","embeddable":true,"href":"https:\/\/www.europesays.com\/de\/wp-json\/wp\/v2\/tags?post=1284048"}],"curies":[{"name":"wp","href":"https:\/\/api.w.org\/{rel}","templated":true}]}}