{"id":1284081,"date":"2026-09-06T10:18:16","date_gmt":"2026-09-06T10:18:16","guid":{"rendered":"https:\/\/www.europesays.com\/de\/1284081\/"},"modified":"2026-09-06T10:18:16","modified_gmt":"2026-09-06T10:18:16","slug":"grossbrand-mit-vermissten-personen-feuerwehr-uebt-bei-pp-in-werther-haller-kreisblatt","status":"publish","type":"post","link":"https:\/\/www.europesays.com\/de\/1284081\/","title":{"rendered":"Gro\u00dfbrand mit vermissten Personen: Feuerwehr \u00fcbt bei P&#038;P in Werther | Haller Kreisblatt"},"content":{"rendered":"<p id=\"absatz1\" class=\"x_MsoNormal\">Werther. Am Freitag, 4. September, wurde der L\u00f6schzug Werther kurz nach 19 Uhr gemeinsam mit der Drehleiter der Feuerwehr Halle (Westf.) unter dem Alarmstichwort \u201eFeuer 3 \u2013 Industriebrand mit Menschenrettung\u201c zur Firma P &amp; P an der Engerstra\u00dfe alarmiert.<\/p>\n<p id=\"absatz2\" class=\"x_MsoNormal\">Zum Gl\u00fcck handelte es sich dabei nicht im einen lebensgef\u00e4hrlichen Einsatz, sondern um eine Gro\u00df\u00fcbung. Die Rettungskr\u00e4fte erwartete folgendes Szenario: Beim Eintreffen der ersten Einsatzkr\u00e4fte war im Bereich einer Lagerhalle eine starke Rauchentwicklung festzustellen. Nach Angaben eines Mitarbeiters hatten dort vier Kollegen Schwei\u00dfarbeiten durchgef\u00fchrt, als es zu einem lauten Knall kam. Seitdem wurden die vier Mitarbeiter vermisst.<\/p>\n<p id=\"absatz4\" class=\"x_MsoNormal\">Die Wertheraner Kollegen reagierten umgehend auf den gestellten Sachverhalt und alarmierten die L\u00f6schabteilung Gro\u00dfdornberg der Feuerwehr Bielefeld nach. Insgesamt sechs Atemschutztrupps kamen zur Menschenrettung und Brandbek\u00e4mpfung in der Lagerhalle zum Einsatz. Parallel dazu wurde eine leistungsf\u00e4hige Wasserversorgung aufgebaut und eine Riegelstellung zum Schutz der angrenzenden Produktionsgeb\u00e4ude eingerichtet. Alle vier vermissten Mitarbeiter konnten im Verlauf der \u00dcbung gerettet werden.<\/p>\n<p>        <a href=\"https:\/\/www.haller-kreisblatt.de\/_em_daten\/_cache\/image\/1xMnpiZDlwSURWVWhaRUNQc3pFOHN3RldlZ29KdjIralVaejhmMC9WelVxb0FpOFhwbjRmdE9xRDF6RkttQXJ2YmprNFZPK3FnbE5PQitCU3pIZ29WZGgvT1J2bjFNS1BDSUwxOWgrR0xKSWc9\/260906-1011-928364614.jpg\" class=\"nw-article-image\" title=\"Da die Feuerwehr Werther keine eigene Drehleiter hat, ist die enge Zusammenarbeit mit dem L\u00f6schzug Halle wichtig.\" data-glightbox=\"type: image; description: Da die Feuerwehr Werther keine eigene Drehleiter hat, ist die enge Zusammenarbeit mit dem L\u00f6schzug Halle wichtig.  | \u00a9 Feuerwehr Werther \" rel=\"nofollow noopener\" target=\"_blank\"><br \/>\n            <img decoding=\"async\" src=\"https:\/\/www.europesays.com\/de\/wp-content\/uploads\/2026\/09\/260906-1011-928364614.jpg\" class=\"nw-img-fluid nw-w-full nw-lazy nw-rounded-t-md\" alt=\"Da die Feuerwehr Werther keine eigene Drehleiter hat, ist die enge Zusammenarbeit mit dem L\u00f6schzug Halle wichtig. - \u00a9 Feuerwehr Werther\" data-format=\"16:9\"\/><br \/>\n        <\/a><\/p>\n<p>                Da die Feuerwehr Werther keine eigene Drehleiter hat, ist die enge Zusammenarbeit mit dem L\u00f6schzug Halle wichtig.<br \/>\n                                    | \u00a9 Feuerwehr Werther<\/p>\n<p class=\"x_MsoNormal\">Im Anschluss an den Einsatz betonte Dirk Hollmann, Leiter der Feuerwehr: \u201eDa die Feuerwehr Werther \u00fcber keine eigene Drehleiter verf\u00fcgt, deren Einsatz indes bei zahlreichen Einsatzszenarien unverzichtbar ist, kommt dem engen Zusammenwirken mit dem L\u00f6schzug Halle eine besondere Bedeutung zu.\u201c Au\u00dferdem erg\u00e4nzt Hollmann: \u201eDie Zusammenarbeit mit den benachbarten L\u00f6schabteilungen der Freiwilligen Feuerwehr Bielefeld blickt bereits auf eine l\u00e4ngere Tradition zur\u00fcck, die es aufrecht zu erhalten gilt. So wird die Zusammenarbeit stetig verbessert und Zusammenhalt und Kameradschaft zwischen den Mitgliedern der benachbarten Feuerwehren best\u00e4rkt.\u201c<\/p>\n<p id=\"absatz7\" class=\"x_MsoNormal\">An der \u00dcbung waren insgesamt 58 Einsatzkr\u00e4fte mit elf Fahrzeugen beteiligt. Die \u00dcbung wurde federf\u00fchrend von Brandoberinspektor Frank Peperkorn des L\u00f6schzuges Werther ausgearbeitet. Dirk Hollmann betont auch noch einmal, dass ein besonderer Dank an die Firma Poppe &amp; Potthoff f\u00fcr das zur Verf\u00fcgung stellen des Firmengel\u00e4ndes geht. \u201eDenn ein funktionierender abwehrender Brandschutz lebt auch von der Ortskenntnis der Einsatzkr\u00e4fte\u201c, betont der Leiter der Feuerwehr abschlie\u00dfend.<\/p>\n<p id=\"absatz8\"><b class=\"bold\">\ud83d\udcf2 Aktuelle News bekommen Sie t\u00e4glich \u00fcber den <\/b><a aria-label=\"Link WhatsApp-Kanal des HK\" href=\"https:\/\/whatsapp.com\/channel\/0029VagU0FW1SWsxhmHz2v0q\" rel=\"noreferrer noopener nofollow\" target=\"_blank\" title=\"https:\/\/whatsapp.com\/channel\/0029vagu0fw1swsxhmhz2v0q\"><b class=\"bold\">WhatsApp-Kanal des HK<\/b><\/a><\/p>\n","protected":false},"excerpt":{"rendered":"Werther. Am Freitag, 4. September, wurde der L\u00f6schzug Werther kurz nach 19 Uhr gemeinsam mit der Drehleiter der&hellip;\n","protected":false},"author":2,"featured_media":1284082,"comment_status":"","ping_status":"","sticky":false,"template":"","format":"standard","meta":{"footnotes":"","_share_on_mastodon":"0"},"categories":[1841],"tags":[1605,3364,29,71886,2540,226801,514,985,30,19908,67968,57356,4062,264840,1606,24123,198343,19081,164252,229797,16384,1613,1209,168,11431,6715],"class_list":["post-1284081","post","type-post","status-publish","format-standard","has-post-thumbnail","category-bielefeld","tag-bielefeld","tag-de","tag-deutschland","tag-dirk-hollmann","tag-einsatzkraft","tag-engerstrasse","tag-fahrzeug","tag-feuerwehr","tag-germany","tag-grossbrand","tag-grossdornberg","tag-grossuebung","tag-halle","tag-industriebrand","tag-label_m-80","tag-loeschzug","tag-meta_artikelklasse_aboanker","tag-meta_copyrights_hk","tag-meta_eo_zusammenfassung","tag-meta_prio_1","tag-meta_themen_blaulicht_sicherheit","tag-meta_userneeds_informieremich","tag-nordrhein-westfalen","tag-poppe","tag-schweissarbeit","tag-werther"],"share_on_mastodon":{"url":"https:\/\/pubeurope.com\/@de\/117223590011236581","error":""},"_links":{"self":[{"href":"https:\/\/www.europesays.com\/de\/wp-json\/wp\/v2\/posts\/1284081","targetHints":{"allow":["GET"]}}],"collection":[{"href":"https:\/\/www.europesays.com\/de\/wp-json\/wp\/v2\/posts"}],"about":[{"href":"https:\/\/www.europesays.com\/de\/wp-json\/wp\/v2\/types\/post"}],"author":[{"embeddable":true,"href":"https:\/\/www.europesays.com\/de\/wp-json\/wp\/v2\/users\/2"}],"replies":[{"embeddable":true,"href":"https:\/\/www.europesays.com\/de\/wp-json\/wp\/v2\/comments?post=1284081"}],"version-history":[{"count":0,"href":"https:\/\/www.europesays.com\/de\/wp-json\/wp\/v2\/posts\/1284081\/revisions"}],"wp:featuredmedia":[{"embeddable":true,"href":"https:\/\/www.europesays.com\/de\/wp-json\/wp\/v2\/media\/1284082"}],"wp:attachment":[{"href":"https:\/\/www.europesays.com\/de\/wp-json\/wp\/v2\/media?parent=1284081"}],"wp:term":[{"taxonomy":"category","embeddable":true,"href":"https:\/\/www.europesays.com\/de\/wp-json\/wp\/v2\/categories?post=1284081"},{"taxonomy":"post_tag","embeddable":true,"href":"https:\/\/www.europesays.com\/de\/wp-json\/wp\/v2\/tags?post=1284081"}],"curies":[{"name":"wp","href":"https:\/\/api.w.org\/{rel}","templated":true}]}}