{"id":1284083,"date":"2026-09-06T10:19:17","date_gmt":"2026-09-06T10:19:17","guid":{"rendered":"https:\/\/www.europesays.com\/de\/1284083\/"},"modified":"2026-09-06T10:19:17","modified_gmt":"2026-09-06T10:19:17","slug":"rust-mross-zu-traenen-geruehrt-bei-immer-wieder-sonntags","status":"publish","type":"post","link":"https:\/\/www.europesays.com\/de\/1284083\/","title":{"rendered":"Rust | Mross zu Tr\u00e4nen ger\u00fchrt bei \u00abImmer wieder sonntags\u00bb"},"content":{"rendered":"<p>Rust (dpa) &#8211; Tr\u00e4nen zum Abschied: Sichtlich emotional hat Stefan Mross (51) die letzte Ausgabe des TV-Klassikers \u00abImmer wieder sonntags\u00bb im Ersten moderiert. Tr\u00e4nen flossen unter anderem nach einem St\u00e4ndchen von Schlagerduo Sigrid und Marina. \u00abIch wollte stark bleiben und nicht weinen, aber jetzt habt ihr`s geschafft\u00bb, sagte der 50-J\u00e4hrige anschlie\u00dfend. Aber auch bei einem folgenden R\u00fcckblick mit Szenen aus den vergangenen Staffeln des Formats war Mross ger\u00fchrt und tupfte sich mit dem Taschentuch die Augen ab.<\/p>\n<p>Eine kurze Live-Schalte gab es au\u00dferdem zu Andrea Kiewel vor Beginn des ZDF-Fernsehgartens. \u00abIm Prinzip \u00fcbergebe ich Dir heute das Zepter\u00bb, sagte Mross zu ihr. \u00abDu bist am Sonntagvormittag die Einzige, die noch unterhalten darf.\u00bb<\/p>\n<p>Mit Schlips, Kragen und Lederhose<\/p>\n<p>Mit Krawatte und Lederhosen hatte Mross zuvor zahlreiche Freunde und Wegbegleiter in der Show begr\u00fc\u00dft. Unter anderem trat Andy Borg auf, der in der Geschichte des Formats der h\u00e4ufigste musikalische Gast war. Auch Pop-S\u00e4ngerin Vanessa Mai war mit dabei. Sie hatte ihren ersten Fernsehauftritt \u00fcberhaupt bei \u00abImmer wieder sonntags\u00bb im Jahr 2013. Weitere Schlagergr\u00f6\u00dfen wie Semino Rossi und die US-amerikanische Schlagers\u00e4ngerin Peggy March standen ebenfalls auf der G\u00e4steliste.<\/p>\n<p>\u00abImmer wieder sonntags\u00bb ging 1995 erstmals auf Sendung, seit 2005 moderierte Mross das Format. Mit seiner Trompete und seiner N\u00e4he zum Publikum gab er der Sendung ihr heutiges Gesicht. Die Quoten waren bis zuletzt stark: Im vergangenen Jahr schalteten im Schnitt 1,26 Millionen Menschen ein, der Marktanteil lag bei rund 17 Prozent. ARD und SWR haben die Absetzung mit Sparma\u00dfnahmen und dem Wunsch nach neuen digitalen Formaten begr\u00fcndet.<\/p>\n","protected":false},"excerpt":{"rendered":"Rust (dpa) &#8211; Tr\u00e4nen zum Abschied: Sichtlich emotional hat Stefan Mross (51) die letzte Ausgabe des TV-Klassikers \u00abImmer&hellip;\n","protected":false},"author":2,"featured_media":1284084,"comment_status":"","ping_status":"","sticky":false,"template":"","format":"standard","meta":{"footnotes":"","_share_on_mastodon":"0"},"categories":[1841],"tags":[1634,1605,3364,29,441,30,2549,62,2147,1209],"class_list":["post-1284083","post","type-post","status-publish","format-standard","has-post-thumbnail","category-bielefeld","tag-baden-wuerttemberg","tag-bielefeld","tag-de","tag-deutschland","tag-fernsehen","tag-germany","tag-leute","tag-medien","tag-museen","tag-nordrhein-westfalen"],"share_on_mastodon":{"url":"https:\/\/pubeurope.com\/@de\/117223592205155017","error":""},"_links":{"self":[{"href":"https:\/\/www.europesays.com\/de\/wp-json\/wp\/v2\/posts\/1284083","targetHints":{"allow":["GET"]}}],"collection":[{"href":"https:\/\/www.europesays.com\/de\/wp-json\/wp\/v2\/posts"}],"about":[{"href":"https:\/\/www.europesays.com\/de\/wp-json\/wp\/v2\/types\/post"}],"author":[{"embeddable":true,"href":"https:\/\/www.europesays.com\/de\/wp-json\/wp\/v2\/users\/2"}],"replies":[{"embeddable":true,"href":"https:\/\/www.europesays.com\/de\/wp-json\/wp\/v2\/comments?post=1284083"}],"version-history":[{"count":0,"href":"https:\/\/www.europesays.com\/de\/wp-json\/wp\/v2\/posts\/1284083\/revisions"}],"wp:featuredmedia":[{"embeddable":true,"href":"https:\/\/www.europesays.com\/de\/wp-json\/wp\/v2\/media\/1284084"}],"wp:attachment":[{"href":"https:\/\/www.europesays.com\/de\/wp-json\/wp\/v2\/media?parent=1284083"}],"wp:term":[{"taxonomy":"category","embeddable":true,"href":"https:\/\/www.europesays.com\/de\/wp-json\/wp\/v2\/categories?post=1284083"},{"taxonomy":"post_tag","embeddable":true,"href":"https:\/\/www.europesays.com\/de\/wp-json\/wp\/v2\/tags?post=1284083"}],"curies":[{"name":"wp","href":"https:\/\/api.w.org\/{rel}","templated":true}]}}