{"id":1284121,"date":"2026-09-06T10:44:19","date_gmt":"2026-09-06T10:44:19","guid":{"rendered":"https:\/\/www.europesays.com\/de\/1284121\/"},"modified":"2026-09-06T10:44:19","modified_gmt":"2026-09-06T10:44:19","slug":"pol-h-alya-sophie-l-16-vermisst-polizei-bittet-um-mithilfe","status":"publish","type":"post","link":"https:\/\/www.europesays.com\/de\/1284121\/","title":{"rendered":"POL-H: Alya Sophie L. (16) vermisst &#8211; Polizei bittet um Mithilfe"},"content":{"rendered":"<p class=\"date\">06.09.2026 \u2013 12:05<\/p>\n<p class=\"customer\">\n                        <a class=\"story-customer\" title=\"weiter zum newsroom von Polizeidirektion Hannover\" href=\"https:\/\/www.presseportal.de\/blaulicht\/nr\/66841\" rel=\"nofollow noopener\" target=\"_blank\">Polizeidirektion Hannover<\/a>\n                    <\/p>\n<p><a class=\"glightbox-pseudo event-trigger\" href=\"https:\/\/cache.pressmailing.net\/thumbnail\/story_hires\/cbe2b794-5e1e-4409-82d3-0a6b0795b18f\/Bild02.jpeg.jpg\" data-description=\"Vermisste\" data-category=\"medialightbox\" data-action=\"click\" data-label=\"single\" data-value=\"6a9d3ad3270000fd2ccc62cf\" rel=\"nofollow noopener\" target=\"_blank\"><img decoding=\"async\" height=\"540\" with=\"720\" src=\"https:\/\/www.europesays.com\/de\/wp-content\/uploads\/2026\/09\/pol-h-alya-sophie-l-16-vermisst-polizei-bittet-um-mithilfe.jpeg\"   alt=\"POL-H: Alya Sophie L. (16) vermisst - Polizei bittet um Mithilfe\" class=\"single\"\/><\/a><\/p>\n<p><a data-category=\"citylink-story-view\" data-action=\"click\" data-label=\"Citylink in Meldungsansicht\" class=\"story-city event-trigger\" href=\"https:\/\/www.presseportal.de\/regional\/Hannover\" title=\"News aus Hannover \" rel=\"nofollow noopener\" target=\"_blank\">Hannover<\/a> (ots)<\/p>\n<p>Seit dem 04.09.2026 sucht das Polizeikommissariat Hannover-S\u00fcdstadt nach der 16 Jahre alten Alya Sophie L. Die Jugendliche wurde zuletzt gegen 20:00 Uhr in einem Krankenhaus im Bereich S\u00fcdstadt-Bult gesehen. Da Alya Sophie L. dringend auf Medikamente angewiesen ist und bislang nicht angetroffen werden konnte, bittet die Polizei die Bev\u00f6lkerung um Mithilfe und ver\u00f6ffentlicht ein Foto der 16-J\u00e4hrigen.<\/p>\n<p>Alya Sophie L. wurde am Freitagabend, 04.09.2026, durch Mitarbeitende eines Krankenhauses im Bereich S\u00fcdstadt-Bult als vermisst gemeldet. Das Verschwinden der Patientin wurde dort gegen 20:00 Uhr festgestellt. Seitdem ist ihr Aufenthaltsort unbekannt.<\/p>\n<p>Die Vermisste ist 1,60 bis 1,65 Meter gro\u00df, von schlanker Statur und hat lange dunkle Haare. Vermutlich ist sie mit einer dunklen Jacke bekleidet.<\/p>\n<p>Nach Eingang der Vermisstenmeldung leitete die Polizei umfangreiche Suchma\u00dfnahmen ein. Dabei waren zahlreiche Streifenwagenbesatzungen im Stadtgebiet in die Suche nach der Jugendlichen eingebunden. Da die Jugendliche dringend auf Medikamente angewiesen ist, wird eine Gef\u00e4hrdung angenommen.<\/p>\n<p>Da die polizeilichen Suchma\u00dfnahmen bislang nicht zu ihrem Antreffen f\u00fchrten, bittet die Polizei die Bev\u00f6lkerung um Mithilfe und ver\u00f6ffentlicht ein Foto der Vermissten.<\/p>\n<p>Wer die 16-J\u00e4hrige gesehen hat oder Hinweise zu ihrem Aufenthaltsort geben kann, wird gebeten, sich unter der Telefonnummer 0511 109-3217 beim Polizeikommissariat Hannover-S\u00fcdstadt zu melden. Bei einer akuten Sichtung wird darum gebeten, umgehend den Notruf 110 zu w\u00e4hlen. \/ms<\/p>\n<p class=\"contact-headline\">R\u00fcckfragen bitte an:<\/p>\n<p class=\"contact-text\">Polizeidirektion Hannover<br \/>E-Mail: <a href=\"https:\/\/www.presseportal.de\/blaulicht\/pm\/66841\/mailto:pressestelle@pd-h.polizei.niedersachsen.de\" class=\"uri-mailto\" rel=\"nofollow noopener\" target=\"_blank\">pressestelle@pd-h.polizei.niedersachsen.de<\/a><br \/><a target=\"_blank\" class=\"uri-ext outbound\" rel=\"noopener nofollow\" href=\"https:\/\/www.pd-h.polizei-nds.de\">https:\/\/www.pd-h.polizei-nds.de<\/a><\/p>\n<p class=\"originator\">Original-Content von: Polizeidirektion Hannover, \u00fcbermittelt durch news aktuell<\/p>\n","protected":false},"excerpt":{"rendered":"06.09.2026 \u2013 12:05 Polizeidirektion Hannover Hannover (ots) Seit dem 04.09.2026 sucht das Polizeikommissariat Hannover-S\u00fcdstadt nach der 16 Jahre&hellip;\n","protected":false},"author":2,"featured_media":1284122,"comment_status":"","ping_status":"","sticky":false,"template":"","format":"standard","meta":{"footnotes":"","_share_on_mastodon":"0"},"categories":[1836],"tags":[3364,29,30,46,177,5404,1411,121,178,180,179,181],"class_list":["post-1284121","post","type-post","status-publish","format-standard","has-post-thumbnail","category-hannover","tag-de","tag-deutschland","tag-germany","tag-hannover","tag-kriminalitt","tag-ni","tag-niedersachsen","tag-polizei","tag-presse","tag-pressemeldung","tag-pressemitteilung","tag-pressemitteilungen"],"share_on_mastodon":{"url":"https:\/\/pubeurope.com\/@de\/117223692315944876","error":""},"_links":{"self":[{"href":"https:\/\/www.europesays.com\/de\/wp-json\/wp\/v2\/posts\/1284121","targetHints":{"allow":["GET"]}}],"collection":[{"href":"https:\/\/www.europesays.com\/de\/wp-json\/wp\/v2\/posts"}],"about":[{"href":"https:\/\/www.europesays.com\/de\/wp-json\/wp\/v2\/types\/post"}],"author":[{"embeddable":true,"href":"https:\/\/www.europesays.com\/de\/wp-json\/wp\/v2\/users\/2"}],"replies":[{"embeddable":true,"href":"https:\/\/www.europesays.com\/de\/wp-json\/wp\/v2\/comments?post=1284121"}],"version-history":[{"count":0,"href":"https:\/\/www.europesays.com\/de\/wp-json\/wp\/v2\/posts\/1284121\/revisions"}],"wp:featuredmedia":[{"embeddable":true,"href":"https:\/\/www.europesays.com\/de\/wp-json\/wp\/v2\/media\/1284122"}],"wp:attachment":[{"href":"https:\/\/www.europesays.com\/de\/wp-json\/wp\/v2\/media?parent=1284121"}],"wp:term":[{"taxonomy":"category","embeddable":true,"href":"https:\/\/www.europesays.com\/de\/wp-json\/wp\/v2\/categories?post=1284121"},{"taxonomy":"post_tag","embeddable":true,"href":"https:\/\/www.europesays.com\/de\/wp-json\/wp\/v2\/tags?post=1284121"}],"curies":[{"name":"wp","href":"https:\/\/api.w.org\/{rel}","templated":true}]}}