{"id":1284137,"date":"2026-09-06T10:55:19","date_gmt":"2026-09-06T10:55:19","guid":{"rendered":"https:\/\/www.europesays.com\/de\/1284137\/"},"modified":"2026-09-06T10:55:19","modified_gmt":"2026-09-06T10:55:19","slug":"dortmund-airport-erreicht-sommerbestwerte-wir-in-dortmund","status":"publish","type":"post","link":"https:\/\/www.europesays.com\/de\/1284137\/","title":{"rendered":"Dortmund Airport erreicht Sommerbestwerte | Wir in Dortmund"},"content":{"rendered":"<p>Vom ersten Ferienwochenende bis zum letzten R\u00fcckkehrer hat der Dortmund Airport eine intensive Sommerferienzeit erlebt. Mit insgesamt 530.423 Reisenden konnte der Flughafen nicht nur das Ergebnis des Vorjahres \u00fcbertreffen, sondern erstmals die Marke von einer halben Million Passagieren \u00fcberschreiten und einen neuen Ferienrekord verzeichnen. Mehr als 36.000 zus\u00e4tzliche Flugg\u00e4ste im Vergleich zum Vorjahr sorgten f\u00fcr ein Plus von rund 7,3 Prozent.<\/p>\n<p>\u201e\u00dcber eine halbe Million Menschen haben sich in diesem Sommer f\u00fcr eine Reise \u00fcber den Dortmund Airport entschieden\u201c, sagt Flughafengesch\u00e4ftsf\u00fchrer Ludger van Bebber. \u201eDas ist nicht nur ein Rekordergebnis, sondern auch eine Best\u00e4tigung daf\u00fcr, dass zahlreiche Besucher unser Angebot und die gute Anbindung sch\u00e4tzen.\u201c Hinter dem hohen Reiseaufkommen steht zugleich eine besondere Leistung hinter den Kulissen: \u201eEin solcher Ferienverkehr ist nur m\u00f6glich, wenn viele Abl\u00e4ufe reibungslos ineinandergreifen. Unseren Mitarbeitenden und Partnern vor Ort gilt daher ein besonderer Dank. Sie haben auch in der verkehrsreichsten Zeit daf\u00fcr gesorgt, dass der Betrieb zuverl\u00e4ssig und stabil l\u00e4uft.\u201c An Spitzentagen z\u00e4hlte der Dortmunder Flughafen mehr als 13.000 Passagiere.<\/p>\n<p>Neue Verbindungen, darunter die t\u00e4glichen Fl\u00fcge nach London sowie die diesj\u00e4hrigen Streckenzuw\u00e4chse nach T\u00e2rgu Mure\u0219, Breslau, Ni\u0161 und Oradea belebten das Ferienprogramm. Trotz des erweiterten Streckennetzes setzten viele Passagiere auch in diesem Sommer auf etablierte Urlaubsziele. Besonders gefragt war erneut Kattowitz. Die polnische Stadt f\u00fchrt regelm\u00e4\u00dfig die Liste der beliebtesten Destinationen an und konnte ihre Spitzenposition in diesem Jahr noch weiter ausbauen. Mit fast 58.000 Reisenden flogen rund 15 Prozent mehr Menschen nach Kattowitz als im Vorjahreszeitraum. Auf den weiteren Pl\u00e4tzen der beliebtesten Verbindungen folgten Palma de Mallorca (42.407 Passagiere), Tirana (31.163 Passagiere) und Bukarest (31.110 Passagiere).<\/p>\n<p>Doch auch mit dem Ende der Sommerferien soll die Reiselust nicht abebben. Bereits am 8. September nimmt der Dortmund Airport mit Palermo eine neue Strecke in den Flugplan auf und bietet Flugg\u00e4sten die M\u00f6glichkeit, den Sommer im warmen Sizilien zu verl\u00e4ngern. Ab Oktober k\u00f6nnen Reisende zudem das italienische Festland erreichen und die Metropolst\u00e4dte Mailand und Rom ansteuern.<\/p>\n<p>\u00a0<\/p>\n","protected":false},"excerpt":{"rendered":"Vom ersten Ferienwochenende bis zum letzten R\u00fcckkehrer hat der Dortmund Airport eine intensive Sommerferienzeit erlebt. Mit insgesamt 530.423&hellip;\n","protected":false},"author":2,"featured_media":1284138,"comment_status":"","ping_status":"","sticky":false,"template":"","format":"standard","meta":{"footnotes":"","_share_on_mastodon":"0"},"categories":[1833],"tags":[3364,29,217,30,1209],"class_list":["post-1284137","post","type-post","status-publish","format-standard","has-post-thumbnail","category-dortmund","tag-de","tag-deutschland","tag-dortmund","tag-germany","tag-nordrhein-westfalen"],"share_on_mastodon":{"url":"https:\/\/pubeurope.com\/@de\/117223733880026593","error":""},"_links":{"self":[{"href":"https:\/\/www.europesays.com\/de\/wp-json\/wp\/v2\/posts\/1284137","targetHints":{"allow":["GET"]}}],"collection":[{"href":"https:\/\/www.europesays.com\/de\/wp-json\/wp\/v2\/posts"}],"about":[{"href":"https:\/\/www.europesays.com\/de\/wp-json\/wp\/v2\/types\/post"}],"author":[{"embeddable":true,"href":"https:\/\/www.europesays.com\/de\/wp-json\/wp\/v2\/users\/2"}],"replies":[{"embeddable":true,"href":"https:\/\/www.europesays.com\/de\/wp-json\/wp\/v2\/comments?post=1284137"}],"version-history":[{"count":0,"href":"https:\/\/www.europesays.com\/de\/wp-json\/wp\/v2\/posts\/1284137\/revisions"}],"wp:featuredmedia":[{"embeddable":true,"href":"https:\/\/www.europesays.com\/de\/wp-json\/wp\/v2\/media\/1284138"}],"wp:attachment":[{"href":"https:\/\/www.europesays.com\/de\/wp-json\/wp\/v2\/media?parent=1284137"}],"wp:term":[{"taxonomy":"category","embeddable":true,"href":"https:\/\/www.europesays.com\/de\/wp-json\/wp\/v2\/categories?post=1284137"},{"taxonomy":"post_tag","embeddable":true,"href":"https:\/\/www.europesays.com\/de\/wp-json\/wp\/v2\/tags?post=1284137"}],"curies":[{"name":"wp","href":"https:\/\/api.w.org\/{rel}","templated":true}]}}