{"id":1284139,"date":"2026-09-06T10:56:15","date_gmt":"2026-09-06T10:56:15","guid":{"rendered":"https:\/\/www.europesays.com\/de\/1284139\/"},"modified":"2026-09-06T10:56:15","modified_gmt":"2026-09-06T10:56:15","slug":"das-glueck-eines-eigentores-das-32-in-hoffenheim-beschert-borussia-dortmund-zeit-um-die-mannschaft-weiterzuentwickeln-sport","status":"publish","type":"post","link":"https:\/\/www.europesays.com\/de\/1284139\/","title":{"rendered":"Das Gl\u00fcck eines Eigentores: Das 3:2 in Hoffenheim beschert Borussia Dortmund Zeit, um die Mannschaft weiterzuentwickeln &#8211; Sport"},"content":{"rendered":"<p data-manual=\"paragraph\" data-schema-org-speakable=\"true\" class=\"css-1vw426e\">Nein, nach einem Hoffenheimer Heimspiel sahen die Bilder wirklich nicht aus, die kurz nach Abpfiff in der Sinsheimer Arena zu sehen waren. W\u00e4hrend die bitter entt\u00e4uschten Hoffenheimer Spieler sich grob gesch\u00e4tzte vier Minuten nach Abpfiff auf eine fast vollst\u00e4ndig geleerte Fankurve zubewegten, war der G\u00e4steblock noch prall gef\u00fcllt. Zusammen mit tausenden anderen BVB-Freunden feierten die Spieler einen \u00fcberaus gl\u00fccklichen 3:2-Sieg in einer Partie, die sich nicht nur f\u00fcr Sportgesch\u00e4ftsf\u00fchrer Lars Ricken \u201enicht wie ein Ausw\u00e4rtsspiel\u201c angef\u00fchlt hatte.<\/p>\n<p data-manual=\"paragraph\" data-schema-org-speakable=\"true\" class=\"css-1eosz7k\">Was er nicht sagte: Wie ein verdienter Ausw\u00e4rtssieg hatte sich dieses 3:2 noch viel weniger angef\u00fchlt. Hoffenheim war eine Stunde lang klar besser, vers\u00e4umte es aber, ein drittes Tor zu erzielen. Und auf die Uhr zu gucken: \u201eWir haben 60 Minuten ein super Spiel gemacht\u201c, sagte Hoffenheims Torsch\u00fctze Leon Avdullahu, \u201eaber ein Spiel dauert leider 90 Minuten.\u201c<\/p>\n<p><a href=\"https:\/\/www.sueddeutsche.de\/sport\/elversberg-moenchengladbach-wagner-karte-li.3542984\" aria-label=\"Artikelverlinkung:\" data-track-szde=\"{&quot;event&quot;:&quot;teaser_clicked&quot;,&quot;teaser_clicked&quot;:{&quot;article_title&quot;:&quot;sogar_in_socken_torgefaehrlich&quot;,&quot;doctype&quot;:&quot;&quot;,&quot;label&quot;:&quot;&quot;,&quot;main_topic&quot;:&quot;bundesliga&quot;,&quot;object_id&quot;:&quot;li.3542984&quot;,&quot;pcat&quot;:&quot;metered&quot;,&quot;section&quot;:&quot;sport&quot;,&quot;teaser_type&quot;:&quot;article_teaser_top&quot;}}\" data-manual=\"teaser-url\" aria-labelledby=\"teaser-httpswwwsueddeutschedesportelversberg-moenchengladbach-wagner-karte-li3542984\" class=\"css-14tg8sh\" rel=\"nofollow noopener\" target=\"_blank\"><img decoding=\"async\" src=\"https:\/\/www.europesays.com\/de\/wp-content\/uploads\/2026\/09\/f6d80623-9f73-4f32-a99f-0d379a995393.jpg\"   alt=\"\" loading=\"lazy\" class=\"css-8atqhb\"\/><\/p>\n<p>SV Elversberg<\/p>\n<p>:Sogar in Socken torgef\u00e4hrlich<\/p>\n<p class=\"css-a6ecqs\" data-manual=\"teaser-text\" data-schema-org-speakable=\"true\">Vorsprung, R\u00fcckstand, egal, immer nach vorne:\u00a0 Mit couragiertem Offensivfu\u00dfball beeindruckt die SV Elversberg die Bundesliga-Konkurrenz. Und wundert sich nicht mal dar\u00fcber.<\/p>\n<p data-manual=\"paragraph\" data-schema-org-speakable=\"true\" class=\"css-1eosz7k\">Auf Dortmunder Seite wurde derweil nachvollziehbarerweise und sehr wortreich die Geschichte erz\u00e4hlt, wie eine wacker k\u00e4mpfende Mannschaft einen 0:2-R\u00fcckstand drehte und am Ende doch noch in die Spur kam. Und das stimmte formal gesehen ja auch, weil Serhou Guirassy (61.) und Fabio Silva (66.) die v\u00f6llig verdiente Hoffenheimer F\u00fchrung durch Avdullahu (45.) und Tim Lemperle (54.) neutralisierten, ehe Hoffenheims Verteidiger Albian Hajdari eine Hereingabe von Ehan Nwaneri ins eigene Netz gr\u00e4tschte (87.).<\/p>\n<p data-manual=\"paragraph\" data-schema-org-speakable=\"true\" class=\"css-1eosz7k\">Intern, das bleibt f\u00fcr den BVB zu hoffen, d\u00fcrften die ersten 60 Minuten allerdings detaillierter aufgearbeitet werden, als das \u00f6ffentlich geschehen kann. So gab Trainer Niko Kovac unumwunden zu, dass auch er einen \u201egl\u00fccklichen Sieg\u201c gesehen hatte. \u201eDas muss man so sagen, wenn man durch ein Eigentor das Spiel gewinnt.\u201c<\/p>\n<p>In der Abwehrkette bleibt am Schluss nur noch Waldemar Anton \u00fcbrig<\/p>\n<p data-manual=\"paragraph\" data-schema-org-speakable=\"true\" class=\"css-1eosz7k\">Tats\u00e4chlich spielte der BVB eine Stunde lang so, wie man es auch in der vergangenen Saison schon einige Male beschreiben durfte. Tr\u00e4ge und gem\u00e4chlich verliefen die Passfolgen. Im Spiel nach vorne sah es oft so aus wie in jener Szene zu Beginn der zweiten Halbzeit, als Guirassy ein Ein-Mann-Pressing organisierte, derweil sich hinter ihm vier, f\u00fcnf weitere Borussen horizontal umorganisierten, anstatt dem vereinsamenden Kollegen zu helfen. Wenige Sekunden sp\u00e4ter hatten die flinken Hoffenheimer dann das Dortmunder Mittelfeld \u00fcberspielt und eine Chance durch Lemperle (49.).<\/p>\n<p data-manual=\"paragraph\" data-schema-org-speakable=\"true\" class=\"css-1eosz7k\">Wobei: Es gab nat\u00fcrlich Gr\u00fcnde f\u00fcr die seltsamen Unstimmigkeiten im Dortmunder Spiel. Die vielen Neuen, von denen einige erst sp\u00e4t verpflichtet wurden \u2013 wie Nwaneri, der nach seiner Einwechslung stark spielte. Oder das notorische Dortmunder Innenverteidiger-Dilemma, das sich am Samstag noch mal verschlimmerte. Als ob es nicht schon misslich genug w\u00e4re, dass dort Nico Schlotterbeck und Emre Can (der diese Position zumindest auch spielen kann) ausfallen, musste nach einer halben Stunde auch noch Filippo Mane mit einer Muskelverletzung vom Platz. Und der bei Paris Saint-Germain ausgebildete Joane Gadou, der auch unbedr\u00e4ngt bedenklich wacklig spielte, wurde nach einer Stunde per Auswechslung erl\u00f6st. Der letzte Mohikaner in der Abwehrzentrale, Waldemar Anton, bekam deshalb auch ein Sonderlob von Ricken: \u201eWaldi hat nicht nur das erste Tor vorbereitet, sondern in der Innenverteidigung mit Mane und Gadou angefangen und mit Svensson und Reggiani aufgeh\u00f6rt.\u201c<\/p>\n<p>Nach dem Doppelwechsel in der 62. Minute gibt es endlich auch beim BVB h\u00fcbsche Kombinationen zu sehen<\/p>\n<p data-manual=\"paragraph\" data-schema-org-speakable=\"true\" class=\"css-1eosz7k\">Aber ob all diese Widrigkeiten die Ideenlosigkeit im Vorw\u00e4rtsgang erkl\u00e4ren? Oder die teils schlimmen Passfehler, die nicht ausschlie\u00dflich mit der mangelnden Eingespieltheit begr\u00fcndet sein k\u00f6nnen? Ende Oktober d\u00fcrfte man mehr wissen. Bis dahin stehen f\u00fcr die Borussia nicht weniger als zehn Pflichtspiele auf dem Programm. Trotz L\u00e4nderspielpause.<\/p>\n<p data-manual=\"paragraph\" data-schema-org-speakable=\"true\" class=\"css-1eosz7k\">Aber immerhin: Der BVB kam nach dem Doppelwechsel in der 62. Minute erfolgreich ins Spiel zur\u00fcck und trug im letzten Drittel dieser Partie dazu bei, dass die Zuschauer ein unterhaltsames Spiel zu sehen bekamen, in dem es nun endlich auch auf Dortmunder Seite h\u00fcbsche Kombinationen zu sehen gab. An denen war meist Fabio Silva beteiligt, ein Spieler, der beim BVB eine bewegte Geschichte hinter sich hat. Sportdirektor Ole Book gab nach der Partie jedenfalls zu verstehen, dass man sich unter vier Augen schon dar\u00fcber unterhalten habe, ob eine weitere Zusammenarbeit denn noch so sinnvoll w\u00e4re. In der Form vom Samstag: unbedingt.<\/p>\n<p data-manual=\"paragraph\" data-schema-org-speakable=\"true\" class=\"css-1eosz7k\">Wenn Book dann noch betonte, dass \u201edie Wechsel deutliche Wirkung gezeigt haben\u201c, dachte er dabei aber auch an Joey Veerman. Der war in der Halbzeit f\u00fcr Felix Nmecha gekommen und verlieh dem Dortmunder Mittelfeld deutlich mehr Struktur. Der Niederl\u00e4nder war dann auch zufrieden \u2013 mit sich und dem neuen sozialen Umfeld. \u201eEntscheidend war, dass wir in der zweiten Halbzeit die B\u00e4lle nicht mehr so schnell hergegeben haben\u201c, fand Veerman, der schon in den ersten Tagen nach seinem Wechsel von Eindhoven nach Dortmund zum Schluss gekommen ist, dass er da bei einem \u201every big club\u201c gelandet sei. \u201eMein Haus war in vier Tagen bezugsfertig, und die Versicherungsgeschichten waren da auch schon alle erledigt.\u201c Mal sehen, wie lange die Entwicklung der Mannschaft dauert.<\/p>\n","protected":false},"excerpt":{"rendered":"Nein, nach einem Hoffenheimer Heimspiel sahen die Bilder wirklich nicht aus, die kurz nach Abpfiff in der Sinsheimer&hellip;\n","protected":false},"author":2,"featured_media":1284140,"comment_status":"","ping_status":"","sticky":false,"template":"","format":"standard","meta":{"footnotes":"","_share_on_mastodon":"0"},"categories":[1833],"tags":[888,299,3364,29,217,347,30,148,1209,265,149,968],"class_list":["post-1284139","post","type-post","status-publish","format-standard","has-post-thumbnail","category-dortmund","tag-borussia-dortmund","tag-bundesliga","tag-de","tag-deutschland","tag-dortmund","tag-fussball","tag-germany","tag-leserdiskussion","tag-nordrhein-westfalen","tag-sport","tag-sueddeutsche-zeitung","tag-tsg-1899-hoffenheim"],"share_on_mastodon":{"url":"https:\/\/pubeurope.com\/@de\/117223739295344458","error":""},"_links":{"self":[{"href":"https:\/\/www.europesays.com\/de\/wp-json\/wp\/v2\/posts\/1284139","targetHints":{"allow":["GET"]}}],"collection":[{"href":"https:\/\/www.europesays.com\/de\/wp-json\/wp\/v2\/posts"}],"about":[{"href":"https:\/\/www.europesays.com\/de\/wp-json\/wp\/v2\/types\/post"}],"author":[{"embeddable":true,"href":"https:\/\/www.europesays.com\/de\/wp-json\/wp\/v2\/users\/2"}],"replies":[{"embeddable":true,"href":"https:\/\/www.europesays.com\/de\/wp-json\/wp\/v2\/comments?post=1284139"}],"version-history":[{"count":0,"href":"https:\/\/www.europesays.com\/de\/wp-json\/wp\/v2\/posts\/1284139\/revisions"}],"wp:featuredmedia":[{"embeddable":true,"href":"https:\/\/www.europesays.com\/de\/wp-json\/wp\/v2\/media\/1284140"}],"wp:attachment":[{"href":"https:\/\/www.europesays.com\/de\/wp-json\/wp\/v2\/media?parent=1284139"}],"wp:term":[{"taxonomy":"category","embeddable":true,"href":"https:\/\/www.europesays.com\/de\/wp-json\/wp\/v2\/categories?post=1284139"},{"taxonomy":"post_tag","embeddable":true,"href":"https:\/\/www.europesays.com\/de\/wp-json\/wp\/v2\/tags?post=1284139"}],"curies":[{"name":"wp","href":"https:\/\/api.w.org\/{rel}","templated":true}]}}