{"id":1284160,"date":"2026-09-06T11:10:13","date_gmt":"2026-09-06T11:10:13","guid":{"rendered":"https:\/\/www.europesays.com\/de\/1284160\/"},"modified":"2026-09-06T11:10:13","modified_gmt":"2026-09-06T11:10:13","slug":"muenchen-mann-rastet-aus-und-wirft-stein-auf-elfjaehrigen-muenchen","status":"publish","type":"post","link":"https:\/\/www.europesays.com\/de\/1284160\/","title":{"rendered":"M\u00fcnchen: Mann rastet aus und wirft Stein auf Elfj\u00e4hrigen &#8211; M\u00fcnchen"},"content":{"rendered":"<p data-manual=\"paragraph\" data-schema-org-speakable=\"true\" class=\"css-1eosz7k\">Nach mehreren Bedrohungen und einer K\u00f6rperverletzung hat die Polizei am Freitagabend an der Max-von-Laue-Stra\u00dfe am Harthof einen 69-j\u00e4hrigen Mann festgenommen.<\/p>\n<p data-manual=\"paragraph\" data-schema-org-speakable=\"true\" class=\"css-1eosz7k\">Der Mann war bei einer Bekannten zu Besuch. Im Laufe des Abends klingelte er bei einer Nachbarin, mit der es wohl fr\u00fcher schon Streit gegeben hatte. Diesmal drohte er, er werde sie abstechen. Daraufhin verst\u00e4ndigte die Frau die Polizei. Der Mann ging wieder in die Wohnung seiner Bekannten, begab sich dort auf den Balkon und fing an, Gegenst\u00e4nde nach unten zu werfen. Au\u00dferdem fing er von dort aus Streit mit einem Elfj\u00e4hrigen auf der Stra\u00dfe an.<\/p>\n<p data-manual=\"paragraph\" data-schema-org-speakable=\"true\" class=\"css-1eosz7k\">Schlie\u00dflich nahm er einen Stein und warf ihn nach dem Kind, das am Kopf getroffen und leicht verletzt wurde. In der Zwischenzeit waren jedoch mehrere Polizeistreifen eingetroffen, unter anderem auch das Sondereinsatzkommando und die sogenannte Verhandlungsgruppe. Ihr gelang es, telefonischen Kontakt zu dem 69-J\u00e4hrigen herzustellen und ihn zur Aufgabe zu \u00fcberreden. Als er die Wohnung verlie\u00df, wurde er festgenommen, ohne Widerstand zu leisten.<\/p>\n<p data-manual=\"paragraph\" data-schema-org-speakable=\"true\" class=\"css-1eosz7k\">Der Mann ist wegen einiger sogenannter Roheitsdelikte polizeibekannt. Er wurde nun wegen gef\u00e4hrlicher K\u00f6rperverletzung und Bedrohung angezeigt und danach wieder entlassen.<\/p>\n","protected":false},"excerpt":{"rendered":"Nach mehreren Bedrohungen und einer K\u00f6rperverletzung hat die Polizei am Freitagabend an der Max-von-Laue-Stra\u00dfe am Harthof einen 69-j\u00e4hrigen&hellip;\n","protected":false},"author":2,"featured_media":1284161,"comment_status":"","ping_status":"","sticky":false,"template":"","format":"standard","meta":{"footnotes":"","_share_on_mastodon":"0"},"categories":[1827],"tags":[772,29,30,24340,1584,2812,1268,2813,3093,149],"class_list":["post-1284160","post","type-post","status-publish","format-standard","has-post-thumbnail","category-muenchen","tag-bayern","tag-deutschland","tag-germany","tag-gewalt-gegen-kinder","tag-kriminalitaet","tag-milbertshofen-am-hart","tag-muenchen","tag-muenchen-stadtteile","tag-polizei-und-feuerwehr-in-muenchen","tag-sueddeutsche-zeitung"],"share_on_mastodon":{"url":"https:\/\/pubeurope.com\/@de\/117223792843818934","error":""},"_links":{"self":[{"href":"https:\/\/www.europesays.com\/de\/wp-json\/wp\/v2\/posts\/1284160","targetHints":{"allow":["GET"]}}],"collection":[{"href":"https:\/\/www.europesays.com\/de\/wp-json\/wp\/v2\/posts"}],"about":[{"href":"https:\/\/www.europesays.com\/de\/wp-json\/wp\/v2\/types\/post"}],"author":[{"embeddable":true,"href":"https:\/\/www.europesays.com\/de\/wp-json\/wp\/v2\/users\/2"}],"replies":[{"embeddable":true,"href":"https:\/\/www.europesays.com\/de\/wp-json\/wp\/v2\/comments?post=1284160"}],"version-history":[{"count":0,"href":"https:\/\/www.europesays.com\/de\/wp-json\/wp\/v2\/posts\/1284160\/revisions"}],"wp:featuredmedia":[{"embeddable":true,"href":"https:\/\/www.europesays.com\/de\/wp-json\/wp\/v2\/media\/1284161"}],"wp:attachment":[{"href":"https:\/\/www.europesays.com\/de\/wp-json\/wp\/v2\/media?parent=1284160"}],"wp:term":[{"taxonomy":"category","embeddable":true,"href":"https:\/\/www.europesays.com\/de\/wp-json\/wp\/v2\/categories?post=1284160"},{"taxonomy":"post_tag","embeddable":true,"href":"https:\/\/www.europesays.com\/de\/wp-json\/wp\/v2\/tags?post=1284160"}],"curies":[{"name":"wp","href":"https:\/\/api.w.org\/{rel}","templated":true}]}}