{"id":1284177,"date":"2026-09-06T11:20:22","date_gmt":"2026-09-06T11:20:22","guid":{"rendered":"https:\/\/www.europesays.com\/de\/1284177\/"},"modified":"2026-09-06T11:20:22","modified_gmt":"2026-09-06T11:20:22","slug":"berliner-tiergarten-gedenkbaum-fuer-opfer-des-anschlags-auf-den-csd-aus-der-erde-gerissen","status":"publish","type":"post","link":"https:\/\/www.europesays.com\/de\/1284177\/","title":{"rendered":"Berliner Tiergarten: Gedenkbaum f\u00fcr Opfer des Anschlags auf den CSD aus der Erde gerissen"},"content":{"rendered":"<p class=\"tspBOmb tspBOmc\">Unbekannte haben den Gedenkbaum f\u00fcr die Opfer des islamistischen Anschlags auf den Berliner CSD aus der Erde gerissen. Das best\u00e4tigte ein Sprecher des polizeilichen Lagedienstes dem Tagesspiegel auf Nachfrage.<\/p>\n<p class=\"tspBOmb\">\u201eDer Baum wurde aus der Erde gedr\u00fcckt\u201c, sagte der Sprecher. Eine Polizeistreife habe den besch\u00e4digten Baum in der Nacht gegen 1.30 Uhr im Vorbeifahren bemerkt. Auch das Schutzgitter wurde laut Polizei aus der Erde gerissen.<\/p>\n<p class=\"tspBOmb\">Weitere im Umfeld liegende Gegenst\u00e4nde seien ebenfalls besch\u00e4digt und teilweise zerst\u00f6rt worden. Die Polizei hat Ermittlungen wegen gemeinschaftlicher Sachbesch\u00e4digung aufgenommen.<\/p>\n<blockquote class=\"tspCUp7\">\n<p>Wir pflanzen diesen Baum wieder. So oft, wie es n\u00f6tig ist.<\/p>\n<\/blockquote>\n<p class=\"tspCUp8\">Fraktionsvorsitzender der Gr\u00fcnen in Berlin, <strong>Werner Graf<\/strong><\/p>\n<p class=\"tspBOmb\">Der Fraktionsvorsitzende der Gr\u00fcnen in Berlin, Werner Graf, reagierte schockiert. \u201eIch bin voller Wut und Fassungslosigkeit, aber auch trotzig\u201c, sagte er. Die queere Community in Berlin werde den Kampf f\u00fcr Freiheit nicht aufgeben. An alle queeren Menschen in der Stadt gerichtet, sagte er: \u201eIhr seid nicht allein. Wir pflanzen diesen Baum wieder. So oft, wie es n\u00f6tig ist.\u201c<\/p>\n<p class=\"tspACgk\">Empfohlener redaktioneller Inhalt<\/p>\n<p> An dieser Stelle finden Sie einen von unseren Redakteuren ausgew\u00e4hlten, externen Inhalt, der den Artikel f\u00fcr Sie mit zus\u00e4tzlichen Informationen anreichert. Sie k\u00f6nnen sich hier den externen Inhalt mit einem Klick anzeigen lassen oder wieder ausblenden. <\/p>\n<p> Externen Inhalt anzeigen <\/p>\n<p class=\"tspACgq\"> Ich bin damit einverstanden, dass mir der externe Inhalt angezeigt wird. Damit k\u00f6nnen personenbezogene Daten an Drittplattformen \u00fcbermittelt werden.  Mehr Informationen dazu erhalten Sie in den Datenschutz-Einstellungen. Diese finden Sie ganz unten auf unserer Seite im Footer, sodass Sie Ihre Einstellungen jederzeit verwalten oder widerrufen k\u00f6nnen. <\/p>\n<p class=\"tspBOmb\">Auch Berlins Queerbeauftragter Alfonso Pantisano zeigte sich fassungslos. \u201eWas an diesem Gedenkort gerade passiert, ist nicht hinnehmbar. Es verletzt Menschen immer und immer wieder \u2013 und es muss jetzt Konsequenzen haben\u201c, schrieb er auf Instagram.<\/p>\n<p class=\"tspBOmb\">An die Berliner Innenverwaltung und die Polizei appellierte er: \u201eSch\u00fctzen Sie diesen Ort! Sorgen Sie daf\u00fcr, dass diese Taten konsequent aufgekl\u00e4rt und die Verantwortlichen ermittelt werden.\u201c<\/p>\n<p>Mehr zum Anschlag auf den CSD:<a href=\"https:\/\/www.tagesspiegel.de\/berlin\/ich-schaue-denen-nicht-in-die-augen-queers-in-berlin-ihre-feinde-und-die-bedrohte-freiheit-15897659.html?icid=topic-list_16021983___\" data-gtm-class=\"article-mzt-link\" data-hydrate-fingerprint=\"09740a54944caac75fd2c0c63fd5c5df\" data-hydrate-props=\"{&amp;escapedquot;element&amp;escapedquot;:{&amp;escapedquot;type&amp;escapedquot;:&amp;escapedquot;relatedContent&amp;escapedquot;,&amp;escapedquot;fieldMap&amp;escapedquot;:{},&amp;escapedquot;relation&amp;escapedquot;:{&amp;escapedquot;fields&amp;escapedquot;:{&amp;escapedquot;isPaid&amp;escapedquot;:true},&amp;escapedquot;href&amp;escapedquot;:&amp;escapedquot;\/berlin\/ich-schaue-denen-nicht-in-die-augen-queers-in-berlin-ihre-feinde-und-die-bedrohte-freiheit-15897659.html&amp;escapedquot;,&amp;escapedquot;teaserTitle&amp;escapedquot;:{&amp;escapedquot;kicker&amp;escapedquot;:&amp;escapedquot;\u201eIch schaue denen nicht in die Augen\u201c&amp;escapedquot;,&amp;escapedquot;headline&amp;escapedquot;:&amp;escapedquot;Queers in Berlin, ihre Feinde und die bedrohte Freiheit&amp;escapedquot;},&amp;escapedquot;id&amp;escapedquot;:&amp;escapedquot;15897659&amp;escapedquot;,&amp;escapedquot;type&amp;escapedquot;:&amp;escapedquot;story&amp;escapedquot;},&amp;escapedquot;isPartOfList&amp;escapedquot;:true,&amp;escapedquot;topicListType&amp;escapedquot;:&amp;escapedquot;topic-list&amp;escapedquot;},&amp;escapedquot;showArrow&amp;escapedquot;:true}\" data-hydrate-slots=\"{&#039;default&#039;:[]}\" class=\"tspDCr5 tspCWqd\" rel=\"nofollow noopener\" target=\"_blank\">\u201eIch schaue denen nicht in die Augen\u201c Queers in Berlin, ihre Feinde und die bedrohte Freiheit <\/a><a href=\"https:\/\/www.tagesspiegel.de\/berlin\/schule\/das-berliner-amterversagen-und-der-attentater-vom-csd-der-staat-hat-die-eltern-und-ballout-abgleiten-lassen-15919512.html?icid=topic-list_16021983___\" data-gtm-class=\"article-mzt-link\" data-hydrate-fingerprint=\"09740a54944caac75fd2c0c63fd5c5df\" data-hydrate-props=\"{&amp;escapedquot;element&amp;escapedquot;:{&amp;escapedquot;type&amp;escapedquot;:&amp;escapedquot;relatedContent&amp;escapedquot;,&amp;escapedquot;fieldMap&amp;escapedquot;:{},&amp;escapedquot;relation&amp;escapedquot;:{&amp;escapedquot;fields&amp;escapedquot;:{&amp;escapedquot;isPaid&amp;escapedquot;:true},&amp;escapedquot;href&amp;escapedquot;:&amp;escapedquot;\/berlin\/schule\/das-berliner-amterversagen-und-der-attentater-vom-csd-der-staat-hat-die-eltern-und-ballout-abgleiten-lassen-15919512.html&amp;escapedquot;,&amp;escapedquot;teaserTitle&amp;escapedquot;:{&amp;escapedquot;kicker&amp;escapedquot;:&amp;escapedquot;Experte \u00fcber \u00c4mterversagen und den CSD-Attent\u00e4ter&amp;escapedquot;,&amp;escapedquot;headline&amp;escapedquot;:&amp;escapedquot;\u201eDer Staat hat die Eltern und Ballout abgleiten lassen\u201c&amp;escapedquot;},&amp;escapedquot;id&amp;escapedquot;:&amp;escapedquot;15919512&amp;escapedquot;,&amp;escapedquot;type&amp;escapedquot;:&amp;escapedquot;story&amp;escapedquot;},&amp;escapedquot;isPartOfList&amp;escapedquot;:true,&amp;escapedquot;topicListType&amp;escapedquot;:&amp;escapedquot;topic-list&amp;escapedquot;},&amp;escapedquot;showArrow&amp;escapedquot;:true}\" data-hydrate-slots=\"{&#039;default&#039;:[]}\" class=\"tspDCr5 tspCWqd\" rel=\"nofollow noopener\" target=\"_blank\">Experte \u00fcber \u00c4mterversagen und den CSD-Attent\u00e4ter \u201eDer Staat hat die Eltern und Ballout abgleiten lassen\u201c <\/a><a href=\"https:\/\/www.tagesspiegel.de\/wissen\/die-opfer-geraten-leicht-aus-dem-blick-diese-seelsorgerin-half-den-menschen-nach-dem-csd-anschlag-durch-den-schock-15916038.html?icid=topic-list_16021983___\" data-gtm-class=\"article-mzt-link\" data-hydrate-fingerprint=\"09740a54944caac75fd2c0c63fd5c5df\" data-hydrate-props=\"{&amp;escapedquot;element&amp;escapedquot;:{&amp;escapedquot;type&amp;escapedquot;:&amp;escapedquot;relatedContent&amp;escapedquot;,&amp;escapedquot;fieldMap&amp;escapedquot;:{},&amp;escapedquot;relation&amp;escapedquot;:{&amp;escapedquot;fields&amp;escapedquot;:{&amp;escapedquot;isPaid&amp;escapedquot;:true},&amp;escapedquot;href&amp;escapedquot;:&amp;escapedquot;\/wissen\/die-opfer-geraten-leicht-aus-dem-blick-diese-seelsorgerin-half-den-menschen-nach-dem-csd-anschlag-durch-den-schock-15916038.html&amp;escapedquot;,&amp;escapedquot;teaserTitle&amp;escapedquot;:{&amp;escapedquot;kicker&amp;escapedquot;:&amp;escapedquot;\u201eDie Opfer geraten leicht aus dem Blick\u201c&amp;escapedquot;,&amp;escapedquot;headline&amp;escapedquot;:&amp;escapedquot;Diese Seelsorgerin half den Menschen nach dem CSD-Anschlag durch den Schock&amp;escapedquot;},&amp;escapedquot;id&amp;escapedquot;:&amp;escapedquot;15916038&amp;escapedquot;,&amp;escapedquot;type&amp;escapedquot;:&amp;escapedquot;story&amp;escapedquot;},&amp;escapedquot;isPartOfList&amp;escapedquot;:true,&amp;escapedquot;topicListType&amp;escapedquot;:&amp;escapedquot;topic-list&amp;escapedquot;},&amp;escapedquot;showArrow&amp;escapedquot;:true}\" data-hydrate-slots=\"{&#039;default&#039;:[]}\" class=\"tspDCr5 tspCWqd\" rel=\"nofollow noopener\" target=\"_blank\">\u201eDie Opfer geraten leicht aus dem Blick\u201c Diese Seelsorgerin half den Menschen nach dem CSD-Anschlag durch den Schock <\/a><\/p>\n<p class=\"tspBOmb\">Erst Anfang der Woche war die Regenbogenbank <a href=\"https:\/\/www.tagesspiegel.de\/berlin\/was-stimmt-mit-menschen-nicht-regenbogenbank-am-csd-gedenkort-im-berliner-tiergarten-zerstort-16003318.html?icid=in-text-link_16021983\" class=\"link link--internal\" data-gtm-class=\"article-text-link\" data-gtm-val=\"internal\" rel=\"nofollow noopener\" target=\"_blank\">schwer besch\u00e4digt worden,<\/a> die nach dem Anschlag aufgestellt worden war. Das Bezirksamt Mitte lie\u00df sie daraufhin vollst\u00e4ndig abbauen. Sie soll repariert werden.<\/p>\n<p class=\"tspBOmb\">Die Bank und der Baum waren knapp zwei Wochen nach dem islamistischen Terroranschlag als Gedenkort eingerichtet worden. An die Stelle des Baums, der nach dem Anschlag gef\u00e4llt werden musste, wurde ein neuer Ahorn gepflanzt. Daneben lie\u00df das Bezirksamt Mitte eine Bank in Regenbogenfarben aufstellen.<\/p>\n<p class=\"tspBOmb\">Bei dem Anschlag am 25. Juli t\u00f6tete ein islamistischer Attent\u00e4ter eine Frau und verletzte 31 Menschen. Der 21-J\u00e4hrige wurde einen Tag sp\u00e4ter von der Polizei erschossen.<\/p>\n","protected":false},"excerpt":{"rendered":"Unbekannte haben den Gedenkbaum f\u00fcr die Opfer des islamistischen Anschlags auf den Berliner CSD aus der Erde gerissen.&hellip;\n","protected":false},"author":2,"featured_media":1284178,"comment_status":"","ping_status":"","sticky":false,"template":"","format":"standard","meta":{"footnotes":"","_share_on_mastodon":"0"},"categories":[1825],"tags":[296,241986,29,30,2191],"class_list":["post-1284177","post","type-post","status-publish","format-standard","has-post-thumbnail","category-berlin","tag-berlin","tag-christopher-street-day-2026","tag-deutschland","tag-germany","tag-pflanzen"],"share_on_mastodon":{"url":"https:\/\/pubeurope.com\/@de\/117223831918513131","error":""},"_links":{"self":[{"href":"https:\/\/www.europesays.com\/de\/wp-json\/wp\/v2\/posts\/1284177","targetHints":{"allow":["GET"]}}],"collection":[{"href":"https:\/\/www.europesays.com\/de\/wp-json\/wp\/v2\/posts"}],"about":[{"href":"https:\/\/www.europesays.com\/de\/wp-json\/wp\/v2\/types\/post"}],"author":[{"embeddable":true,"href":"https:\/\/www.europesays.com\/de\/wp-json\/wp\/v2\/users\/2"}],"replies":[{"embeddable":true,"href":"https:\/\/www.europesays.com\/de\/wp-json\/wp\/v2\/comments?post=1284177"}],"version-history":[{"count":0,"href":"https:\/\/www.europesays.com\/de\/wp-json\/wp\/v2\/posts\/1284177\/revisions"}],"wp:featuredmedia":[{"embeddable":true,"href":"https:\/\/www.europesays.com\/de\/wp-json\/wp\/v2\/media\/1284178"}],"wp:attachment":[{"href":"https:\/\/www.europesays.com\/de\/wp-json\/wp\/v2\/media?parent=1284177"}],"wp:term":[{"taxonomy":"category","embeddable":true,"href":"https:\/\/www.europesays.com\/de\/wp-json\/wp\/v2\/categories?post=1284177"},{"taxonomy":"post_tag","embeddable":true,"href":"https:\/\/www.europesays.com\/de\/wp-json\/wp\/v2\/tags?post=1284177"}],"curies":[{"name":"wp","href":"https:\/\/api.w.org\/{rel}","templated":true}]}}