{"id":1284197,"date":"2026-09-06T11:32:21","date_gmt":"2026-09-06T11:32:21","guid":{"rendered":"https:\/\/www.europesays.com\/de\/1284197\/"},"modified":"2026-09-06T11:32:21","modified_gmt":"2026-09-06T11:32:21","slug":"altersvorsorgedepot-quirion-kontert-scalable-mit-guenstig-angebot","status":"publish","type":"post","link":"https:\/\/www.europesays.com\/de\/1284197\/","title":{"rendered":"Altersvorsorgedepot: Quirion kontert Scalable mit G\u00fcnstig-Angebot"},"content":{"rendered":"<p>Gesetzliche Vorgabe unterboten <\/p>\n<p>N\u00e4chster Anbieter nennt Kosten f\u00fcr neues Altersvorsorgedepot<\/p>\n<ul class=\"grid grid-flow-col gap-4\" aria-label=\"Autorenbilder\">\n<li class=\"leading-0\"><img data-tb-author-image=\"\"  loading=\"lazy\" src=\"https:\/\/www.europesays.com\/de\/wp-content\/uploads\/2026\/09\/1788694338_763_image.jpg\" alt=\"Christine Holthoff\" title=\"Christine Holthoff\" width=\"40\" height=\"40\" class=\"\" decoding=\"async\"\/><\/li>\n<\/ul>\n<p>06.09.2026 &#8211; 12:44 UhrLesedauer: 3 Min.<\/p>\n<p><a href=\"#focus-0\" class=\"transition-colors block text-current relative\" data-sctrack=\"FocusGalleryImage.Reference\"><img fetchpriority=\"high\" data-testid=\"Opener.Image\"   loading=\"eager\" src=\"https:\/\/www.europesays.com\/de\/wp-content\/uploads\/2026\/09\/eine-frau-sichtet-ein-dokument-das-altersvorsorgedepot-startet-erst-2027-doch-erste-anbieter-werben-.jpeg\" alt=\"Eine Frau sichtet ein Dokument: Das Altersvorsorgedepot startet erst 2027, doch erste Anbieter werben schon jetzt mit niedrigen Kosten.\" title=\"Eine Frau sichtet ein Dokument: Das Altersvorsorgedepot startet erst 2027, doch erste Anbieter werben schon jetzt mit niedrigen Kosten.\" width=\"1732\" height=\"974\" class=\"bg-[url:var(--lqipURL)] bg-cover bg-center flex h-full w-full max-w-full\" style=\"--lqipURL:url('https:\/\/images.t-online.de\/2026\/09\/BbrHS6qcc4DT\/0x303:1732x974\/fit-in\/150x0\/filters:blur(25)\/eine-frau-sichtet-ein-dokument-das-altersvorsorgedepot-startet-erst-2027-doch-erste-anbieter-werben-schon-jetzt-mit-niedrigen-kosten.jpg')\" decoding=\"async\"\/><img loading=\"lazy\" src=\"https:\/\/www.t-online.de\/s\/paper\/_next\/static\/media\/zoom-in.f7dae02f.svg\" alt=\"Vergr\u00f6\u00dfern des Bildes\" title=\"Vergr\u00f6\u00dfern des Bildes\" class=\"block h-[calc(var(--height)_\/_16_*_1rem)] w-[calc(var(--width)_\/_16_*_1rem)] max-w-none absolute right-8 bottom-8 rounded-4 bg-snow p-8\" style=\"--width:32;--height:32\" decoding=\"async\"\/><\/a><\/p>\n<p>Eine Frau sichtet ein Dokument: Das Altersvorsorgedepot startet erst 2027, doch erste Anbieter werben schon jetzt mit niedrigen Kosten. (Quelle: Miljan \u017divkovi\u0107\/getty-images-bilder)<\/p>\n<p><img loading=\"lazy\" src=\"https:\/\/www.t-online.de\/s\/paper\/_next\/static\/media\/audio-volume.6689034c.svg\" alt=\"\" title=\"\" class=\"block h-[calc(var(--height)_\/_16_*_1rem)] w-[calc(var(--width)_\/_16_*_1rem)] max-w-none group-hover:brightness-0 group-hover:invert\" style=\"--width:16;--height:16\" decoding=\"async\"\/>Vorlesen<\/p>\n<p>Aktuelle Zeit:0:00Gesamtdauer:0:00<\/p>\n<p>1x<img loading=\"lazy\" src=\"https:\/\/www.t-online.de\/s\/paper\/_next\/static\/media\/font-sizes.32942e33.svg\" alt=\"\" title=\"\" class=\"block h-[calc(var(--height)_\/_16_*_1rem)] w-[calc(var(--width)_\/_16_*_1rem)] max-w-none group-hover:hidden group-aria-expanded:hidden\" style=\"--width:16;--height:16\" decoding=\"async\"\/><img loading=\"lazy\" src=\"https:\/\/www.t-online.de\/s\/paper\/_next\/static\/media\/font-sizes-dark-mode.e382645c.svg\" alt=\"\" title=\"\" class=\"block h-[calc(var(--height)_\/_16_*_1rem)] w-[calc(var(--width)_\/_16_*_1rem)] max-w-none hidden group-hover:block group-aria-expanded:block\" style=\"--width:16;--height:16\" decoding=\"async\"\/><img loading=\"lazy\" src=\"https:\/\/www.t-online.de\/s\/paper\/_next\/static\/media\/sharing-menu-icon.1eb71368.svg\" alt=\"\" title=\"\" class=\"block h-[calc(var(--height)_\/_16_*_1rem)] w-[calc(var(--width)_\/_16_*_1rem)] max-w-none group-hover:brightness-0 group-hover:invert\" style=\"--width:16;--height:16\" decoding=\"async\"\/>Artikel teilen<\/p>\n<p class=\"font-bold text-18 leading-17 user-text-lg:text-22 user-text-xl:text-24\">Nach Scalable legt nun auch Quirion ein g\u00fcnstiges Angebot f\u00fcr das neue staatlich gef\u00f6rderte Altersvorsorgedepot vor. Verbrauchersch\u00fctzer raten dennoch zur Geduld.<\/p>\n<p class=\"text-18 leading-17 user-text-lg:text-22 user-text-xl:text-24\">Der Wettbewerb um das neue staatlich gef\u00f6rderte <a href=\"https:\/\/www.t-online.de\/finanzen\/ratgeber\/altersvorsorge\/id_100490364\/altersvorsorgedepot-fdp-plan-mit-neuer-bundesregierung-gefaehrdet-.html\" class=\"transition-colors cursor-pointer no-underline md:hover:text-magenta md:focus:text-magenta border-b border-solid border-current text-salemsfur md:hover:border-magenta\" data-tracking=\"{&quot;action&quot;:&quot;click&quot;,&quot;category&quot;:&quot;intextLink&quot;,&quot;label&quot;:&quot;\/finanzen\/ratgeber\/altersvorsorge\/id_100490364\/altersvorsorgedepot-fdp-plan-mit-neuer-bundesregierung-gefaehrdet-.html&quot;}\" data-sctrack=\"BodyAnchor\" rel=\"nofollow noopener\" target=\"_blank\">Altersvorsorgedepot<\/a> nimmt Fahrt auf. Nachdem <a href=\"https:\/\/www.t-online.de\/finanzen\/ratgeber\/altersvorsorge\/altersvorsorgedepot\/id_101399220\/altersvorsorgedepot-scalable-setzt-konkurrenz-mit-gratis-konto-unter-druck.html\" class=\"transition-colors cursor-pointer no-underline md:hover:text-magenta md:focus:text-magenta border-b border-solid border-current text-salemsfur md:hover:border-magenta\" data-tracking=\"{&quot;action&quot;:&quot;click&quot;,&quot;category&quot;:&quot;intextLink&quot;,&quot;label&quot;:&quot;\/finanzen\/ratgeber\/altersvorsorge\/altersvorsorgedepot\/id_101399220\/altersvorsorgedepot-scalable-setzt-konkurrenz-mit-gratis-konto-unter-druck.html&quot;}\" data-sctrack=\"BodyAnchor\" rel=\"nofollow noopener\" target=\"_blank\">der Neobroker Scalable bereits ein geb\u00fchrenfreies Standarddepot angek\u00fcndigt hatte<\/a>, zieht der digitale Verm\u00f6gensverwalter Quirion nach und nennt konkrete Details zu seinem Angebot.<\/p>\n<p class=\"text-18 leading-17 user-text-lg:text-22 user-text-xl:text-24\"><a href=\"https:\/\/www.t-online.de\/finanzen\/ratgeber\/altersvorsorge\/altersvorsorgedepot\/id_101185580\/riester-rentenreform-altersvorsorgedepot-zulagen-und-steuervorteile-.html\" class=\"transition-colors cursor-pointer no-underline md:hover:text-magenta md:focus:text-magenta border-b border-solid border-current text-salemsfur md:hover:border-magenta\" data-tracking=\"{&quot;action&quot;:&quot;click&quot;,&quot;category&quot;:&quot;intextLink&quot;,&quot;label&quot;:&quot;\/finanzen\/ratgeber\/altersvorsorge\/altersvorsorgedepot\/id_101185580\/riester-rentenreform-altersvorsorgedepot-zulagen-und-steuervorteile-.html&quot;}\" data-sctrack=\"BodyAnchor\" rel=\"nofollow noopener\" target=\"_blank\">Das Altersvorsorgedepot startet zum 1. Januar 2027 und soll die Riester-Rente abl\u00f6sen<\/a>. Sparer k\u00f6nnen dann staatlich gef\u00f6rdert in Fonds und <a href=\"https:\/\/www.t-online.de\/finanzen\/boerse\/etf\/\" class=\"transition-colors cursor-pointer no-underline md:hover:text-magenta md:focus:text-magenta border-b border-solid border-current text-salemsfur md:hover:border-magenta\" data-tracking=\"{&quot;action&quot;:&quot;click&quot;,&quot;category&quot;:&quot;intextLink&quot;,&quot;label&quot;:&quot;\/finanzen\/boerse\/etf\/&quot;}\" data-sctrack=\"BodyAnchor\" rel=\"nofollow noopener\" target=\"_blank\">ETFs<\/a> investieren. Ziel ist es, langfristig h\u00f6here Renditechancen zu erm\u00f6glichen als bei vielen bisherigen Riester-Produkten. Entscheidend daf\u00fcr sind vor allem die Kosten. Denn selbst kleine Geb\u00fchrenunterschiede k\u00f6nnen \u00fcber Jahrzehnte einen gro\u00dfen Teil der <a href=\"https:\/\/www.t-online.de\/finanzen\/ratgeber\/geldanlage\/geldtipps\/id_68654118\/rendite-einfach-erklaert-definition-formel-zum-berechnen.html\" class=\"transition-colors cursor-pointer no-underline md:hover:text-magenta md:focus:text-magenta border-b border-solid border-current text-salemsfur md:hover:border-magenta\" data-tracking=\"{&quot;action&quot;:&quot;click&quot;,&quot;category&quot;:&quot;intextLink&quot;,&quot;label&quot;:&quot;\/finanzen\/ratgeber\/geldanlage\/geldtipps\/id_68654118\/rendite-einfach-erklaert-definition-formel-zum-berechnen.html&quot;}\" data-sctrack=\"BodyAnchor\" rel=\"nofollow noopener\" target=\"_blank\">Rendite<\/a> aufzehren. <a href=\"https:\/\/www.t-online.de\/finanzen\/ratgeber\/geldanlage\/boerse\/etf\/id_87444974\/was-sind-etfs-bedeutung-erklaerung-und-wie-sie-anlegen.html\" class=\"transition-colors cursor-pointer no-underline md:hover:text-magenta md:focus:text-magenta border-b border-solid border-current text-salemsfur md:hover:border-magenta\" data-tracking=\"{&quot;action&quot;:&quot;click&quot;,&quot;category&quot;:&quot;intextLink&quot;,&quot;label&quot;:&quot;\/finanzen\/ratgeber\/geldanlage\/boerse\/etf\/id_87444974\/was-sind-etfs-bedeutung-erklaerung-und-wie-sie-anlegen.html&quot;}\" data-sctrack=\"BodyAnchor\" rel=\"nofollow noopener\" target=\"_blank\">Lesen Sie hier, was ETFs sind und wie Sie damit Geld anlegen.<\/a><\/p>\n<p>Quirion setzt auf Vanguard-ETFs<\/p>\n<p class=\"text-18 leading-17 user-text-lg:text-22 user-text-xl:text-24\">Die Digitaltochter der Quirin Privatbank plant, das gesetzlich vorgesehene Standarddepot gemeinsam mit dem US-Verm\u00f6gensverwalter Vanguard umzusetzen. Vorgesehen sind zwei breit gestreute ETFs: ein weltweiter Aktien-ETF und ein Anleihe-ETF. Konkret sollen der Vanguard FTSE Global All-Cap mit laufenden Fondskosten von 0,07 Prozent pro Jahr und der Vanguard Global Aggregate Bond EUR Hedged mit 0,08 Prozent pro Jahr zum Einsatz kommen. <a href=\"https:\/\/www.t-online.de\/finanzen\/ratgeber\/geldanlage\/boerse\/anleihen\/id_88498410\/anleihen-was-sind-anleihen-und-was-bringen-sie-mir-.html\" class=\"transition-colors cursor-pointer no-underline md:hover:text-magenta md:focus:text-magenta border-b border-solid border-current text-salemsfur md:hover:border-magenta\" data-tracking=\"{&quot;action&quot;:&quot;click&quot;,&quot;category&quot;:&quot;intextLink&quot;,&quot;label&quot;:&quot;\/finanzen\/ratgeber\/geldanlage\/boerse\/anleihen\/id_88498410\/anleihen-was-sind-anleihen-und-was-bringen-sie-mir-.html&quot;}\" data-sctrack=\"BodyAnchor\" rel=\"nofollow noopener\" target=\"_blank\">Lesen Sie hier, was Anleihen sind und was sie Ihnen bringen.<\/a><\/p>\n<p class=\"text-18 leading-17 user-text-lg:text-22 user-text-xl:text-24\">Eigene Abschlussgeb\u00fchren oder Provisionen will Quirion nicht verlangen. Auch das Angebot selbst soll nach Angaben des Unternehmens kostenfrei starten. Damit positioniert sich Quirion \u00e4hnlich offensiv wie Scalable, setzt aber zugleich auf eine fest definierte ETF-Kombination mit Vanguard.<\/p>\n<p class=\"text-18 leading-17 user-text-lg:text-22 user-text-xl:text-24\">Das Standarddepot ist als einfache Variante f\u00fcr Sparer gedacht, die ihr Altersvorsorgedepot nicht selbst zusammenstellen wollen. Gesetzlich vorgeschrieben ist dabei eine Kombination aus einem chancenorientierten und einem risiko\u00e4rmeren Fonds. Neben dem Standarddepot k\u00f6nnen Anbieter auch weitere Altersvorsorgedepots anbieten, etwa f\u00fcr Anleger, die st\u00e4rker selbst bestimmen m\u00f6chten, welche ETFs oder Fonds sie besparen.<\/p>\n<p>Scalable hatte Preiskampf er\u00f6ffnet<\/p>\n<p class=\"text-18 leading-17 user-text-lg:text-22 user-text-xl:text-24\">Scalable hatte zuvor angek\u00fcndigt, f\u00fcr die Standardversion des Altersvorsorgedepots keine Geb\u00fchren f\u00fcr Depotf\u00fchrung, Sparpl\u00e4ne sowie K\u00e4ufe und Verk\u00e4ufe zu verlangen. Kosten sollen dort lediglich innerhalb der eingesetzten ETFs entstehen. Diese laufenden Fondskosten sollen laut Scalable bei maximal 0,15 Prozent pro Jahr liegen; im ersten Jahr will der Anbieter sie auf 0,00 Prozent senken.<\/p>\n<p class=\"text-18 leading-17 user-text-lg:text-22 user-text-xl:text-24\">Der gesetzliche Kostendeckel f\u00fcr das Standarddepot liegt bei 1 Prozent j\u00e4hrlicher Effektivkosten. Verbrauchersch\u00fctzer hatten diese Grenze als zu hoch kritisiert. Die ersten Angebote zeigen nun, dass einzelne Anbieter deutlich darunter bleiben wollen.<\/p>\n<ul class=\"text-18 leading-17 block pl-24 *:pb-16 *:before:inline-block *:before:size-8 *:before:bg-magenta *:before:mt-0 *:before:mr-12 *:before:mb-2 *:before:-ml-[20px]\">\n<li><strong class=\"font-bold\">Neue Altersvorsorge:<\/strong> <a href=\"https:\/\/www.t-online.de\/finanzen\/ratgeber\/altersvorsorge\/altersvorsorgedepot\/id_101201674\/altersvorsorgedepot-so-gefaehrlich-sind-1-prozent-kosten-fuer-die-rente.html\" class=\"transition-colors cursor-pointer no-underline md:hover:text-magenta md:focus:text-magenta border-b border-solid border-current text-salemsfur md:hover:border-magenta\" data-tracking=\"{&quot;action&quot;:&quot;click&quot;,&quot;category&quot;:&quot;intextLink&quot;,&quot;label&quot;:&quot;\/finanzen\/ratgeber\/altersvorsorge\/altersvorsorgedepot\/id_101201674\/altersvorsorgedepot-so-gefaehrlich-sind-1-prozent-kosten-fuer-die-rente.html&quot;}\" data-sctrack=\"BodyAnchor\" rel=\"nofollow noopener\" target=\"_blank\">Wer hier nicht aufpasst, schm\u00e4lert seine Rente<\/a><\/li>\n<li><strong class=\"font-bold\">Altersvorsorgedepot:<\/strong> <a href=\"https:\/\/www.t-online.de\/finanzen\/ratgeber\/altersvorsorge\/altersvorsorgedepot\/id_101178892\/altersvorsorgedepot-2027-so-viel-mehr-rente-ist-moeglich.html\" class=\"transition-colors cursor-pointer no-underline md:hover:text-magenta md:focus:text-magenta border-b border-solid border-current text-salemsfur md:hover:border-magenta\" data-tracking=\"{&quot;action&quot;:&quot;click&quot;,&quot;category&quot;:&quot;intextLink&quot;,&quot;label&quot;:&quot;\/finanzen\/ratgeber\/altersvorsorge\/altersvorsorgedepot\/id_101178892\/altersvorsorgedepot-2027-so-viel-mehr-rente-ist-moeglich.html&quot;}\" data-sctrack=\"BodyAnchor\" rel=\"nofollow noopener\" target=\"_blank\">Wer sich \u00fcber mehr als 2.700 Euro Rente freuen kann<\/a><\/li>\n<\/ul>\n","protected":false},"excerpt":{"rendered":"Gesetzliche Vorgabe unterboten N\u00e4chster Anbieter nennt Kosten f\u00fcr neues Altersvorsorgedepot 06.09.2026 &#8211; 12:44 UhrLesedauer: 3 Min. Eine Frau&hellip;\n","protected":false},"author":2,"featured_media":1284198,"comment_status":"","ping_status":"","sticky":false,"template":"","format":"standard","meta":{"footnotes":"","_share_on_mastodon":"0"},"categories":[134],"tags":[1593,522,11554,6892,264861,175,170,169,29,186203,30,171,174,379,125331,264862,173,172,15336],"class_list":["post-1284197","post","type-post","status-publish","format-standard","has-post-thumbnail","category-unternehmen-maerkte","tag-1593","tag-522","tag-aktie","tag-altersvorsorge","tag-altersvorsorgedepot","tag-business","tag-companies","tag-companies-markets","tag-deutschland","tag-ftse","tag-germany","tag-markets","tag-maerkte","tag-rente","tag-riesterrente","tag-standarddepot","tag-unternehmen","tag-unternehmen-maerkte","tag-verbraucherschuetzer"],"share_on_mastodon":{"url":"https:\/\/pubeurope.com\/@de\/117223882413862189","error":""},"_links":{"self":[{"href":"https:\/\/www.europesays.com\/de\/wp-json\/wp\/v2\/posts\/1284197","targetHints":{"allow":["GET"]}}],"collection":[{"href":"https:\/\/www.europesays.com\/de\/wp-json\/wp\/v2\/posts"}],"about":[{"href":"https:\/\/www.europesays.com\/de\/wp-json\/wp\/v2\/types\/post"}],"author":[{"embeddable":true,"href":"https:\/\/www.europesays.com\/de\/wp-json\/wp\/v2\/users\/2"}],"replies":[{"embeddable":true,"href":"https:\/\/www.europesays.com\/de\/wp-json\/wp\/v2\/comments?post=1284197"}],"version-history":[{"count":0,"href":"https:\/\/www.europesays.com\/de\/wp-json\/wp\/v2\/posts\/1284197\/revisions"}],"wp:featuredmedia":[{"embeddable":true,"href":"https:\/\/www.europesays.com\/de\/wp-json\/wp\/v2\/media\/1284198"}],"wp:attachment":[{"href":"https:\/\/www.europesays.com\/de\/wp-json\/wp\/v2\/media?parent=1284197"}],"wp:term":[{"taxonomy":"category","embeddable":true,"href":"https:\/\/www.europesays.com\/de\/wp-json\/wp\/v2\/categories?post=1284197"},{"taxonomy":"post_tag","embeddable":true,"href":"https:\/\/www.europesays.com\/de\/wp-json\/wp\/v2\/tags?post=1284197"}],"curies":[{"name":"wp","href":"https:\/\/api.w.org\/{rel}","templated":true}]}}