{"id":1284212,"date":"2026-09-06T11:43:25","date_gmt":"2026-09-06T11:43:25","guid":{"rendered":"https:\/\/www.europesays.com\/de\/1284212\/"},"modified":"2026-09-06T11:43:25","modified_gmt":"2026-09-06T11:43:25","slug":"familienfest-im-moebelhof-adersheim-mit-nrw-ministerpraesident-hendrik-wuest","status":"publish","type":"post","link":"https:\/\/www.europesays.com\/de\/1284212\/","title":{"rendered":"Familienfest im M\u00f6belhof Adersheim mit NRW-Ministerpr\u00e4sident Hendrik W\u00fcst"},"content":{"rendered":"<p><strong>Anzeige<\/strong><\/p>\n<p><strong>Wolfenb\u00fctteler Unionsfamilie und M\u00f6belhof Adersheim laden am Freitag 11. September zu einem besonderen Nachmittag f\u00fcr die ganze Familie ein<\/strong><\/p>\n<p><strong>Wolfenb\u00fcttel.<\/strong> Politik, Familienprogramm, Unterhaltung und gute Gespr\u00e4che: Am <strong>11. September ab 16 Uhr<\/strong> laden die Wolfenb\u00fctteler Unionsfamilie und der <strong>M\u00f6belhof Adersheim<\/strong> gemeinsam zu einem gro\u00dfen Familienfest ein. Auf die Besucherinnen und Besucher wartet ein abwechslungsreicher Nachmittag f\u00fcr die ganze Familie \u2013 mit zahlreichen Attraktionen, besonderen Aktionen des M\u00f6belhofs und einem hochkar\u00e4tigen politischen Gast.<\/p>\n<p>F\u00fcr die passende Stimmung sorgt <strong>DJ Lutz Biethan<\/strong>, der musikalisch durch den Nachmittag begleitet. Die j\u00fcngsten G\u00e4ste d\u00fcrfen sich unter anderem auf eine <strong>H\u00fcpfburg, einen Eiswagen und weitere attraktive Angebote<\/strong> freuen. Auch der M\u00f6belhof Adersheim beteiligt sich mit besonderen Aktionen rund um das Familienfest.<\/p>\n<p>F\u00fcr das leibliche Wohl sorgt das Team des <strong>M\u00f6belhof-Bistros<\/strong> mit verschiedenen Speisen und Getr\u00e4nken. Damit steht einem entspannten und geselligen Familiennachmittag nichts im Wege.<\/p>\n<p><strong>Politik im direkten Gespr\u00e4ch<\/strong><\/p>\n<p>Ab <strong>17 Uhr<\/strong> begr\u00fc\u00dfen <strong>Dirk Tesch<\/strong>, Gesch\u00e4ftsf\u00fchrer des M\u00f6belhofs Adersheim, und <strong>Holger Bormann<\/strong>, Kreisvorsitzender der CDU Wolfenb\u00fcttel, die G\u00e4ste. Dabei werden auch Kerstin Glier, Tobias Thurau, Marco Kelb, Christian Schieder und Tobias Breske f\u00fcr die Posten der Hauptverwaltungsbeamten im Landkreis Wolfenb\u00fcttel vorgestellt.<\/p>\n<p>Im Mittelpunkt steht anschlie\u00dfend der pers\u00f6nliche Austausch mit den Besucherinnen und Besuchern. Gemeinsam soll \u00fcber aktuelle politische Themen und insbesondere \u00fcber die <strong>Familienpolitik<\/strong> gesprochen werden. Das Familienfest bietet damit die Gelegenheit, Politik nicht nur aus der Zeitung oder dem Fernsehen zu kennen, sondern direkt mit den Verantwortlichen ins Gespr\u00e4ch zu kommen.<\/p>\n<p><a href=\"https:\/\/cremlingen-online.de\/wp-content\/uploads\/2026\/09\/Wuest_TobiasKoch_1.jpg\" rel=\"nofollow noopener\" target=\"_blank\"><img fetchpriority=\"high\" decoding=\"async\" class=\"alignnone size-medium wp-image-123824\" src=\"https:\/\/www.europesays.com\/de\/wp-content\/uploads\/2026\/09\/Wuest_TobiasKoch_1-300x199.jpg\" alt=\"\" width=\"300\" height=\"199\"  \/><\/a><\/p>\n<p><strong>Ministerpr\u00e4sident Hendrik W\u00fcst zu Gast<\/strong><\/p>\n<p>Der besondere H\u00f6hepunkt des Nachmittags beginnt um <strong>18 Uhr<\/strong>. Dann begr\u00fc\u00dfen <strong>Christoph Plett<\/strong>, Landesvorsitzender des CDU-Landesverbandes Braunschweig, sowie Dirk Tesch und Holger Bormann den Ehrengast des Tages:<\/p>\n<p><strong>Hendrik W\u00fcst, Ministerpr\u00e4sident des Landes Nordrhein-Westfalen.<\/strong><\/p>\n<p>W\u00fcst wird den G\u00e4sten einen politischen Impuls geben und anschlie\u00dfend f\u00fcr kurze pers\u00f6nliche Gespr\u00e4che und gemeinsame Fotos zur Verf\u00fcgung stehen.<\/p>\n<p>\u201eWir m\u00f6chten einen Nachmittag schaffen, an dem Familien gemeinsam eine sch\u00f6ne Zeit verbringen k\u00f6nnen und gleichzeitig Raum f\u00fcr gute und offene Gespr\u00e4che \u00fcber die Themen entsteht, die die Menschen bewegen\u201c, so die Organisatoren.<\/p>\n<p>Auch hinter den Kulissen laufen die Vorbereitungen auf Hochtouren. <strong>Dirk Flemmig<\/strong>, Gesch\u00e4ftsf\u00fchrer von FleWo, unterst\u00fctzt gemeinsam mit seinem Team vor Ort den reibungslosen Ablauf der Veranstaltung. Mit dabei ist au\u00dferdem <strong>Katja Krella<\/strong>, Verwaltungsleiterin des M\u00f6belhofs Adersheim.<\/p>\n<p>Die Verantwortlichen freuen sich auf einen <strong>geselligen und informativen Nachmittag mit vielen Familien, guten Gespr\u00e4chen, Musik, Unterhaltung und hoffentlich bestem Wetter<\/strong>.<\/p>\n<p><strong>Alle Interessierten sind herzlich eingeladen, am 11. September ab 16 Uhr im M\u00f6belhof Adersheim dabei zu sein.<\/strong> Der Eintritt ist frei.<\/p>\n<p><strong>Bildunterschrift<\/strong><\/p>\n<p><strong>Freuen sich auf das Familienfest im M\u00f6belhof Adersheim:<\/strong> Dirk Flemmig, Gesch\u00e4ftsf\u00fchrer von FleWo, Katja Krella, Verwaltungsleiterin des M\u00f6belhofs Adersheim, \u00a0Dirk Tesch, Gesch\u00e4ftsf\u00fchrer des M\u00f6belhofs Adersheim, und Holger Bormann, Kreisvorsitzender der CDU Wolfenb\u00fcttel. Gemeinsam bereiten sie den Familiennachmittag mit zahlreichen Attraktionen und dem Ehrengast Hendrik W\u00fcst vor.<\/p>\n<p>Foto: M\u00f6belhof Adersheim<\/p>\n<p>Foto von Hendrik W\u00fcst: Tobias Koch<\/p>\n<p><a href=\"http:\/\/www.cdu-wolfenbuettel.de\" target=\"_blank\" rel=\"noopener nofollow\">www.cdu-wolfenbuettel.de<\/a><\/p>\n","protected":false},"excerpt":{"rendered":"Anzeige Wolfenb\u00fctteler Unionsfamilie und M\u00f6belhof Adersheim laden am Freitag 11. September zu einem besonderen Nachmittag f\u00fcr die ganze&hellip;\n","protected":false},"author":2,"featured_media":1284213,"comment_status":"","ping_status":"","sticky":false,"template":"","format":"standard","meta":{"footnotes":"","_share_on_mastodon":"0"},"categories":[1850],"tags":[6429,3364,29,548,663,3934,30,13,14,15,1411,12],"class_list":["post-1284212","post","type-post","status-publish","format-standard","has-post-thumbnail","category-braunschweig","tag-braunschweig","tag-de","tag-deutschland","tag-eu","tag-europa","tag-europe","tag-germany","tag-headlines","tag-nachrichten","tag-news","tag-niedersachsen","tag-schlagzeilen"],"share_on_mastodon":{"url":"https:\/\/pubeurope.com\/@de\/117223924388115854","error":""},"_links":{"self":[{"href":"https:\/\/www.europesays.com\/de\/wp-json\/wp\/v2\/posts\/1284212","targetHints":{"allow":["GET"]}}],"collection":[{"href":"https:\/\/www.europesays.com\/de\/wp-json\/wp\/v2\/posts"}],"about":[{"href":"https:\/\/www.europesays.com\/de\/wp-json\/wp\/v2\/types\/post"}],"author":[{"embeddable":true,"href":"https:\/\/www.europesays.com\/de\/wp-json\/wp\/v2\/users\/2"}],"replies":[{"embeddable":true,"href":"https:\/\/www.europesays.com\/de\/wp-json\/wp\/v2\/comments?post=1284212"}],"version-history":[{"count":0,"href":"https:\/\/www.europesays.com\/de\/wp-json\/wp\/v2\/posts\/1284212\/revisions"}],"wp:featuredmedia":[{"embeddable":true,"href":"https:\/\/www.europesays.com\/de\/wp-json\/wp\/v2\/media\/1284213"}],"wp:attachment":[{"href":"https:\/\/www.europesays.com\/de\/wp-json\/wp\/v2\/media?parent=1284212"}],"wp:term":[{"taxonomy":"category","embeddable":true,"href":"https:\/\/www.europesays.com\/de\/wp-json\/wp\/v2\/categories?post=1284212"},{"taxonomy":"post_tag","embeddable":true,"href":"https:\/\/www.europesays.com\/de\/wp-json\/wp\/v2\/tags?post=1284212"}],"curies":[{"name":"wp","href":"https:\/\/api.w.org\/{rel}","templated":true}]}}