{"id":1284265,"date":"2026-09-06T12:19:21","date_gmt":"2026-09-06T12:19:21","guid":{"rendered":"https:\/\/www.europesays.com\/de\/1284265\/"},"modified":"2026-09-06T12:19:21","modified_gmt":"2026-09-06T12:19:21","slug":"lintorfer-handwerkermarkt-wird-zur-festmeile","status":"publish","type":"post","link":"https:\/\/www.europesays.com\/de\/1284265\/","title":{"rendered":"Lintorfer Handwerkermarkt wird zur Festmeile \u00a0"},"content":{"rendered":"<p class=\"text_ohne_einzug richtext text-em-55 !leading-serif mx-6 desktop:mx-0\"> Es war das Gl\u00fcck der T\u00fcchtigen: Nachdem es am Freitagabend beim Aufbau der Zelte und St\u00e4nde zum Teil noch heftig geregnet hatte, konnten die Lintorfer und G\u00e4ste von au\u00dferhalb bei sch\u00f6nstem Wetter das traditionelle Dorffest mit historischem Handwerkermarkt feiern. \u201eEs ist erstaunlich, wie viele Leute hier zusammen gekommen sind und dennoch alles friedlich l\u00e4uft. Das Dorffest ist ein Markt der Zusammenkunft. Und wir k\u00f6nnen stolz sein, es auch in diesem Jahr wieder geschafft zu haben\u201c, res\u00fcmierte Andr\u00e9 Kremer, zweiter Vorsitzender der Werbegemeinschaft Lintorf (WGLi), der zusammen mit Vorstandskollege Roland Zimmer in diesem Jahr hauptverantwortlich die Organisation der Veranstaltung \u00fcbernommen hat.<\/p>\n","protected":false},"excerpt":{"rendered":"Es war das Gl\u00fcck der T\u00fcchtigen: Nachdem es am Freitagabend beim Aufbau der Zelte und St\u00e4nde zum Teil&hellip;\n","protected":false},"author":2,"featured_media":1284266,"comment_status":"","ping_status":"","sticky":false,"template":"","format":"standard","meta":{"footnotes":"","_share_on_mastodon":"0"},"categories":[1838],"tags":[96,3364,29,46360,3715,30,35233,264871,19113,59066,1209,7789,9593,264872,9589,3699,59069],"class_list":["post-1284265","post","type-post","status-publish","format-standard","has-post-thumbnail","category-duisburg","tag-buehne","tag-de","tag-deutschland","tag-dorffest","tag-duisburg","tag-germany","tag-kremer","tag-krummenweger","tag-lintorf","tag-lintorfer","tag-nordrhein-westfalen","tag-programm","tag-stand","tag-standbetreibern","tag-staende","tag-veranstaltung","tag-wgli"],"share_on_mastodon":{"url":"https:\/\/pubeurope.com\/@de\/117224064100067359","error":""},"_links":{"self":[{"href":"https:\/\/www.europesays.com\/de\/wp-json\/wp\/v2\/posts\/1284265","targetHints":{"allow":["GET"]}}],"collection":[{"href":"https:\/\/www.europesays.com\/de\/wp-json\/wp\/v2\/posts"}],"about":[{"href":"https:\/\/www.europesays.com\/de\/wp-json\/wp\/v2\/types\/post"}],"author":[{"embeddable":true,"href":"https:\/\/www.europesays.com\/de\/wp-json\/wp\/v2\/users\/2"}],"replies":[{"embeddable":true,"href":"https:\/\/www.europesays.com\/de\/wp-json\/wp\/v2\/comments?post=1284265"}],"version-history":[{"count":0,"href":"https:\/\/www.europesays.com\/de\/wp-json\/wp\/v2\/posts\/1284265\/revisions"}],"wp:featuredmedia":[{"embeddable":true,"href":"https:\/\/www.europesays.com\/de\/wp-json\/wp\/v2\/media\/1284266"}],"wp:attachment":[{"href":"https:\/\/www.europesays.com\/de\/wp-json\/wp\/v2\/media?parent=1284265"}],"wp:term":[{"taxonomy":"category","embeddable":true,"href":"https:\/\/www.europesays.com\/de\/wp-json\/wp\/v2\/categories?post=1284265"},{"taxonomy":"post_tag","embeddable":true,"href":"https:\/\/www.europesays.com\/de\/wp-json\/wp\/v2\/tags?post=1284265"}],"curies":[{"name":"wp","href":"https:\/\/api.w.org\/{rel}","templated":true}]}}