{"id":1284271,"date":"2026-09-06T12:24:15","date_gmt":"2026-09-06T12:24:15","guid":{"rendered":"https:\/\/www.europesays.com\/de\/1284271\/"},"modified":"2026-09-06T12:24:15","modified_gmt":"2026-09-06T12:24:15","slug":"pol-h-hannover-misburg-pedelec-fahrer-von-schwarzem-kombi-gestreift-und-verletzt","status":"publish","type":"post","link":"https:\/\/www.europesays.com\/de\/1284271\/","title":{"rendered":"POL-H: Hannover-Misburg: Pedelec-Fahrer von schwarzem Kombi gestreift und verletzt &#8211; &#8230;"},"content":{"rendered":"<p class=\"date\">06.09.2026 \u2013 13:33<\/p>\n<p class=\"customer\">\n                        <a class=\"story-customer\" title=\"weiter zum newsroom von Polizeidirektion Hannover\" href=\"https:\/\/www.presseportal.de\/blaulicht\/nr\/66841\" rel=\"nofollow noopener\" target=\"_blank\">Polizeidirektion Hannover<\/a>\n                    <\/p>\n<p><a data-category=\"citylink-story-view\" data-action=\"click\" data-label=\"Citylink in Meldungsansicht\" class=\"story-city event-trigger\" href=\"https:\/\/www.presseportal.de\/regional\/Hannover\" title=\"News aus Hannover \" rel=\"nofollow noopener\" target=\"_blank\">Hannover<\/a> (ots)<\/p>\n<p>Ein 72 Jahre alter Pedelec-Fahrer ist am Freitagvormittag, 04.09.2026, bei einem Verkehrsunfall in Hannover-Misburg leicht verletzt worden. Ein bislang unbekanntes Fahrzeug streifte den Mann beim Vorbeifahren auf der Hannoverschen Stra\u00dfe. Die fahrzeugf\u00fchrende Person setzte die Fahrt anschlie\u00dfend fort. Die Polizei sucht Zeuginnen und Zeugen.<\/p>\n<p>Nach bisherigen Erkenntnissen des Verkehrsunfalldienstes Hannover fuhr der 72 Jahre alte Hannoveraner gegen 09:00 Uhr mit seinem Pedelec auf der Hannoverschen Stra\u00dfe zwischen Am Friedenstal und M\u00f6nnighof in Richtung Hannover. Er nutzte dabei den direkt an der Fahrbahn entlangf\u00fchrenden Radstreifen.<\/p>\n<p>Ein bislang unbekannter schwarzer Kombi fuhr in gleicher Richtung an dem Pedelec-Fahrer vorbei. Dabei streifte das Fahrzeug den 72-J\u00e4hrigen und brachte ihn zu Fall. Der Mann wurde leicht verletzt.<br \/>\nDie fahrzeugf\u00fchrende Person setzte die Fahrt nach dem Zusammensto\u00df fort. Vermutlich handelte es sich bei dem Kombi um ein Flottenfahrzeug eines Fahrdienstleisters.<\/p>\n<p>Der Verkehrsunfalldienst Hannover hat die Ermittlungen wegen unerlaubten Entfernens vom Unfallort aufgenommen. Zeuginnen und Zeugen, die Hinweise zum Unfallhergang oder zu dem schwarzen Kombi geben k\u00f6nnen, werden gebeten, sich beim Verkehrsunfalldienst Hannover unter der Telefonnummer 0511 109-1888 zu melden. \/ms<\/p>\n<p class=\"contact-headline\">R\u00fcckfragen bitte an:<\/p>\n<p class=\"contact-text\">Polizeidirektion Hannover<br \/>E-Mail: <a href=\"https:\/\/www.presseportal.de\/blaulicht\/pm\/66841\/mailto:pressestelle@pd-h.polizei.niedersachsen.de\" class=\"uri-mailto\" rel=\"nofollow noopener\" target=\"_blank\">pressestelle@pd-h.polizei.niedersachsen.de<\/a><br \/><a target=\"_blank\" class=\"uri-ext outbound\" rel=\"noopener nofollow\" href=\"https:\/\/www.pd-h.polizei-nds.de\">https:\/\/www.pd-h.polizei-nds.de<\/a><\/p>\n<p class=\"originator\">Original-Content von: Polizeidirektion Hannover, \u00fcbermittelt durch news aktuell<\/p>\n","protected":false},"excerpt":{"rendered":"06.09.2026 \u2013 13:33 Polizeidirektion Hannover Hannover (ots) Ein 72 Jahre alter Pedelec-Fahrer ist am Freitagvormittag, 04.09.2026, bei einem&hellip;\n","protected":false},"author":2,"featured_media":1266941,"comment_status":"","ping_status":"","sticky":false,"template":"","format":"standard","meta":{"footnotes":"","_share_on_mastodon":"0"},"categories":[1836],"tags":[3364,29,30,46,177,5404,1411,121,178,180,179,181],"class_list":["post-1284271","post","type-post","status-publish","format-standard","has-post-thumbnail","category-hannover","tag-de","tag-deutschland","tag-germany","tag-hannover","tag-kriminalitt","tag-ni","tag-niedersachsen","tag-polizei","tag-presse","tag-pressemeldung","tag-pressemitteilung","tag-pressemitteilungen"],"share_on_mastodon":{"url":"https:\/\/pubeurope.com\/@de\/117224083532623127","error":""},"_links":{"self":[{"href":"https:\/\/www.europesays.com\/de\/wp-json\/wp\/v2\/posts\/1284271","targetHints":{"allow":["GET"]}}],"collection":[{"href":"https:\/\/www.europesays.com\/de\/wp-json\/wp\/v2\/posts"}],"about":[{"href":"https:\/\/www.europesays.com\/de\/wp-json\/wp\/v2\/types\/post"}],"author":[{"embeddable":true,"href":"https:\/\/www.europesays.com\/de\/wp-json\/wp\/v2\/users\/2"}],"replies":[{"embeddable":true,"href":"https:\/\/www.europesays.com\/de\/wp-json\/wp\/v2\/comments?post=1284271"}],"version-history":[{"count":0,"href":"https:\/\/www.europesays.com\/de\/wp-json\/wp\/v2\/posts\/1284271\/revisions"}],"wp:featuredmedia":[{"embeddable":true,"href":"https:\/\/www.europesays.com\/de\/wp-json\/wp\/v2\/media\/1266941"}],"wp:attachment":[{"href":"https:\/\/www.europesays.com\/de\/wp-json\/wp\/v2\/media?parent=1284271"}],"wp:term":[{"taxonomy":"category","embeddable":true,"href":"https:\/\/www.europesays.com\/de\/wp-json\/wp\/v2\/categories?post=1284271"},{"taxonomy":"post_tag","embeddable":true,"href":"https:\/\/www.europesays.com\/de\/wp-json\/wp\/v2\/tags?post=1284271"}],"curies":[{"name":"wp","href":"https:\/\/api.w.org\/{rel}","templated":true}]}}