{"id":1284282,"date":"2026-09-06T12:30:19","date_gmt":"2026-09-06T12:30:19","guid":{"rendered":"https:\/\/www.europesays.com\/de\/1284282\/"},"modified":"2026-09-06T12:30:19","modified_gmt":"2026-09-06T12:30:19","slug":"pol-e-muelheim-an-der-ruhr-geparkter-pkw-wird-durch-ausser-kontrolle-geratenen-pkw","status":"publish","type":"post","link":"https:\/\/www.europesays.com\/de\/1284282\/","title":{"rendered":"POL-E: M\u00fclheim an der Ruhr: Geparkter PKW wird durch au\u00dfer Kontrolle geratenen PKW &#8230;"},"content":{"rendered":"<p class=\"date\">06.09.2026 \u2013 13:38<\/p>\n<p class=\"customer\">\n                        <a class=\"story-customer\" title=\"weiter zum newsroom von Polizei Essen\" href=\"https:\/\/www.presseportal.de\/blaulicht\/nr\/11562\" rel=\"nofollow noopener\" target=\"_blank\">Polizei Essen<\/a>\n                    <\/p>\n<p><a data-category=\"citylink-story-view\" data-action=\"click\" data-label=\"Citylink in Meldungsansicht\" class=\"story-city event-trigger\" href=\"https:\/\/www.presseportal.de\/regional\/Essen\" title=\"News aus Essen \" rel=\"nofollow noopener\" target=\"_blank\">Essen<\/a> (ots)<\/p>\n<p>45475 MH.-D\u00fcmpten: Gestern Morgen (5. September) kam es an der Talstra\u00dfe\/Schmalbeekstra\u00dfe zu einem Verkehrsunfall, infolge dessen ein geparkter PKW vor eine Hauswand gedr\u00fcckt wurde. Verletzt wurde dabei offenbar niemand. Ein fl\u00fcchtiger Unfallbeteiligter (m\/18) konnte im Nahbereich ermittelt werden.<\/p>\n<p>Ein Anwohner hatte gegen 3:00 Uhr den Notruf gew\u00e4hlt, da er zun\u00e4chst laute Motorenger\u00e4usche sowie einen lauten Knall geh\u00f6rt hatte und anschlie\u00dfend drei Autos sowie mehrere Personen auf der Stra\u00dfe stehen sah. Als die Polizeibeamten kurze Zeit sp\u00e4ter an der Unfallstelle ankamen, fanden sie einen wei\u00dfen Opel Corsa, der gegen die Fassade eines Hauses an der Talstra\u00dfe gedr\u00fcckt worden war. Zudem fanden die Beamten Fahrzeugteile eines schwarzen PKW sowie ein Kennzeichen, die mutma\u00dflich vom fl\u00fcchtigen Unfallbeteiligten stammten.<\/p>\n<p>Im Nahbereich (an der Stra\u00dfe Schildberg) konnten der mutma\u00dfliche Fahrer des unfallbeteiligten schwarzen PKW (18) sowie ein 17-J\u00e4hriger angetroffen werden. Der unfallbeteiligte schwarze Mercedes AMG C43 (Mietwagen) war in der Ursulastra\u00dfe geparkt. Noch w\u00e4hrend die Beamten den Unfall aufnahmen, erschienen vor Ort ein 21-J\u00e4hriger mit einem VW Tiguan sowie ein 18-J\u00e4hriger mit einem Golf, welche augenscheinlich unbesch\u00e4digt waren.<\/p>\n<p>Ob es vor dem Unfall m\u00f6glicherweise zu einem nicht erlaubten Kraftfahrzeugrennen gekommen ist, ist Gegenstand der Ermittlungen. Alle drei PKW wurden zur Beweissicherung beschlagnahmt. Ebenso wie die F\u00fchrerscheine der beiden 18-J\u00e4hrigen. Der 21-J\u00e4hrige trug seinen F\u00fchrerschein nicht bei sich. Ihm wurde die Weiterfahrt untersagt.<\/p>\n<p>Die Ermittlungen werden fortgesetzt. Zeugen, die Hinweise geben k\u00f6nnen, wenden sich bitte unter 0201\/829-0 oder unter <a href=\"https:\/\/www.presseportal.de\/blaulicht\/pm\/11562\/mailto:hinweise.essen@polizei.nrw.de\" class=\"uri-mailto\" rel=\"nofollow noopener\" target=\"_blank\">hinweise.essen@polizei.nrw.de<\/a> bei der Polizei Essen.\/SyC<\/p>\n<p class=\"contact-headline\">R\u00fcckfragen bitte an:<\/p>\n<p class=\"contact-text\">Polizei Essen\/ M\u00fclheim an der Ruhr<br \/>Pressestelle<br \/>Telefon: 0201-829 1065 (au\u00dferhalb der B\u00fcrodienstzeit 0201-829 7230)<br \/>Fax: 0201-829 1069<br \/>E-Mail: <a href=\"https:\/\/www.presseportal.de\/blaulicht\/pm\/11562\/mailto:pressestelle.essen@polizei.nrw.de\" class=\"uri-mailto\" rel=\"nofollow noopener\" target=\"_blank\">pressestelle.essen@polizei.nrw.de<\/a><\/p>\n<p><a target=\"_blank\" class=\"uri-ext outbound\" rel=\"noopener nofollow\" href=\"https:\/\/twitter.com\/Polizei_NRW_E\">https:\/\/twitter.com\/Polizei_NRW_E<\/a><br \/><a target=\"_blank\" class=\"uri-ext outbound\" rel=\"noopener nofollow\" href=\"http:\/\/www.facebook.com\/PolizeiEssen\">http:\/\/www.facebook.com\/PolizeiEssen<\/a><br \/><a target=\"_blank\" class=\"uri-ext outbound\" rel=\"noopener nofollow\" href=\"https:\/\/www.instagram.com\/polizei.nrw.e\">https:\/\/www.instagram.com\/polizei.nrw.e<\/a><br \/><a target=\"_blank\" class=\"uri-ext outbound\" rel=\"noopener nofollow\" href=\"https:\/\/www.whatsapp.com\/channel\/0029VaEsg0q1CYoUFKnPFk2F\">https:\/\/www.whatsapp.com\/channel\/0029VaEsg0q1CYoUFKnPFk2F<\/a><\/p>\n<p class=\"originator\">Original-Content von: Polizei Essen, \u00fcbermittelt durch news aktuell<\/p>\n<p>                <script async src=\"https:\/\/platform.twitter.com\/widgets.js\" charset=\"utf-8\"><\/script><script async src=\"\/\/www.instagram.com\/embed.js\"><\/script><\/p>\n","protected":false},"excerpt":{"rendered":"06.09.2026 \u2013 13:38 Polizei Essen Essen (ots) 45475 MH.-D\u00fcmpten: Gestern Morgen (5. September) kam es an der Talstra\u00dfe\/Schmalbeekstra\u00dfe&hellip;\n","protected":false},"author":2,"featured_media":1266941,"comment_status":"","ping_status":"","sticky":false,"template":"","format":"standard","meta":{"footnotes":"","_share_on_mastodon":"0"},"categories":[1834],"tags":[3364,29,3688,30,177,1209,176,121,178,180,179,181],"class_list":["post-1284282","post","type-post","status-publish","format-standard","has-post-thumbnail","category-essen","tag-de","tag-deutschland","tag-essen","tag-germany","tag-kriminalitt","tag-nordrhein-westfalen","tag-nrw","tag-polizei","tag-presse","tag-pressemeldung","tag-pressemitteilung","tag-pressemitteilungen"],"share_on_mastodon":{"url":"https:\/\/pubeurope.com\/@de\/117224107486199151","error":""},"_links":{"self":[{"href":"https:\/\/www.europesays.com\/de\/wp-json\/wp\/v2\/posts\/1284282","targetHints":{"allow":["GET"]}}],"collection":[{"href":"https:\/\/www.europesays.com\/de\/wp-json\/wp\/v2\/posts"}],"about":[{"href":"https:\/\/www.europesays.com\/de\/wp-json\/wp\/v2\/types\/post"}],"author":[{"embeddable":true,"href":"https:\/\/www.europesays.com\/de\/wp-json\/wp\/v2\/users\/2"}],"replies":[{"embeddable":true,"href":"https:\/\/www.europesays.com\/de\/wp-json\/wp\/v2\/comments?post=1284282"}],"version-history":[{"count":0,"href":"https:\/\/www.europesays.com\/de\/wp-json\/wp\/v2\/posts\/1284282\/revisions"}],"wp:featuredmedia":[{"embeddable":true,"href":"https:\/\/www.europesays.com\/de\/wp-json\/wp\/v2\/media\/1266941"}],"wp:attachment":[{"href":"https:\/\/www.europesays.com\/de\/wp-json\/wp\/v2\/media?parent=1284282"}],"wp:term":[{"taxonomy":"category","embeddable":true,"href":"https:\/\/www.europesays.com\/de\/wp-json\/wp\/v2\/categories?post=1284282"},{"taxonomy":"post_tag","embeddable":true,"href":"https:\/\/www.europesays.com\/de\/wp-json\/wp\/v2\/tags?post=1284282"}],"curies":[{"name":"wp","href":"https:\/\/api.w.org\/{rel}","templated":true}]}}