{"id":1284287,"date":"2026-09-06T12:33:18","date_gmt":"2026-09-06T12:33:18","guid":{"rendered":"https:\/\/www.europesays.com\/de\/1284287\/"},"modified":"2026-09-06T12:33:18","modified_gmt":"2026-09-06T12:33:18","slug":"borussia-dortmund-dramatischer-32-sieg-bei-tsg-1899-hoffenheim","status":"publish","type":"post","link":"https:\/\/www.europesays.com\/de\/1284287\/","title":{"rendered":"Borussia Dortmund: Dramatischer 3:2-Sieg bei TSG 1899 Hoffenheim"},"content":{"rendered":"<p class=\"p1 sm:p1-medium items-start pb-[20px]\" data-selector=\"body-paragraph\" data-external-selector=\"body-elements-paragraph\" data-v-374fb494=\"\" data-v-308ce35d=\"\">Sie gaben sich mit ihrem Stundenlohn zufrieden, statt mehr von sich zu fordern. Nach der 2:0-F\u00fchrung ob der Treffer von Leon Avdullahu (45. Minute) und Tim Lemperle (54.) lie\u00df die Zielstrebigkeit in den Reihen der TSG <a data-rtr-index=\"2\" title=\"Hoffenheim\" href=\"https:\/\/www.faz.net\/aktuell\/sport\/thema\/hoffenheim\" rel=\"nofollow noopener\" target=\"_blank\">Hoffenheim<\/a> erkennbar nach.<\/p>\n<p class=\"p1 sm:p1-medium items-start pb-[20px]\" data-selector=\"body-paragraph\" data-external-selector=\"body-elements-paragraph\" data-v-374fb494=\"\" data-v-308ce35d=\"\">Den Energieverlust beschrieb der kosovarisch-schweizerische Torsch\u00fctze zum 1:0 so: \u201eNach dem 2:0 dachten wir, dass wir das Spiel schon gewonnen hatten. Ich glaube, wir wurden einfach zu gem\u00fctlich. Das geht einfach nicht, daraus m\u00fcssen wir lernen.\u201c<\/p>\n<p class=\"p1 sm:p1-medium items-start pb-[20px]\" data-selector=\"body-paragraph\" data-external-selector=\"body-elements-paragraph\" data-v-374fb494=\"\" data-v-308ce35d=\"\">Am Ende der lange von den Nordbadenern dominierten Begegnung mit dem Bundesliga-Spitzenklub <a data-rtr-index=\"0\" title=\"Borussia-Dortmund\" href=\"https:\/\/www.faz.net\/aktuell\/sport\/thema\/borussia-dortmund\" rel=\"nofollow noopener\" target=\"_blank\">Borussia Dortmund<\/a> wurde dieser Samstagnachmittag noch \u00fcberaus ungem\u00fctlich f\u00fcr die Mannschaft des \u00f6sterreichischen Trainers Christian Ilzer. Der BVB erwies sich in der Crunchtime dieser hin- und herwogenden Begegnung als zielstrebiger.<\/p>\n<p class=\"p1 sm:p1-medium items-start pb-[20px]\" data-selector=\"body-paragraph\" data-external-selector=\"body-elements-paragraph\" data-v-374fb494=\"\" data-v-308ce35d=\"\">Der rasche Ausgleich durch die Tore von Mittelst\u00fcrmer Serhou Guirassy (61.) und dem eine Minute danach eingewechselten zweiten Angreifer Fabio Silva (66.) erreichte Dortmund widerstandslos den Gleichstand in Sinsheim und legte in der Schlussphase noch den Treffer zum Sieg nach: Der Hoffenheimer Innenverteidiger Albian Hajdari f\u00e4lschte ein Sch\u00fcsschen des Engl\u00e4nders Ethan Nwaneri unhaltbar f\u00fcr den deutschen Nationaltorwart Oliver Baumann zum 3:2-Sieg der Borussia ab (87.).<\/p>\n<p><img decoding=\"async\" alt=\"Zwei, die den Unterschied machen: die BVB-St\u00fcrmer Serhou Guirassy und Fabio Silva\" height=\"4054\" loading=\"lazy\"   src=\"https:\/\/www.europesays.com\/de\/wp-content\/uploads\/2026\/09\/zwei-die-den-unterschied.webp\" width=\"6144\" class=\"sm:w-content-sm w-full\" tabindex=\"0\"\/>Zwei, die den Unterschied machen: die BVB-St\u00fcrmer Serhou Guirassy und Fabio Silvadpa<\/p>\n<p class=\"p1 sm:p1-medium items-start pb-[20px]\" data-selector=\"body-paragraph\" data-external-selector=\"body-elements-paragraph\" data-v-374fb494=\"\" data-v-308ce35d=\"\">Schmerzlicher kann sich eine Niederlage kaum anf\u00fchlen, die sich nicht abgezeichnet hatte. Und so standen die Hoffenheimer, die f\u00fcnftbeste Mannschaft der vorigen Saison, wie schon nach der 2:3-Niederlage zum Bundesligaauftakt in K\u00f6ln aufs Neue mit leeren H\u00e4nden da.<\/p>\n<p class=\"p1 sm:p1-medium items-start pb-[20px]\" data-selector=\"body-paragraph\" data-external-selector=\"body-elements-paragraph\" data-v-374fb494=\"\" data-v-308ce35d=\"\">Dabei hatte TSG-Trainer Ilzer nach dem 2:2-Ausgleich \u201edas Gef\u00fchl, dass wir es sind, die aufs 3:2 gehen. Am Ende bleibt nichts \u00fcbrig, das schmerzt. Aber wir gehen weiter und bleiben auf diesem Weg.\u201c<\/p>\n<p class=\"p1 sm:p1-medium items-start pb-[20px]\" data-selector=\"body-paragraph\" data-external-selector=\"body-elements-paragraph\" data-v-374fb494=\"\" data-v-308ce35d=\"\">Beim BVB blieben Spieler, Trainer und Sportdirektor Ole Book der Siegesfreude zum Trotz selbstkritisch. \u201eUns allen w\u00e4re es lieber\u201c, sagte Book, \u201ewenn die Impulse noch st\u00e4rker von Beginn an auf dem Platz sind.\u201c<\/p>\n<p class=\"p1 sm:p1-medium items-start pb-[20px]\" data-selector=\"body-paragraph\" data-external-selector=\"body-elements-paragraph\" data-v-374fb494=\"\" data-v-308ce35d=\"\">Und auch Trainer Niko Kova\u010d, der sein f\u00fcnfzigstes Bundesligaspiel in den Diensten des BVB mit der \u00fcber diesen Zeitraum besten Vereinsbilanz \u2013 33 Siege, 7 Unentschieden, 10 Niederlagen \u2013 bestritt, verhehlte nicht, \u201edass wir erst nach dem 0:2-R\u00fcckstand aufgewacht sind\u201c. Dann aber sei seine Mannschaft \u201eins Alles oder Nichts gegangen\u201c.<\/p>\n<p class=\"p1 sm:p1-medium items-start pb-[20px]\" data-selector=\"body-paragraph\" data-external-selector=\"body-elements-paragraph\" data-v-374fb494=\"\" data-v-308ce35d=\"\">Dazu wurde erkennbar, dass die Borussia in der Kaderbreite besser geworden ist. Spieler wie Nwaneri, ein 19 Jahre alter offensiver Mittelfeldspieler, ausgeliehen vom FC Arsenal, oder der zur zweiten H\u00e4lfte f\u00fcr den indisponierten Felix Nmecha gekommene niederl\u00e4ndische Spielgestalter Joey Veerman, verpflichtet von der PSV Eindhoven, lieferten erste Qualit\u00e4tsnachweise in der Bundesliga.<\/p>\n<p class=\"p1 sm:p1-medium items-start pb-[20px]\" data-selector=\"body-paragraph\" data-external-selector=\"body-elements-paragraph\" data-v-374fb494=\"\" data-v-308ce35d=\"\">Am Dienstag bekommt es der BVB in der Champions League zu Hause mit dem spanischen Topklub FC Villarreal zu tun.<\/p>\n","protected":false},"excerpt":{"rendered":"Sie gaben sich mit ihrem Stundenlohn zufrieden, statt mehr von sich zu fordern. Nach der 2:0-F\u00fchrung ob der&hellip;\n","protected":false},"author":2,"featured_media":1284288,"comment_status":"","ping_status":"","sticky":false,"template":"","format":"standard","meta":{"footnotes":"","_share_on_mastodon":"0"},"categories":[1833],"tags":[3364,29,217,30,1209],"class_list":["post-1284287","post","type-post","status-publish","format-standard","has-post-thumbnail","category-dortmund","tag-de","tag-deutschland","tag-dortmund","tag-germany","tag-nordrhein-westfalen"],"share_on_mastodon":{"url":"https:\/\/pubeurope.com\/@de\/117224121035339474","error":""},"_links":{"self":[{"href":"https:\/\/www.europesays.com\/de\/wp-json\/wp\/v2\/posts\/1284287","targetHints":{"allow":["GET"]}}],"collection":[{"href":"https:\/\/www.europesays.com\/de\/wp-json\/wp\/v2\/posts"}],"about":[{"href":"https:\/\/www.europesays.com\/de\/wp-json\/wp\/v2\/types\/post"}],"author":[{"embeddable":true,"href":"https:\/\/www.europesays.com\/de\/wp-json\/wp\/v2\/users\/2"}],"replies":[{"embeddable":true,"href":"https:\/\/www.europesays.com\/de\/wp-json\/wp\/v2\/comments?post=1284287"}],"version-history":[{"count":0,"href":"https:\/\/www.europesays.com\/de\/wp-json\/wp\/v2\/posts\/1284287\/revisions"}],"wp:featuredmedia":[{"embeddable":true,"href":"https:\/\/www.europesays.com\/de\/wp-json\/wp\/v2\/media\/1284288"}],"wp:attachment":[{"href":"https:\/\/www.europesays.com\/de\/wp-json\/wp\/v2\/media?parent=1284287"}],"wp:term":[{"taxonomy":"category","embeddable":true,"href":"https:\/\/www.europesays.com\/de\/wp-json\/wp\/v2\/categories?post=1284287"},{"taxonomy":"post_tag","embeddable":true,"href":"https:\/\/www.europesays.com\/de\/wp-json\/wp\/v2\/tags?post=1284287"}],"curies":[{"name":"wp","href":"https:\/\/api.w.org\/{rel}","templated":true}]}}