{"id":1284297,"date":"2026-09-06T12:38:50","date_gmt":"2026-09-06T12:38:50","guid":{"rendered":"https:\/\/www.europesays.com\/de\/1284297\/"},"modified":"2026-09-06T12:38:50","modified_gmt":"2026-09-06T12:38:50","slug":"streit-um-subventionen-fuer-bauern-mehr-geld-fuer-gute-betriebe-statt-fuer-alle-nachrichten-aus-dem-rems-murr-kreis","status":"publish","type":"post","link":"https:\/\/www.europesays.com\/de\/1284297\/","title":{"rendered":"Streit um Subventionen f\u00fcr Bauern: Mehr Geld f\u00fcr gute Betriebe statt f\u00fcr alle? &#8211; Nachrichten aus dem Rems-Murr-Kreis"},"content":{"rendered":"<p><strong>Rems-Murr-Kreis.<\/strong> Die Landwirte st\u00f6hnen unter einer monatelangen D\u00fcrre, die Ertr\u00e4ge auf ihren \u00c4ckern sind entsprechend schlecht. Dass der Klimawandel eine Rolle bei den Wetterkapriolen spielt, ist unbestritten. Die Europ\u00e4ische Union will die Subventionen f\u00fcr die Landwirtschaft k\u00fcnftig zielgerichteter verteilen \u2013 und mehr Anreize f\u00fcr eine \u201everantwortungsvolle Betriebsf\u00fchrung\u201c bieten, zu der eben auch der Schutz der Umwelt und des Klimas z\u00e4hlt. Der Umweltschutzverband NABU geht<\/p>\n","protected":false},"excerpt":{"rendered":"Rems-Murr-Kreis. Die Landwirte st\u00f6hnen unter einer monatelangen D\u00fcrre, die Ertr\u00e4ge auf ihren \u00c4ckern sind entsprechend schlecht. Dass der&hellip;\n","protected":false},"author":2,"featured_media":1284298,"comment_status":"","ping_status":"","sticky":false,"template":"","format":"standard","meta":{"footnotes":"","_share_on_mastodon":"0"},"categories":[1830],"tags":[56219,1634,9296,3364,29,30,1563,4615,17695,1441,47418,256684,12031,190920],"class_list":["post-1284297","post","type-post","status-publish","format-standard","has-post-thumbnail","category-stuttgart","tag-agrarsubventionen","tag-baden-wuerttemberg","tag-bauern","tag-de","tag-deutschland","tag-germany","tag-klima","tag-landwirtschaft","tag-nabu","tag-stuttgart","tag-subventionen","tag-treiber-hof","tag-umweltschutz","tag-un_erklaere-es-mir"],"share_on_mastodon":{"url":"https:\/\/pubeurope.com\/@de\/117224138868063377","error":""},"_links":{"self":[{"href":"https:\/\/www.europesays.com\/de\/wp-json\/wp\/v2\/posts\/1284297","targetHints":{"allow":["GET"]}}],"collection":[{"href":"https:\/\/www.europesays.com\/de\/wp-json\/wp\/v2\/posts"}],"about":[{"href":"https:\/\/www.europesays.com\/de\/wp-json\/wp\/v2\/types\/post"}],"author":[{"embeddable":true,"href":"https:\/\/www.europesays.com\/de\/wp-json\/wp\/v2\/users\/2"}],"replies":[{"embeddable":true,"href":"https:\/\/www.europesays.com\/de\/wp-json\/wp\/v2\/comments?post=1284297"}],"version-history":[{"count":0,"href":"https:\/\/www.europesays.com\/de\/wp-json\/wp\/v2\/posts\/1284297\/revisions"}],"wp:featuredmedia":[{"embeddable":true,"href":"https:\/\/www.europesays.com\/de\/wp-json\/wp\/v2\/media\/1284298"}],"wp:attachment":[{"href":"https:\/\/www.europesays.com\/de\/wp-json\/wp\/v2\/media?parent=1284297"}],"wp:term":[{"taxonomy":"category","embeddable":true,"href":"https:\/\/www.europesays.com\/de\/wp-json\/wp\/v2\/categories?post=1284297"},{"taxonomy":"post_tag","embeddable":true,"href":"https:\/\/www.europesays.com\/de\/wp-json\/wp\/v2\/tags?post=1284297"}],"curies":[{"name":"wp","href":"https:\/\/api.w.org\/{rel}","templated":true}]}}