{"id":1284396,"date":"2026-09-06T13:41:17","date_gmt":"2026-09-06T13:41:17","guid":{"rendered":"https:\/\/www.europesays.com\/de\/1284396\/"},"modified":"2026-09-06T13:41:17","modified_gmt":"2026-09-06T13:41:17","slug":"duesseldorfer-eg-kurztrip-nach-frankreich-liefert-einige-erkenntnisse","status":"publish","type":"post","link":"https:\/\/www.europesays.com\/de\/1284396\/","title":{"rendered":"D\u00fcsseldorfer EG: Kurztrip nach Frankreich liefert einige Erkenntnisse"},"content":{"rendered":"<p class=\"text_ohne_einzug richtext text-em-55 !leading-serif mx-6 desktop:mx-0\">So eine Eishockey-Vorbereitung kann ganz sch\u00f6n eint\u00f6nig werden. \u00dcber mehrere Wochen trainiert man bis zu zweimal am Tag in ein und derselben Eishalle, zwischendurch gibt es vielleicht mal eine Teambuildingma\u00dfnahme, aber in der Regel l\u00e4uft vieles nach demselben Schema ab. Deshalb war f\u00fcr die Spieler der D\u00fcsseldorfer EG der dreit\u00e4gige Kurztrip nach <a href=\"https:\/\/rp-online.de\/thema\/frankreich\/\" rel=\"nofollow noopener\" target=\"_blank\">Frankreich<\/a> am Wochenende eine willkommene Abwechslung \u2013 auch f\u00fcr die Teamchemie. \u201eSolche Trips schwei\u00dfen zusammen\u201c, wei\u00df Max Faber. Und Trainer Harry Lange erg\u00e4nzt: \u201eEs ist unser einziger kleiner Trip zusammen, wo wir wirklich 24 Stunden aufeinander hocken. Das nehmen wir mit, dass wir viel miteinander zu tun haben, viel miteinander sprechen.\u201c<\/p>\n","protected":false},"excerpt":{"rendered":"So eine Eishockey-Vorbereitung kann ganz sch\u00f6n eint\u00f6nig werden. \u00dcber mehrere Wochen trainiert man bis zu zweimal am Tag&hellip;\n","protected":false},"author":2,"featured_media":1284397,"comment_status":"","ping_status":"","sticky":false,"template":"","format":"standard","meta":{"footnotes":"","_share_on_mastodon":"0"},"categories":[3974],"tags":[331,332,23435,548,663,3934,3980,156,13,14,15,12],"class_list":["post-1284396","post","type-post","status-publish","format-standard","has-post-thumbnail","category-frankreich","tag-aktuelle-nachrichten","tag-aktuelle-news","tag-deg","tag-eu","tag-europa","tag-europe","tag-france","tag-frankreich","tag-headlines","tag-nachrichten","tag-news","tag-schlagzeilen"],"share_on_mastodon":{"url":"https:\/\/pubeurope.com\/@de\/117224386594145897","error":""},"_links":{"self":[{"href":"https:\/\/www.europesays.com\/de\/wp-json\/wp\/v2\/posts\/1284396","targetHints":{"allow":["GET"]}}],"collection":[{"href":"https:\/\/www.europesays.com\/de\/wp-json\/wp\/v2\/posts"}],"about":[{"href":"https:\/\/www.europesays.com\/de\/wp-json\/wp\/v2\/types\/post"}],"author":[{"embeddable":true,"href":"https:\/\/www.europesays.com\/de\/wp-json\/wp\/v2\/users\/2"}],"replies":[{"embeddable":true,"href":"https:\/\/www.europesays.com\/de\/wp-json\/wp\/v2\/comments?post=1284396"}],"version-history":[{"count":0,"href":"https:\/\/www.europesays.com\/de\/wp-json\/wp\/v2\/posts\/1284396\/revisions"}],"wp:featuredmedia":[{"embeddable":true,"href":"https:\/\/www.europesays.com\/de\/wp-json\/wp\/v2\/media\/1284397"}],"wp:attachment":[{"href":"https:\/\/www.europesays.com\/de\/wp-json\/wp\/v2\/media?parent=1284396"}],"wp:term":[{"taxonomy":"category","embeddable":true,"href":"https:\/\/www.europesays.com\/de\/wp-json\/wp\/v2\/categories?post=1284396"},{"taxonomy":"post_tag","embeddable":true,"href":"https:\/\/www.europesays.com\/de\/wp-json\/wp\/v2\/tags?post=1284396"}],"curies":[{"name":"wp","href":"https:\/\/api.w.org\/{rel}","templated":true}]}}