{"id":1284430,"date":"2026-09-06T14:06:16","date_gmt":"2026-09-06T14:06:16","guid":{"rendered":"https:\/\/www.europesays.com\/de\/1284430\/"},"modified":"2026-09-06T14:06:16","modified_gmt":"2026-09-06T14:06:16","slug":"bpol-nrw-14-jaehrige-greift-bundespolizisten-am-dortmunder-hauptbahnhof-an-beamter","status":"publish","type":"post","link":"https:\/\/www.europesays.com\/de\/1284430\/","title":{"rendered":"BPOL NRW: 14-J\u00e4hrige greift Bundespolizisten am Dortmunder Hauptbahnhof an &#8211; Beamter &#8230;"},"content":{"rendered":"<p class=\"date\">06.09.2026 \u2013 14:00<\/p>\n<p class=\"customer\">\n                        <a class=\"story-customer\" title=\"weiter zum newsroom von Bundespolizeidirektion Sankt Augustin\" href=\"https:\/\/www.presseportal.de\/blaulicht\/nr\/70116\" rel=\"nofollow noopener\" target=\"_blank\">Bundespolizeidirektion Sankt Augustin<\/a>\n                    <\/p>\n<p><a data-category=\"citylink-story-view\" data-action=\"click\" data-label=\"Citylink in Meldungsansicht\" class=\"story-city event-trigger\" href=\"https:\/\/www.presseportal.de\/regional\/Dortmund\" title=\"News aus Dortmund \" rel=\"nofollow noopener\" target=\"_blank\">Dortmund<\/a> (ots)<\/p>\n<p>Am 5. September griff eine Jugendliche im Hauptbahnhof Dortmund Einsatzkr\u00e4fte der Bundespolizei an. Sie beleidigte die Beamtinnen und Beamten unvermittelt, bei\u00dfte und trat nach ihnen.<\/p>\n<p>Gegen 17:45 Uhr beleidigte die 14-j\u00e4hrige deutsche Staatsangeh\u00f6rige die Polizisten im Hauptbahnhof grundlos. Da eine Identit\u00e4tsfeststellung vor Ort aufgrund des aggressiven Verhaltens nicht m\u00f6glich war, sollte sie zur Dienststelle mitgenommen werden.<br \/>\nHierbei leistete die Jugendliche massiven Widerstand. Sie biss einem Beamten in den Unterarm, woraufhin die Einsatzkr\u00e4fte sie zu Boden bringen und fesseln mussten. W\u00e4hrend der Ma\u00dfnahme trat sie zudem einem weiteren Polizisten gegen das Bein. Beide Beamten blieben dienstf\u00e4hig.<br \/>\nAuf der Dienststelle stellten die Bundespolizisten die Personalien der Jugendlichen, die sich in einer entsprechenden Unterkunft aufh\u00e4lt, fest. Nach R\u00fccksprache mit dem zust\u00e4ndigen Jugendamt entlie\u00dfen die Beamten die 14-J\u00e4hrige und leiteten ein Ermittlungsverfahren wegen t\u00e4tlichen Angriffs auf und Widerstands gegen Vollstreckungsbeamte sowie Beleidigung gegen sie ein.<\/p>\n<p class=\"contact-headline\">R\u00fcckfragen bitte an:<\/p>\n<p class=\"contact-text\">Bundespolizeidirektion Sankt Augustin<br \/>Bundespolizeiinspektion Dortmund<br \/>Pressestelle<br \/>Luca Wilmes<br \/>Telefon: +49 (0) 231\/ 56 22 47 &#8211; 1011<br \/>Mobil: +49 (0) 171\/ 30 55 131<br \/>E-Mail: <a href=\"https:\/\/www.presseportal.de\/blaulicht\/pm\/70116\/mailto:presse.do@polizei.bund.de\" class=\"uri-mailto\" rel=\"nofollow noopener\" target=\"_blank\">presse.do@polizei.bund.de<\/a><br \/>X (Twitter): @BPOL NRW<\/p>\n<p>Untere Brinkstra\u00dfe 81-89<br \/>44141 Dortmund<\/p>\n<p><a target=\"_blank\" class=\"uri-ext outbound\" rel=\"noopener nofollow\" href=\"https:\/\/www.bundespolizei.de\">www.bundespolizei.de<\/a><\/p>\n<p>Weitere Informationen erhalten Sie unter <a target=\"_blank\" class=\"uri-ext outbound\" rel=\"noopener nofollow\" href=\"https:\/\/www.bundespolizei.de\">www.bundespolizei.de<\/a> oder <br \/>unter oben genannter Kontaktadresse.<\/p>\n<p class=\"originator\">Original-Content von: Bundespolizeidirektion Sankt Augustin, \u00fcbermittelt durch news aktuell<\/p>\n","protected":false},"excerpt":{"rendered":"06.09.2026 \u2013 14:00 Bundespolizeidirektion Sankt Augustin Dortmund (ots) Am 5. September griff eine Jugendliche im Hauptbahnhof Dortmund Einsatzkr\u00e4fte&hellip;\n","protected":false},"author":2,"featured_media":1266941,"comment_status":"","ping_status":"","sticky":false,"template":"","format":"standard","meta":{"footnotes":"","_share_on_mastodon":"0"},"categories":[1833],"tags":[3364,29,217,30,177,1209,176,121,178,180,179,181],"class_list":["post-1284430","post","type-post","status-publish","format-standard","has-post-thumbnail","category-dortmund","tag-de","tag-deutschland","tag-dortmund","tag-germany","tag-kriminalitt","tag-nordrhein-westfalen","tag-nrw","tag-polizei","tag-presse","tag-pressemeldung","tag-pressemitteilung","tag-pressemitteilungen"],"share_on_mastodon":{"url":"https:\/\/pubeurope.com\/@de\/117224484780715402","error":""},"_links":{"self":[{"href":"https:\/\/www.europesays.com\/de\/wp-json\/wp\/v2\/posts\/1284430","targetHints":{"allow":["GET"]}}],"collection":[{"href":"https:\/\/www.europesays.com\/de\/wp-json\/wp\/v2\/posts"}],"about":[{"href":"https:\/\/www.europesays.com\/de\/wp-json\/wp\/v2\/types\/post"}],"author":[{"embeddable":true,"href":"https:\/\/www.europesays.com\/de\/wp-json\/wp\/v2\/users\/2"}],"replies":[{"embeddable":true,"href":"https:\/\/www.europesays.com\/de\/wp-json\/wp\/v2\/comments?post=1284430"}],"version-history":[{"count":0,"href":"https:\/\/www.europesays.com\/de\/wp-json\/wp\/v2\/posts\/1284430\/revisions"}],"wp:featuredmedia":[{"embeddable":true,"href":"https:\/\/www.europesays.com\/de\/wp-json\/wp\/v2\/media\/1266941"}],"wp:attachment":[{"href":"https:\/\/www.europesays.com\/de\/wp-json\/wp\/v2\/media?parent=1284430"}],"wp:term":[{"taxonomy":"category","embeddable":true,"href":"https:\/\/www.europesays.com\/de\/wp-json\/wp\/v2\/categories?post=1284430"},{"taxonomy":"post_tag","embeddable":true,"href":"https:\/\/www.europesays.com\/de\/wp-json\/wp\/v2\/tags?post=1284430"}],"curies":[{"name":"wp","href":"https:\/\/api.w.org\/{rel}","templated":true}]}}