{"id":1284462,"date":"2026-09-06T14:26:19","date_gmt":"2026-09-06T14:26:19","guid":{"rendered":"https:\/\/www.europesays.com\/de\/1284462\/"},"modified":"2026-09-06T14:26:19","modified_gmt":"2026-09-06T14:26:19","slug":"nach-alphaville-eklat-diese-berliner-stars-spielten-jetzt-trotzdem-forever-young","status":"publish","type":"post","link":"https:\/\/www.europesays.com\/de\/1284462\/","title":{"rendered":"Nach Alphaville-Eklat: Diese Berliner Stars spielten jetzt trotzdem \u201eForever Young\u201c"},"content":{"rendered":"<p class=\"text-black text-[17px] leading-7 font-normal font-merriweather\">\n              Nach der <a href=\"https:\/\/www.berliner-zeitung.de\/article\/saengerin-annemarie-eilfeld-aus-sachsen-anhalt-lasse-mich-nicht-vor-einen-politischen-karren-spannen-10355098\" rel=\"nofollow noopener\" target=\"_blank\">Ausladung von Alphaville beim Gl\u00fccksgef\u00fchle-Festival<\/a> haben jetzt mehrere Berliner Musiker ein deutliches Zeichen gesetzt: <a href=\"https:\/\/www.berliner-zeitung.de\/article\/kreuzberger-dj-alle-farben-nach-lebensgefaehrlichem-unfall-ich-hatte-einen-schutzengel-2301867\" rel=\"nofollow noopener\" target=\"_blank\">DJ Alle Farben<\/a>, Rapperin <a href=\"https:\/\/www.berliner-zeitung.de\/article\/nicht-alle-soehne-aber-deiner-berliner-rapperin-nura-wehrt-sich-gegen-uebergriffige-nachrichten-2288441\" rel=\"nofollow noopener\" target=\"_blank\">Nura<\/a> und <a href=\"https:\/\/www.berliner-zeitung.de\/article\/ski-aggu-cancelt-sich-selbst-in-new-york-er-will-nicht-performen-und-so-tun-als-waere-alles-normal-10019958\" rel=\"nofollow noopener\" target=\"_blank\">Ski Aggu<\/a> spielten den <a href=\"https:\/\/www.berliner-zeitung.de\/article\/dj-koze-ueber-berliner-alphaville-song-forever-young-wir-konnten-nicht-glauben-dass-die-deutsch-sind-2315664\" rel=\"nofollow noopener\" target=\"_blank\">Alphaville<\/a>-Hit \u201eForever Young\u201c auf der B\u00fchne in Hockenheim \u2013 aus Solidarit\u00e4t mit der Band, die wegen politischer \u00c4u\u00dferungen ihres S\u00e4ngers Marian Gold zun\u00e4chst ausgeladen worden war.\n            <\/p>\n<p>            Der Eklat vor dem Festival<\/p>\n<p class=\"text-black text-[17px] leading-7 font-normal font-merriweather\">\n              Die Veranstalter des Gl\u00fccksgef\u00fchle-Festivals wollten auf ihren B\u00fchnen einen \u00dcberschwang an Politik verhindern.<\/p>\n<p>S\u00e4nger Marian Gold hatte sich zuvor gegen rechtsradikale Tendenzen positioniert. Das reichte offenbar, um Alphaville wieder auszuladen.<\/p>\n<p>Nach heftiger Kritik ruderten die Organisatoren zur\u00fcck und luden die Band erneut ein. Alphaville lehnte trotzdem ab.\n            <\/p>\n<p>            Die Band fehlte auf der B\u00fchne. Ihr gr\u00f6\u00dfter Hit nicht.<\/p>\n<p class=\"text-black text-[17px] leading-7 font-normal font-merriweather\">\n              Das Gl\u00fccksgef\u00fchle-Festival wird seit 2023 von dem ehemaligen Fu\u00dfballprofi Lukas Podolski und von Markus Krampe organisiert. Es gilt als eines der gr\u00f6\u00dften Musikfestivals Deutschlands, mit Hunderttausenden Besucherinnen und Besuchern am Hockenheimring.<\/p>\n<p>Genau das machte den Vorfall so brisant: Eine derart gro\u00dfe B\u00fchne, die politische \u00c4u\u00dferungen aufs Minimum reduzieren wollte, wurde selbst zum Gegenstand einer politischen Debatte.\n            <\/p>\n<p class=\"text-sm\">Zustimmung wird gepr\u00fcft&#8230;<\/p>\n<p>            Alle Farben macht den Anfang<\/p>\n<p class=\"text-black text-[17px] leading-7 font-normal font-merriweather\">\n              Noch vor dem eigentlichen Festival-Wochenende setzte der Berliner DJ Alle Farben das erste Zeichen.<\/p>\n<p>Schon am Donnerstagabend, beim Vor-Auftakt, baute er \u201eForever Young\u201c in sein Set ein.<\/p>\n<p>Ein kleines, aber unmissverst\u00e4ndliches Statement \u2013 noch bevor die Kontroverse ihren H\u00f6hepunkt erreichte.\n            <\/p>\n<p>            Nura wird deutlich<\/p>\n<p class=\"text-black text-[17px] leading-7 font-normal font-merriweather\">\n              Am Freitag zog Rapperin Nura nach. Sie spielte den Klassiker an und lie\u00df es nicht bei der Musik allein bewenden.<\/p>\n<p>Wer sie buche, bekomme keine unpolitische Show, machte sie dem Publikum klar.<\/p>\n<p>Besonders pointiert: Sie verwies darauf, dass andere, rechts positionierte K\u00fcnstler weiter auftreten d\u00fcrfen \u2013 w\u00e4hrend ausgerechnet Alphaville zum Politikum erkl\u00e4rt wurde.\n            <\/p>\n<p class=\"text-sm\">Zustimmung wird gepr\u00fcft&#8230;<\/p>\n<p>            Ski Aggu \u00fcber Kunstfreiheit<\/p>\n<p class=\"text-black text-[17px] leading-7 font-normal font-merriweather\">\n              Auch der Wilmersdorfer Hyperpop-Rapper Ski Aggu spielte den Song und nutzte seinen Auftritt f\u00fcr ein Pl\u00e4doyer.<\/p>\n<p>Wer eine Meinung habe, solle sie sich niemals verbieten lassen, rief er dem Publikum zu.\n            <\/p>\n<p class=\"text-black text-[17px] leading-7 font-normal font-merriweather\">\n              F\u00fcr Demokratie und Meinungsfreiheit einzutreten, sei selbstverst\u00e4ndlich. Ein K\u00fcnstler d\u00fcrfe und solle Haltung zeigen, erkl\u00e4rte er.<\/p>\n<p>Aus dem Mund eines Fun-Rappers, dessen Bild sonst von Ironie und Exzess lebt, wirkte dieser Ernst besonders deutlich.\n            <\/p>\n<p>            Warum ausgerechnet Berlin<\/p>\n<p class=\"text-black text-[17px] leading-7 font-normal font-merriweather\">\n              Zufall ist das nicht.<\/p>\n<p>Wer hier auf immer schon politisiertem Pflaster gro\u00df geworden ist (ob nun in Neuk\u00f6lln, Kreuzberg oder Marzahn-Hellersdorf), hat gelernt: Pop, Privates und Politisches lassen sich selten sauber trennen.<\/p>\n<p>Alle Farben, Nura und Ski Aggu haben das vorgef\u00fchrt, jeder auf seine Weise. Der eine allein schon \u00fcber die Musikauswahl, die anderen \u00fcber klare Worte zwischen den Songs.\n            <\/p>\n<p>            Der Song verselbstst\u00e4ndigt sich<\/p>\n<p class=\"text-black text-[17px] leading-7 font-normal font-merriweather\">\n              Was als spontane Geste einzelner Berliner Acts begann, entwickelte \u00fcber das Wochenende ein regelrechtes Eigenleben.<\/p>\n<p>Weitere K\u00fcnstlerinnen und K\u00fcnstler (etwa <a target=\"_blank\" href=\"https:\/\/taz.de\/Kuenstlerinnen-bei-Gluecksgefuehle\/!6210502\/\" rel=\"nofollow noopener\">der britische Singer-Songwriter Tom Gregory und der K\u00f6lner M\u00e4nnerchor<\/a> Die Gr\u00fcng\u00fcrtelrosen) griffen den Song im Laufe des Festivals ebenfalls auf \u2013 als musikalisches K\u00fcrzel f\u00fcr eine Haltung, die auf der B\u00fchne eigentlich unerw\u00fcnscht war.<\/p>\n<p>\u201eForever Young\u201c wurde so vom zeitlosen Radio-Evergreen zur informellen Hymne einer ganz und gar gegenw\u00e4rtigen Debatte, die das Festival vermeiden wollte.\n            <\/p>\n<p>            Ein Song wird zum Statement<\/p>\n<p class=\"text-black text-[17px] leading-7 font-normal font-merriweather\">\n              Am Ende hat das Festival, das Politik von seinen B\u00fchnen verbannen wollte, genau das Gegenteil erreicht.<\/p>\n<p>\u201eForever Young\u201c schallte quer \u00fcber den Hockenheimring \u2013 gespielt von K\u00fcnstlerinnen und K\u00fcnstlern, die zeigten, dass Solidarit\u00e4t manchmal am effektvollsten erklingt, wenn man einfach einen Song spielt.<\/p>\n<p>                    <img decoding=\"async\" src=\"https:\/\/www.berliner-zeitung.de\/images\/blz\/send-mail.svg\" alt=\"Send feedback\"\/><\/p>\n<p>Lesen Sie mehr zum Thema<\/p>\n","protected":false},"excerpt":{"rendered":"Nach der Ausladung von Alphaville beim Gl\u00fccksgef\u00fchle-Festival haben jetzt mehrere Berliner Musiker ein deutliches Zeichen gesetzt: DJ Alle&hellip;\n","protected":false},"author":2,"featured_media":1284463,"comment_status":"","ping_status":"","sticky":false,"template":"","format":"standard","meta":{"footnotes":"","_share_on_mastodon":"0"},"categories":[1825],"tags":[25244,296,29,30,14835,97786,264893,206630,63597],"class_list":["post-1284462","post","type-post","status-publish","format-standard","has-post-thumbnail","category-berlin","tag-ausladung","tag-berlin","tag-deutschland","tag-germany","tag-hockenheim","tag-hockenheimring","tag-jens-kalaene","tag-marian-gold","tag-nura"],"share_on_mastodon":{"url":"","error":""},"_links":{"self":[{"href":"https:\/\/www.europesays.com\/de\/wp-json\/wp\/v2\/posts\/1284462","targetHints":{"allow":["GET"]}}],"collection":[{"href":"https:\/\/www.europesays.com\/de\/wp-json\/wp\/v2\/posts"}],"about":[{"href":"https:\/\/www.europesays.com\/de\/wp-json\/wp\/v2\/types\/post"}],"author":[{"embeddable":true,"href":"https:\/\/www.europesays.com\/de\/wp-json\/wp\/v2\/users\/2"}],"replies":[{"embeddable":true,"href":"https:\/\/www.europesays.com\/de\/wp-json\/wp\/v2\/comments?post=1284462"}],"version-history":[{"count":0,"href":"https:\/\/www.europesays.com\/de\/wp-json\/wp\/v2\/posts\/1284462\/revisions"}],"wp:featuredmedia":[{"embeddable":true,"href":"https:\/\/www.europesays.com\/de\/wp-json\/wp\/v2\/media\/1284463"}],"wp:attachment":[{"href":"https:\/\/www.europesays.com\/de\/wp-json\/wp\/v2\/media?parent=1284462"}],"wp:term":[{"taxonomy":"category","embeddable":true,"href":"https:\/\/www.europesays.com\/de\/wp-json\/wp\/v2\/categories?post=1284462"},{"taxonomy":"post_tag","embeddable":true,"href":"https:\/\/www.europesays.com\/de\/wp-json\/wp\/v2\/tags?post=1284462"}],"curies":[{"name":"wp","href":"https:\/\/api.w.org\/{rel}","templated":true}]}}