{"id":1284500,"date":"2026-09-06T14:55:20","date_gmt":"2026-09-06T14:55:20","guid":{"rendered":"https:\/\/www.europesays.com\/de\/1284500\/"},"modified":"2026-09-06T14:55:20","modified_gmt":"2026-09-06T14:55:20","slug":"die-freibadsaison-in-braunschweig-endet-jetzt","status":"publish","type":"post","link":"https:\/\/www.europesays.com\/de\/1284500\/","title":{"rendered":"Die Freibadsaison in Braunschweig endet jetzt"},"content":{"rendered":"<p>Das Freibad im B\u00fcrgerpark. Archivbild | Foto: Matthias Kettling<\/p>\n<p class=\"datum\">06.09.2026, 12:15 Uhr<\/p>\n<p><strong>Braunschweig. Erneut blickt die Stadtbad GmbH auf eine lebhafte Freibadsaison zur\u00fcck, die im Freibad B\u00fcrgerpark am 8. September und im Freibad Raffteich am 6. September mit dem letzten \u00d6ffnungstag zu Ende geht. Lediglich zum Hundeschwimmen am 13. September wird das Raffteichbad erneut f\u00fcr die \u00d6ffentlichkeit zug\u00e4nglich sein. Dar\u00fcber informiert die Stadtbad Braunschweig Sport und Freizeit GmbH in einer Pressemitteilung. Im Freibad Waggum wurde die Saison bereits beendet.<br \/><\/strong><br \/>\n <\/p>\n<p>Die finale Auswertung der Besucherzahlen steht noch aus, doch schon jetzt zeichnet sich ab, dass die Grenze von 100.000 Besuchern in den drei Freib\u00e4dern \u00fcberschritten werden wird. Damit wird es f\u00fcr die Stadtbad GmbH eine \u00fcberdurchschnittlich gut besuchte Saison gewesen sein. Der zweitw\u00e4rmste Sommer seit Aufzeichnung hat sich auch <a class=\"redlink\" href=\"https:\/\/regionalheute.de\/braunschweig\/\" rel=\"nofollow noopener\" target=\"_blank\">in Braunschweig<\/a> bemerkbar gemacht und insbesondere bei Temperaturen von \u00fcber 35 Grad Celsius f\u00fcr volle Freib\u00e4der gesorgt.<\/p>\n<p>Hundeschwimmen und Herbstmarkt<\/p>\n<p>Den Abschluss der Freibadsaison im Raffteichbad machen erneut die Veranstaltungen Hundeschwimmen und Herbstmarkt. Am Sonntag, 13. September, k\u00f6nnen sich die Hunde in dem bis dahin chlorfreien Wasser von 9 Uhr bis 17 Uhr noch einmal richtig austoben. Der Herbstmarkt am 3. Oktober wird mit rund 80 St\u00e4nden und umfangreicherem Programm in diesem Jahr deutlich gr\u00f6\u00dfer und abwechslungsreicher als im letzten Jahr.<\/p>\n<p>Hallenb\u00e4der \u00f6ffnen<\/p>\n<p>Das Freizeitbad Wasserwelt war einen Gro\u00dfteil des Sommers \u00fcber ge\u00f6ffnet und setzt seinen Betrieb nahtlos fort. Mit dem Ende der Freibadsaison \u00f6ffnen auch wieder die Hallenb\u00e4der Heidberg und Stadtbad B\u00fcrgerpark.<\/p>\n<p>Das Sportbad Heidberg ist bereits seit einiger Zeit montags bis freitags mit den Bereichen Sauna und Massagen wieder in Betrieb. Am Montag, 7. September, wird hier auch der Badebetrieb wieder aufgenommen. Einige Bahnbelegungen durch Schulen und Vereine konnten so optimiert werden, dass nun auch dienstags und donnerstags immer mindestens 2 Bahnen im 25-Meter-Becken f\u00fcr die \u00d6ffentlichkeit zur Verf\u00fcgung stehen.<\/p>\n<p>Am 11. September folgt dann die \u00d6ffnung im Stadtbad B\u00fcrgerpark. Da dort zahlreiche Kinderschwimmkurse gegeben werden, beschr\u00e4nken sich die \u00d6ffnungszeiten f\u00fcr die \u00d6ffentlichkeit auf die Tage Dienstag, Mittwoch und Freitag von 10 bis 14:30 Uhr sowie Sonntag von 12 bis 17:30 Uhr. Alle Infos rund um die Braunschweiger B\u00e4der samt \u00d6ffnungszeiten sind unter www.stadtbad-bs.de zu finden.<\/p>\n","protected":false},"excerpt":{"rendered":"Das Freibad im B\u00fcrgerpark. Archivbild | Foto: Matthias Kettling 06.09.2026, 12:15 Uhr Braunschweig. Erneut blickt die Stadtbad GmbH&hellip;\n","protected":false},"author":2,"featured_media":1284501,"comment_status":"","ping_status":"","sticky":false,"template":"","format":"standard","meta":{"footnotes":"","_share_on_mastodon":"0"},"categories":[1850],"tags":[6429,3364,29,548,663,3934,30,13,14,15,1411,12],"class_list":["post-1284500","post","type-post","status-publish","format-standard","has-post-thumbnail","category-braunschweig","tag-braunschweig","tag-de","tag-deutschland","tag-eu","tag-europa","tag-europe","tag-germany","tag-headlines","tag-nachrichten","tag-news","tag-niedersachsen","tag-schlagzeilen"],"share_on_mastodon":{"url":"","error":""},"_links":{"self":[{"href":"https:\/\/www.europesays.com\/de\/wp-json\/wp\/v2\/posts\/1284500","targetHints":{"allow":["GET"]}}],"collection":[{"href":"https:\/\/www.europesays.com\/de\/wp-json\/wp\/v2\/posts"}],"about":[{"href":"https:\/\/www.europesays.com\/de\/wp-json\/wp\/v2\/types\/post"}],"author":[{"embeddable":true,"href":"https:\/\/www.europesays.com\/de\/wp-json\/wp\/v2\/users\/2"}],"replies":[{"embeddable":true,"href":"https:\/\/www.europesays.com\/de\/wp-json\/wp\/v2\/comments?post=1284500"}],"version-history":[{"count":0,"href":"https:\/\/www.europesays.com\/de\/wp-json\/wp\/v2\/posts\/1284500\/revisions"}],"wp:featuredmedia":[{"embeddable":true,"href":"https:\/\/www.europesays.com\/de\/wp-json\/wp\/v2\/media\/1284501"}],"wp:attachment":[{"href":"https:\/\/www.europesays.com\/de\/wp-json\/wp\/v2\/media?parent=1284500"}],"wp:term":[{"taxonomy":"category","embeddable":true,"href":"https:\/\/www.europesays.com\/de\/wp-json\/wp\/v2\/categories?post=1284500"},{"taxonomy":"post_tag","embeddable":true,"href":"https:\/\/www.europesays.com\/de\/wp-json\/wp\/v2\/tags?post=1284500"}],"curies":[{"name":"wp","href":"https:\/\/api.w.org\/{rel}","templated":true}]}}