{"id":1284516,"date":"2026-09-06T15:09:17","date_gmt":"2026-09-06T15:09:17","guid":{"rendered":"https:\/\/www.europesays.com\/de\/1284516\/"},"modified":"2026-09-06T15:09:17","modified_gmt":"2026-09-06T15:09:17","slug":"everswinkel-sturm-weht-strommasten-um-der-loest-feuer-aus","status":"publish","type":"post","link":"https:\/\/www.europesays.com\/de\/1284516\/","title":{"rendered":"Everswinkel: Sturm weht Strommasten um, der l\u00f6st Feuer aus"},"content":{"rendered":"<p>Ein Ackerbrand in Everswinkel entstand durch eine\u00a0 Kettenreaktion: Wind st\u00fcrzte einen Baum auf eine Stromleitung, ein Kurzschluss entz\u00fcndete das trockene Feld.<\/p>\n<p>Everswinkel (gl) &#8211; Eine nicht allt\u00e4gliche Alarmierung f\u00fchrte die Feuerwehr Everswinkel am Freitagnachmittag in die Bauerschaft Mehringen. Die Einsatzkr\u00e4fte wurden mit dem Stichwort \u201eAckerbrand durch Stromleitung\u201c alarmiert. Neben den L\u00f6schz\u00fcgen aus Everswinkel und Alverskirchen r\u00fcckten auch der Rettungsdienst sowie die Polizei aus Warendorf aus.<\/p>\n<p class=\"contextmenu caption\">Kurzschluss durch besch\u00e4digte Leitung<\/p>\n<p>Ausl\u00f6ser des Brandes war eine kr\u00e4ftige Windb\u00f6e, wie die Feuerwehr mitteilt. Ein Baum hielt den starken Windb\u00f6en nicht stand, st\u00fcrzte auf eine Stromleitung und riss dabei auch den Strommasten zu Boden. Durch die besch\u00e4digte Leitung kam es zu einem Kurzschluss. Die dabei entstandene Z\u00fcndung setzte das trockene Stoppelfeld in Brand.<\/p>\n<p>Angefacht durch den starken Wind breitete sich das Feuer rasch \u00fcber die Fl\u00e4che aus. Geistesgegenw\u00e4rtig griff der Landwirt selbst ein: Mit Trecker und Grubber bearbeitete er den Bereich rund um die Brandstelle und konnte damit gemeinsam mit den Feuerwehrkr\u00e4ften die weitere Ausbreitung des Feuers eind\u00e4mmen. F\u00fcr die Einsatzkr\u00e4fte galt dabei besondere Vorsicht, denn die Stromleitung war zun\u00e4chst nicht spannungsfrei. Erst nachdem der Netzbetreiber die Leitung abgeschaltet hatte, konnten die Feuerwehrleute die Brandbek\u00e4mpfung vollst\u00e4ndig durchf\u00fchren. Betroffen war eine mehrere Quadratmeter gro\u00dfe Fl\u00e4che des Stoppelfeldes. Durch das schnelle Eingreifen des Landwirts und der Feuerwehr konnte verhindert werden, dass sich das Feuer weiter ausbreitete.<\/p>\n<p>Texte und Fotos von die-glocke.de sind urheberrechtlich gesch\u00fctzt.<br \/>\n            Weiterverwendung nur mit Genehmigung der Chefredaktion.<\/p>\n","protected":false},"excerpt":{"rendered":"Ein Ackerbrand in Everswinkel entstand durch eine\u00a0 Kettenreaktion: Wind st\u00fcrzte einen Baum auf eine Stromleitung, ein Kurzschluss entz\u00fcndete&hellip;\n","protected":false},"author":2,"featured_media":1284517,"comment_status":"","ping_status":"","sticky":false,"template":"","format":"standard","meta":{"footnotes":"","_share_on_mastodon":"0"},"categories":[1843],"tags":[264901,2919,3364,29,126133,76303,985,30,107888,8970,1209,31428,19107],"class_list":["post-1284516","post","type-post","status-publish","format-standard","has-post-thumbnail","category-muenster","tag-ackerbrand","tag-brand","tag-de","tag-deutschland","tag-everswinkel","tag-feldbrand","tag-feuerwehr","tag-germany","tag-kurzschluss","tag-muenster","tag-nordrhein-westfalen","tag-strommast","tag-wind"],"share_on_mastodon":{"url":"https:\/\/pubeurope.com\/@de\/117224732368395255","error":""},"_links":{"self":[{"href":"https:\/\/www.europesays.com\/de\/wp-json\/wp\/v2\/posts\/1284516","targetHints":{"allow":["GET"]}}],"collection":[{"href":"https:\/\/www.europesays.com\/de\/wp-json\/wp\/v2\/posts"}],"about":[{"href":"https:\/\/www.europesays.com\/de\/wp-json\/wp\/v2\/types\/post"}],"author":[{"embeddable":true,"href":"https:\/\/www.europesays.com\/de\/wp-json\/wp\/v2\/users\/2"}],"replies":[{"embeddable":true,"href":"https:\/\/www.europesays.com\/de\/wp-json\/wp\/v2\/comments?post=1284516"}],"version-history":[{"count":0,"href":"https:\/\/www.europesays.com\/de\/wp-json\/wp\/v2\/posts\/1284516\/revisions"}],"wp:featuredmedia":[{"embeddable":true,"href":"https:\/\/www.europesays.com\/de\/wp-json\/wp\/v2\/media\/1284517"}],"wp:attachment":[{"href":"https:\/\/www.europesays.com\/de\/wp-json\/wp\/v2\/media?parent=1284516"}],"wp:term":[{"taxonomy":"category","embeddable":true,"href":"https:\/\/www.europesays.com\/de\/wp-json\/wp\/v2\/categories?post=1284516"},{"taxonomy":"post_tag","embeddable":true,"href":"https:\/\/www.europesays.com\/de\/wp-json\/wp\/v2\/tags?post=1284516"}],"curies":[{"name":"wp","href":"https:\/\/api.w.org\/{rel}","templated":true}]}}