{"id":1284648,"date":"2026-09-06T16:34:39","date_gmt":"2026-09-06T16:34:39","guid":{"rendered":"https:\/\/www.europesays.com\/de\/1284648\/"},"modified":"2026-09-06T16:34:39","modified_gmt":"2026-09-06T16:34:39","slug":"braunschweiger-krise-osnabrueck-gewinnt-niedersachsen-duell","status":"publish","type":"post","link":"https:\/\/www.europesays.com\/de\/1284648\/","title":{"rendered":"Braunschweiger Krise: Osnabr\u00fcck gewinnt Niedersachsen-Duell"},"content":{"rendered":"<p id=\"absatz1\">\n\t\t\t\t\t\t\tDie Saison begann f\u00fcr Eintracht Braunschweig mit einem 6:1 in Magdeburg. Doch seitdem geht es steil bergab. Auch das Niedersachsen-Duell in Osnabr\u00fcck endet mit einer Niederlage.<\/p>\n<p class=\"em_text\">Der Abw\u00e4rtstrend von Eintracht Braunschweig geht weiter. Die Eintracht unterlag in der 2. Fu\u00dfball-Bundesliga auch im Niedersachsen-Duell beim VfL Osnabr\u00fcck mit 1:3 (0:0) und hat nun vier Pflichtspiele nacheinander verloren. Vor 15.741 Zuschauern trafen Daniel Kofi Kyereh (52. Minute), Bjarke Jacobsen (76.) und Robin Mei\u00dfner (80.) f\u00fcr den Aufsteiger. F\u00fcr Kyereh war es das erste Profitor nach mehr als dreij\u00e4hriger Verletzungspause. Yann Sturm gelang nur noch der Anschlusstreffer f\u00fcr Braunschweig (88.).<\/p>\n<p class=\"em_text\">Eigentlich war die Eintracht diesmal deutlich mehr auf Sicherheit bedacht, nachdem sie zuletzt im Pokal gegen den 1. FC Union (2:4) und in der Liga Hertha BSC (3:5) aus Berlin neun Gegentore in nur zwei Spielen kassiert hatten. Den Osnabr\u00fcckern fehlte nach dem DFB-Pokal-Highlight gegen Bayern M\u00fcnchen (1:4) zun\u00e4chst erkennbar die Frische und Energie.<\/p>\n<p>\t\t\t\t\t\t\t\t\t\t\t\t\t\t\t\t\t\t\tErst z\u00e4he Angelegenheit, dann Tore<\/p>\n<p class=\"em_text\">Entsprechend z\u00e4h verlief dieses Spiel. Der VfL schoss in der 41. Minute \u00fcberhaupt zum ersten Mal aufs Tor. Die Eintracht war im Vergleich dazu deutlich zielstrebiger und pr\u00e4senter. Ein abgef\u00e4lschter Schuss von Andi Hoti flog nur an den Pfosten (20.). In der 37. Minute rettete Osnabr\u00fccks Torwart Jonas Krumrey gegen den frei vor ihm aufgetauchten Max Marie.<\/p>\n<p class=\"em_text\">VfL-Trainer Timo Schultz wechselte zur Pause den ehemaligen St. Paulianer\u00a0<br \/>Kyereh ein, der kurz darauf zum 1:0 traf. Das Tor fiel aus dem Nichts, aber dennoch fanden die Braunschweiger darauf keine Antwort. In der zweiten Halbzeit brach die Eintracht komplett auseinander. Die Osnabr\u00fccker verdienten sich diesen Prestigeerfolg gegen den nieders\u00e4chsischen Rivalen mit einer deutlichen Leistungssteigerung.<\/p>\n<p class=\"em_text\">\u00a9 dpa-infocom, dpa:260906-930-642000\/2<\/p>\n<p><a href=\"https:\/\/img.heimatsport.de\/ezplatform\/images\/5\/6\/2\/0\/447370265-1-ger-DE\/ac39d48cfb11-h6xmr72bb7-v5-ax-s2048.jpeg\" class=\"use-fancybox\" data-fancybox=\"images\" data-caption=\"\" rel=\"nofollow noopener\" target=\"_blank\">                        <\/p>\n<p>    <img decoding=\"async\" aria-hidden=\"true\" loading=\"lazy\" onload=\"this.parentNode.style.backgroundColor=\" transparent=\"\" alt=\"\" src=\"https:\/\/www.europesays.com\/de\/wp-content\/uploads\/2026\/09\/ac39d48cfb11-h6xmr72bb7-v5-ax-s2048.jpeg\" class=\"media-image img-fluid owl-lazy  h-100 \" width=\"1040\" height=\"auto\" itemprop=\"image\" style=\"opacity: 1; object-fit: cover; max-height: 520px;\"\/><\/p>\n<p>            <\/a><\/p>\n<p class=\"caption\">\n                VfL Osnabr\u00fcck &#8211; Eintracht Braunschweig &#8211; Die Spieler des VfL Osnabr\u00fcck feiern den Torsch\u00fctzen  Daniel-Kofi Kyereh (3.von links). &#8211; Foto: David Ebener\/dpa<\/p>\n<p><a href=\"https:\/\/img.heimatsport.de\/ezplatform\/images\/8\/9\/2\/0\/447370298-1-ger-DE\/da4312dd702a-zv27oszbtf-v7-ax-s2048.jpeg\" class=\"use-fancybox\" data-fancybox=\"images\" data-caption=\"\" rel=\"nofollow noopener\" target=\"_blank\">                        <\/p>\n<p>    <img decoding=\"async\" aria-hidden=\"true\" loading=\"lazy\" onload=\"this.parentNode.style.backgroundColor=\" transparent=\"\" alt=\"\" src=\"https:\/\/www.europesays.com\/de\/wp-content\/uploads\/2026\/09\/da4312dd702a-zv27oszbtf-v7-ax-s2048.jpeg\" class=\"media-image img-fluid owl-lazy  h-100 \" width=\"1040\" height=\"auto\" itemprop=\"image\" style=\"opacity: 1; object-fit: cover; max-height: 520px;\"\/><\/p>\n<p>            <\/a><\/p>\n<p class=\"caption\">\n                VfL Osnabr\u00fcck &#8211; Eintracht Braunschweig &#8211; Der Osnabr\u00fccker Ismail Badjie (r) im Zweikampf mit Florian Flick von Eintracht Braunschweig. &#8211; Foto: David Ebener\/dpa<\/p>\n","protected":false},"excerpt":{"rendered":"Die Saison begann f\u00fcr Eintracht Braunschweig mit einem 6:1 in Magdeburg. Doch seitdem geht es steil bergab. Auch&hellip;\n","protected":false},"author":2,"featured_media":1284649,"comment_status":"","ping_status":"","sticky":false,"template":"","format":"standard","meta":{"footnotes":"","_share_on_mastodon":"0"},"categories":[1850],"tags":[6429,3364,29,548,663,3934,30,13,14,15,1411,12],"class_list":["post-1284648","post","type-post","status-publish","format-standard","has-post-thumbnail","category-braunschweig","tag-braunschweig","tag-de","tag-deutschland","tag-eu","tag-europa","tag-europe","tag-germany","tag-headlines","tag-nachrichten","tag-news","tag-niedersachsen","tag-schlagzeilen"],"share_on_mastodon":{"url":"https:\/\/pubeurope.com\/@de\/117225067716223769","error":""},"_links":{"self":[{"href":"https:\/\/www.europesays.com\/de\/wp-json\/wp\/v2\/posts\/1284648","targetHints":{"allow":["GET"]}}],"collection":[{"href":"https:\/\/www.europesays.com\/de\/wp-json\/wp\/v2\/posts"}],"about":[{"href":"https:\/\/www.europesays.com\/de\/wp-json\/wp\/v2\/types\/post"}],"author":[{"embeddable":true,"href":"https:\/\/www.europesays.com\/de\/wp-json\/wp\/v2\/users\/2"}],"replies":[{"embeddable":true,"href":"https:\/\/www.europesays.com\/de\/wp-json\/wp\/v2\/comments?post=1284648"}],"version-history":[{"count":0,"href":"https:\/\/www.europesays.com\/de\/wp-json\/wp\/v2\/posts\/1284648\/revisions"}],"wp:featuredmedia":[{"embeddable":true,"href":"https:\/\/www.europesays.com\/de\/wp-json\/wp\/v2\/media\/1284649"}],"wp:attachment":[{"href":"https:\/\/www.europesays.com\/de\/wp-json\/wp\/v2\/media?parent=1284648"}],"wp:term":[{"taxonomy":"category","embeddable":true,"href":"https:\/\/www.europesays.com\/de\/wp-json\/wp\/v2\/categories?post=1284648"},{"taxonomy":"post_tag","embeddable":true,"href":"https:\/\/www.europesays.com\/de\/wp-json\/wp\/v2\/tags?post=1284648"}],"curies":[{"name":"wp","href":"https:\/\/api.w.org\/{rel}","templated":true}]}}