{"id":1284793,"date":"2026-09-06T18:17:30","date_gmt":"2026-09-06T18:17:30","guid":{"rendered":"https:\/\/www.europesays.com\/de\/1284793\/"},"modified":"2026-09-06T18:17:30","modified_gmt":"2026-09-06T18:17:30","slug":"salzgitter-junge-laeuft-zeitung-hinterher-und-verunglueckt","status":"publish","type":"post","link":"https:\/\/www.europesays.com\/de\/1284793\/","title":{"rendered":"Salzgitter: Junge l\u00e4uft Zeitung hinterher und verungl\u00fcckt"},"content":{"rendered":"<p class=\"kicker \" style=\"\">Im Norden<\/p>\n<p>\n        Polizei und Rettungsdienst im Einsatz (Symbolbild).<br \/>\n        imago images\/Maximilian Koch\n    <\/p>\n<p class=\"subtitle \" style=\"\">Ein Junge ist am Samstagnachmittag in Salzgitter einer weggewehten Zeitung hinterhergelaufen \u2013 und kam so unters Auto.\u00a0<\/p>\n<p>Tragischer Unfall in Salzgitter: Ein Zehnj\u00e4hriger ist dort wegen einer weggewehten Zeitung verungl\u00fcckt. <\/p>\n<p>Der Junge sei der vom Wind erfassten Zeitung hinterhergelaufen und habe dabei die Burgundenstra\u00dfe \u00fcberquert, teilte die Polizei mit.<\/p>\n<p>Gl\u00fcck im Ungl\u00fcck: Zehnj\u00e4hriger bei Unfall leicht verletzt<\/p>\n<p>Dabei stolperte der Zehnj\u00e4hrige und st\u00fcrzte auf die Fahrbahn. Zeitgleich setzte ein 25 Jahre alter Autofahrer mit seinem Wagen r\u00fcckw\u00e4rts in eine seitliche Parkl\u00fccke\u00a0\u2013 und \u00fcbersah das Kind. Das Fahrzeug \u00fcberrollte den rechten Arm des Jungen. <\/p>\n<p>        Das k\u00f6nnte Sie auch interessieren:<\/p>\n<p>Der Zehnj\u00e4hrige hatte Gl\u00fcck im Ungl\u00fcck \u2013 und wurde bei dem Unfall nur leicht verletzt. (dpa\/mp)<\/p>\n","protected":false},"excerpt":{"rendered":"Im Norden Polizei und Rettungsdienst im Einsatz (Symbolbild). imago images\/Maximilian Koch Ein Junge ist am Samstagnachmittag in Salzgitter&hellip;\n","protected":false},"author":2,"featured_media":1284794,"comment_status":"","ping_status":"","sticky":false,"template":"","format":"standard","meta":{"footnotes":"","_share_on_mastodon":"0"},"categories":[1850],"tags":[6429,3364,29,548,663,3934,30,13,14,15,1411,12],"class_list":["post-1284793","post","type-post","status-publish","format-standard","has-post-thumbnail","category-braunschweig","tag-braunschweig","tag-de","tag-deutschland","tag-eu","tag-europa","tag-europe","tag-germany","tag-headlines","tag-nachrichten","tag-news","tag-niedersachsen","tag-schlagzeilen"],"share_on_mastodon":{"url":"https:\/\/pubeurope.com\/@de\/117225471814967712","error":""},"_links":{"self":[{"href":"https:\/\/www.europesays.com\/de\/wp-json\/wp\/v2\/posts\/1284793","targetHints":{"allow":["GET"]}}],"collection":[{"href":"https:\/\/www.europesays.com\/de\/wp-json\/wp\/v2\/posts"}],"about":[{"href":"https:\/\/www.europesays.com\/de\/wp-json\/wp\/v2\/types\/post"}],"author":[{"embeddable":true,"href":"https:\/\/www.europesays.com\/de\/wp-json\/wp\/v2\/users\/2"}],"replies":[{"embeddable":true,"href":"https:\/\/www.europesays.com\/de\/wp-json\/wp\/v2\/comments?post=1284793"}],"version-history":[{"count":0,"href":"https:\/\/www.europesays.com\/de\/wp-json\/wp\/v2\/posts\/1284793\/revisions"}],"wp:featuredmedia":[{"embeddable":true,"href":"https:\/\/www.europesays.com\/de\/wp-json\/wp\/v2\/media\/1284794"}],"wp:attachment":[{"href":"https:\/\/www.europesays.com\/de\/wp-json\/wp\/v2\/media?parent=1284793"}],"wp:term":[{"taxonomy":"category","embeddable":true,"href":"https:\/\/www.europesays.com\/de\/wp-json\/wp\/v2\/categories?post=1284793"},{"taxonomy":"post_tag","embeddable":true,"href":"https:\/\/www.europesays.com\/de\/wp-json\/wp\/v2\/tags?post=1284793"}],"curies":[{"name":"wp","href":"https:\/\/api.w.org\/{rel}","templated":true}]}}