{"id":1284805,"date":"2026-09-06T18:26:21","date_gmt":"2026-09-06T18:26:21","guid":{"rendered":"https:\/\/www.europesays.com\/de\/1284805\/"},"modified":"2026-09-06T18:26:21","modified_gmt":"2026-09-06T18:26:21","slug":"pol-ka-kaeggenstein-leopoldshafen-pkw-geraet-bei-unfall-in-vollbrand","status":"publish","type":"post","link":"https:\/\/www.europesays.com\/de\/1284805\/","title":{"rendered":"POL-KA: (KA)Eggenstein-Leopoldshafen &#8211; Pkw ger\u00e4t bei Unfall in Vollbrand"},"content":{"rendered":"<p class=\"date\">06.09.2026 \u2013 13:24<\/p>\n<p class=\"customer\">\n                        <a class=\"story-customer\" title=\"weiter zum newsroom von Polizeipr\u00e4sidium Karlsruhe\" href=\"https:\/\/www.presseportal.de\/blaulicht\/nr\/110972\" rel=\"nofollow noopener\" target=\"_blank\">Polizeipr\u00e4sidium Karlsruhe<\/a>\n                    <\/p>\n<p><a data-category=\"citylink-story-view\" data-action=\"click\" data-label=\"Citylink in Meldungsansicht\" class=\"story-city event-trigger\" href=\"https:\/\/www.presseportal.de\/regional\/Karlsruhe\" title=\"News aus Karlsruhe \" rel=\"nofollow noopener\" target=\"_blank\">Karlsruhe<\/a> (ots)<\/p>\n<p>Ein folgenschwerer Unfall ereignete sich in der Nacht auf Sonntag in Leopoldhafen. Nach aktuellem Informationsstand war der Unfallverursacher gegen 03.30 Uhr mit seinem Fahrzeug von der Rheinf\u00e4hre kommend auf der L 559 in Richtung Leopoldshafen Ortsmitte unterwegs. In einer Linkskurve am Ortseingang verlor der Fahrzeugf\u00fchrer die Kontrolle \u00fcber sein Gef\u00e4hrt und prallte nach dem \u00dcberfahren mehrerer Schilderpfosten mit seinem Pkw gegen eine grundst\u00fccksbegrenzende Mauer. Der Fahrzeugf\u00fchrer konnte sich eigenst\u00e4ndig aus seinem Fahrzeug befreien, der Pkw geriet in Vollbrand und wurde durch die \u00f6rtliche Feuerwehr gel\u00f6scht.<br \/>\nAn dem Wohngeb\u00e4ude sowie im Grundst\u00fccksbereich entstand aufgrund des Feuers sowie auslaufender Betriebsstoffe ein gesch\u00e4tzter Schaden von 15.000 Euro, der Pkw Citroen selbst schl\u00e4gt mit ca. 20.000 Euro Schaden zu Buche.<br \/>\nDer 20-j\u00e4hrige Unfallverursacher wurde bei dem Geschehen leicht verletzt. Die Ermittlungen zur Unfallursache dauern aktuell an.<\/p>\n<p>Alex Renner \/ F\u00fchrungs- und Lagezentrum<\/p>\n<p class=\"contact-headline\">R\u00fcckfragen bitte an:<\/p>\n<p class=\"contact-text\">Polizeipr\u00e4sidium Karlsruhe<br \/>Telefon: 0721 666-1111<br \/>E-Mail: <a href=\"https:\/\/www.presseportal.de\/blaulicht\/pm\/110972\/mailto:karlsruhe.pp.sts.oe@polizei.bwl.de\" class=\"uri-mailto\" rel=\"nofollow noopener\" target=\"_blank\">karlsruhe.pp.sts.oe@polizei.bwl.de<\/a><br \/><a target=\"_blank\" class=\"uri-ext outbound\" rel=\"noopener nofollow\" href=\"http:\/\/www.polizei-bw.de\/\">http:\/\/www.polizei-bw.de\/<\/a><\/p>\n<p class=\"originator\">Original-Content von: Polizeipr\u00e4sidium Karlsruhe, \u00fcbermittelt durch news aktuell<\/p>\n","protected":false},"excerpt":{"rendered":"06.09.2026 \u2013 13:24 Polizeipr\u00e4sidium Karlsruhe Karlsruhe (ots) Ein folgenschwerer Unfall ereignete sich in der Nacht auf Sonntag in&hellip;\n","protected":false},"author":2,"featured_media":1266941,"comment_status":"","ping_status":"","sticky":false,"template":"","format":"standard","meta":{"footnotes":"","_share_on_mastodon":"0"},"categories":[1844],"tags":[1634,6187,3364,29,30,8903,177,121,178,180,179,181],"class_list":["post-1284805","post","type-post","status-publish","format-standard","has-post-thumbnail","category-karlsruhe","tag-baden-wuerttemberg","tag-bw","tag-de","tag-deutschland","tag-germany","tag-karlsruhe","tag-kriminalitt","tag-polizei","tag-presse","tag-pressemeldung","tag-pressemitteilung","tag-pressemitteilungen"],"share_on_mastodon":{"url":"https:\/\/pubeurope.com\/@de\/117225507229074191","error":""},"_links":{"self":[{"href":"https:\/\/www.europesays.com\/de\/wp-json\/wp\/v2\/posts\/1284805","targetHints":{"allow":["GET"]}}],"collection":[{"href":"https:\/\/www.europesays.com\/de\/wp-json\/wp\/v2\/posts"}],"about":[{"href":"https:\/\/www.europesays.com\/de\/wp-json\/wp\/v2\/types\/post"}],"author":[{"embeddable":true,"href":"https:\/\/www.europesays.com\/de\/wp-json\/wp\/v2\/users\/2"}],"replies":[{"embeddable":true,"href":"https:\/\/www.europesays.com\/de\/wp-json\/wp\/v2\/comments?post=1284805"}],"version-history":[{"count":0,"href":"https:\/\/www.europesays.com\/de\/wp-json\/wp\/v2\/posts\/1284805\/revisions"}],"wp:featuredmedia":[{"embeddable":true,"href":"https:\/\/www.europesays.com\/de\/wp-json\/wp\/v2\/media\/1266941"}],"wp:attachment":[{"href":"https:\/\/www.europesays.com\/de\/wp-json\/wp\/v2\/media?parent=1284805"}],"wp:term":[{"taxonomy":"category","embeddable":true,"href":"https:\/\/www.europesays.com\/de\/wp-json\/wp\/v2\/categories?post=1284805"},{"taxonomy":"post_tag","embeddable":true,"href":"https:\/\/www.europesays.com\/de\/wp-json\/wp\/v2\/tags?post=1284805"}],"curies":[{"name":"wp","href":"https:\/\/api.w.org\/{rel}","templated":true}]}}