{"id":1284827,"date":"2026-09-06T18:46:34","date_gmt":"2026-09-06T18:46:34","guid":{"rendered":"https:\/\/www.europesays.com\/de\/1284827\/"},"modified":"2026-09-06T18:46:34","modified_gmt":"2026-09-06T18:46:34","slug":"macht-luegen-und-geheimnisse-frankreichs-starautorin-leila-slimani","status":"publish","type":"post","link":"https:\/\/www.europesays.com\/de\/1284827\/","title":{"rendered":"Macht, L\u00fcgen und Geheimnisse \u2013 Frankreichs Starautorin Leila Slimani"},"content":{"rendered":"<p>Wie ein Popstar wurde die Schriftstellerin <a href=\"https:\/\/www.swr.de\/kultur\/literatur\/leila-slimani-trag-das-feuer-weiter-100.html\" class=\"link link-inline inline-link\" title=\"Nach \u201eDas Land der Anderen&quot; und \u201eDer Duft der Blumen bei Nacht&quot; - \u201eTrag das Feuer weiter&quot; ist ein Abschluss mit Unbehagen: Letzter Band der Marokko-Trilogie von Starautorin Le\u00efla Slimani\" rel=\"nofollow noopener\" target=\"_blank\">Leila Slimani<\/a> gefeiert, als sie vor zehn Jahren den wichtigsten Literaturpreis Frankreichs, den Prix Goncourt, bekam. Und der Rummel ist nicht weniger geworden, denn alle ihre B\u00fccher sind Bestseller. <\/p>\n<p>Tabulos und schockierend<\/p>\n<p>Slimani schreibt direkt, tabulos und schockierend \u00fcber die d\u00fcsteren Seiten der Menschen: \u00fcber Gewalt und Macht, Geheimnisse, L\u00fcgen und sexuelle Abgr\u00fcnde. <\/p>\n<p><img src=\"https:\/\/www.europesays.com\/de\/wp-content\/uploads\/2026\/09\/1784180595749,leila-slimani-macht-luegen-und-geheimnisse-100~_v-16x9@2dS_-6be50a9c75559ca1aaf1d0b25b.jpeg\"   class=\"\" data-copyright=\"Foto: Pressestelle, picture-alliance\" alt=\"Leila Slimani\" width=\"320\" height=\"180\" decoding=\"async\" loading=\"lazy\"\/><\/p>\n<p>Pressestelle<\/p>\n<p>picture-alliance<\/p>\n<p>Und sie erz\u00e4hlt von Frauen: von ihrer franz\u00f6sischen Gro\u00dfmutter, die mit einem marokkanischen Soldaten nach dem 2. Weltkrieg nach Marokko ging. Von einem mordenden Kinderm\u00e4dchen oder einer sexs\u00fcchtigen Arztfrau in Paris. <\/p>\n<p>Vor einigen Jahren ist die Autorin nach Lissabon gezogen, um ihre Familientrilogie zu schreiben. Simone Hamm hat sie dort getroffen &#8211; in einem geheimen Garten. <\/p>\n","protected":false},"excerpt":{"rendered":"Wie ein Popstar wurde die Schriftstellerin Leila Slimani gefeiert, als sie vor zehn Jahren den wichtigsten Literaturpreis Frankreichs,&hellip;\n","protected":false},"author":2,"featured_media":1284828,"comment_status":"","ping_status":"","sticky":false,"template":"","format":"standard","meta":{"footnotes":"","_share_on_mastodon":"0"},"categories":[3974],"tags":[331,332,548,663,3934,3980,156,13,14,15,12],"class_list":["post-1284827","post","type-post","status-publish","format-standard","has-post-thumbnail","category-frankreich","tag-aktuelle-nachrichten","tag-aktuelle-news","tag-eu","tag-europa","tag-europe","tag-france","tag-frankreich","tag-headlines","tag-nachrichten","tag-news","tag-schlagzeilen"],"share_on_mastodon":{"url":"https:\/\/pubeurope.com\/@de\/117225585971217231","error":""},"_links":{"self":[{"href":"https:\/\/www.europesays.com\/de\/wp-json\/wp\/v2\/posts\/1284827","targetHints":{"allow":["GET"]}}],"collection":[{"href":"https:\/\/www.europesays.com\/de\/wp-json\/wp\/v2\/posts"}],"about":[{"href":"https:\/\/www.europesays.com\/de\/wp-json\/wp\/v2\/types\/post"}],"author":[{"embeddable":true,"href":"https:\/\/www.europesays.com\/de\/wp-json\/wp\/v2\/users\/2"}],"replies":[{"embeddable":true,"href":"https:\/\/www.europesays.com\/de\/wp-json\/wp\/v2\/comments?post=1284827"}],"version-history":[{"count":0,"href":"https:\/\/www.europesays.com\/de\/wp-json\/wp\/v2\/posts\/1284827\/revisions"}],"wp:featuredmedia":[{"embeddable":true,"href":"https:\/\/www.europesays.com\/de\/wp-json\/wp\/v2\/media\/1284828"}],"wp:attachment":[{"href":"https:\/\/www.europesays.com\/de\/wp-json\/wp\/v2\/media?parent=1284827"}],"wp:term":[{"taxonomy":"category","embeddable":true,"href":"https:\/\/www.europesays.com\/de\/wp-json\/wp\/v2\/categories?post=1284827"},{"taxonomy":"post_tag","embeddable":true,"href":"https:\/\/www.europesays.com\/de\/wp-json\/wp\/v2\/tags?post=1284827"}],"curies":[{"name":"wp","href":"https:\/\/api.w.org\/{rel}","templated":true}]}}