{"id":1284974,"date":"2026-09-06T20:29:39","date_gmt":"2026-09-06T20:29:39","guid":{"rendered":"https:\/\/www.europesays.com\/de\/1284974\/"},"modified":"2026-09-06T20:29:39","modified_gmt":"2026-09-06T20:29:39","slug":"kinderarmut-in-frankreich-3500-kinder-entdecken-das-meer","status":"publish","type":"post","link":"https:\/\/www.europesays.com\/de\/1284974\/","title":{"rendered":"Kinderarmut in Frankreich: 3500 Kinder entdecken das Meer"},"content":{"rendered":"\n<p> Abo       \u2013   <\/p>\n<p> \u00abHeute bringen wir die Kinder ans Meer\u00bb <\/p>\n<p class=\"lead regular externalicon-big astro-odojtzmo\"> Es ist die Ahnung von einer besseren Welt f\u00fcr einen Tag: 3500 franz\u00f6sische Kinder aus \u00e4rmeren Familien fahren an den Strand von Deauville. Wenn da nur nicht der Regen w\u00e4re.  <\/p>\n<p>  Josef Kelnberger aus Deauville   <\/p>\n<p>    Publiziert heute um 13:23 Uhr                            LinkedIn Link kopiert Error occurred        Facebook Link kopiert Error occurred        X Link kopiert Error occurred           E-Mail Link kopiert Error occurred        Link kopieren Link kopiert Error occurred              <\/p>\n","protected":false},"excerpt":{"rendered":"Abo \u2013 \u00abHeute bringen wir die Kinder ans Meer\u00bb Es ist die Ahnung von einer besseren Welt f\u00fcr&hellip;\n","protected":false},"author":2,"featured_media":1284975,"comment_status":"","ping_status":"","sticky":false,"template":"","format":"standard","meta":{"footnotes":"","_share_on_mastodon":"0"},"categories":[3974],"tags":[331,332,548,663,3934,3980,156,13,80246,14,15,12,264952],"class_list":["post-1284974","post","type-post","status-publish","format-standard","has-post-thumbnail","category-frankreich","tag-aktuelle-nachrichten","tag-aktuelle-news","tag-eu","tag-europa","tag-europe","tag-france","tag-frankreich","tag-headlines","tag-inspiration","tag-nachrichten","tag-news","tag-schlagzeilen","tag-stats-sueddeutsche-zeitung"],"share_on_mastodon":{"url":"https:\/\/pubeurope.com\/@de\/117225990599704589","error":""},"_links":{"self":[{"href":"https:\/\/www.europesays.com\/de\/wp-json\/wp\/v2\/posts\/1284974","targetHints":{"allow":["GET"]}}],"collection":[{"href":"https:\/\/www.europesays.com\/de\/wp-json\/wp\/v2\/posts"}],"about":[{"href":"https:\/\/www.europesays.com\/de\/wp-json\/wp\/v2\/types\/post"}],"author":[{"embeddable":true,"href":"https:\/\/www.europesays.com\/de\/wp-json\/wp\/v2\/users\/2"}],"replies":[{"embeddable":true,"href":"https:\/\/www.europesays.com\/de\/wp-json\/wp\/v2\/comments?post=1284974"}],"version-history":[{"count":0,"href":"https:\/\/www.europesays.com\/de\/wp-json\/wp\/v2\/posts\/1284974\/revisions"}],"wp:featuredmedia":[{"embeddable":true,"href":"https:\/\/www.europesays.com\/de\/wp-json\/wp\/v2\/media\/1284975"}],"wp:attachment":[{"href":"https:\/\/www.europesays.com\/de\/wp-json\/wp\/v2\/media?parent=1284974"}],"wp:term":[{"taxonomy":"category","embeddable":true,"href":"https:\/\/www.europesays.com\/de\/wp-json\/wp\/v2\/categories?post=1284974"},{"taxonomy":"post_tag","embeddable":true,"href":"https:\/\/www.europesays.com\/de\/wp-json\/wp\/v2\/tags?post=1284974"}],"curies":[{"name":"wp","href":"https:\/\/api.w.org\/{rel}","templated":true}]}}