{"id":128834,"date":"2025-05-21T19:34:19","date_gmt":"2025-05-21T19:34:19","guid":{"rendered":"https:\/\/www.europesays.com\/de\/128834\/"},"modified":"2025-05-21T19:34:19","modified_gmt":"2025-05-21T19:34:19","slug":"mehr-kuenstler-mehr-platz-und-eine-reise-um-die-welt","status":"publish","type":"post","link":"https:\/\/www.europesays.com\/de\/128834\/","title":{"rendered":"Mehr K\u00fcnstler, mehr Platz und eine Reise um die Welt"},"content":{"rendered":"<p class=\"bold\">\n\t\t\t\t\t\t\t\t\t\tZum achten Mal verwandelt das Festival der Stra\u00dfenkunst die Innenstadt in eine Freilichtb\u00fchne. K\u00fcnstler aus 20 Nationen sollen es noch spektakul\u00e4rer machen. Sie verlegen Chemnitz ins Zentrum des Universums.\t\t\t\t<\/p>\n<p>\t\t\t\t Wann: Das Festival geht von Freitag, 30. Mai bis Sonntag, 1. Juni. K\u00fcnstler sind am Freitag von 15 bis 22 Uhr, Samstag von 12 bis 23 Uhr und am Sonntag von 12 bis 18 Uhr zu erleben.<\/p>\n<p>\t\t<img decoding=\"async\" class=\"fp-plus-logo\" src=\"https:\/\/www.europesays.com\/de\/wp-content\/uploads\/2025\/04\/fpplus.svg.svg+xml\" alt=\"Freie Presse plus Logo\"\/><\/p>\n<p>Registrieren und testen.<\/p>\n<p>Jetzt mit Ihrer Registrierung 1 Monat gratis testen und alle Beitr\u00e4ge lesen.<\/p>\n<p>Schon Abonnent? Melden Sie sich mit ihren Zugangsdaten an.<\/p>\n","protected":false},"excerpt":{"rendered":"Zum achten Mal verwandelt das Festival der Stra\u00dfenkunst die Innenstadt in eine Freilichtb\u00fchne. K\u00fcnstler aus 20 Nationen sollen&hellip;\n","protected":false},"author":2,"featured_media":128835,"comment_status":"","ping_status":"","sticky":false,"template":"","format":"standard","meta":{"footnotes":""},"categories":[1851],"tags":[2770,3364,29,548,663,3934,30,13,14,15,859,12,3866],"class_list":{"0":"post-128834","1":"post","2":"type-post","3":"status-publish","4":"format-standard","5":"has-post-thumbnail","7":"category-chemnitz","8":"tag-chemnitz","9":"tag-de","10":"tag-deutschland","11":"tag-eu","12":"tag-europa","13":"tag-europe","14":"tag-germany","15":"tag-headlines","16":"tag-nachrichten","17":"tag-news","18":"tag-sachsen","19":"tag-schlagzeilen","20":"tag-veranstaltungen"},"share_on_mastodon":{"url":"https:\/\/pubeurope.com\/@de\/114547501716167013","error":""},"_links":{"self":[{"href":"https:\/\/www.europesays.com\/de\/wp-json\/wp\/v2\/posts\/128834","targetHints":{"allow":["GET"]}}],"collection":[{"href":"https:\/\/www.europesays.com\/de\/wp-json\/wp\/v2\/posts"}],"about":[{"href":"https:\/\/www.europesays.com\/de\/wp-json\/wp\/v2\/types\/post"}],"author":[{"embeddable":true,"href":"https:\/\/www.europesays.com\/de\/wp-json\/wp\/v2\/users\/2"}],"replies":[{"embeddable":true,"href":"https:\/\/www.europesays.com\/de\/wp-json\/wp\/v2\/comments?post=128834"}],"version-history":[{"count":0,"href":"https:\/\/www.europesays.com\/de\/wp-json\/wp\/v2\/posts\/128834\/revisions"}],"wp:featuredmedia":[{"embeddable":true,"href":"https:\/\/www.europesays.com\/de\/wp-json\/wp\/v2\/media\/128835"}],"wp:attachment":[{"href":"https:\/\/www.europesays.com\/de\/wp-json\/wp\/v2\/media?parent=128834"}],"wp:term":[{"taxonomy":"category","embeddable":true,"href":"https:\/\/www.europesays.com\/de\/wp-json\/wp\/v2\/categories?post=128834"},{"taxonomy":"post_tag","embeddable":true,"href":"https:\/\/www.europesays.com\/de\/wp-json\/wp\/v2\/tags?post=128834"}],"curies":[{"name":"wp","href":"https:\/\/api.w.org\/{rel}","templated":true}]}}