{"id":128882,"date":"2025-05-21T19:59:14","date_gmt":"2025-05-21T19:59:14","guid":{"rendered":"https:\/\/www.europesays.com\/de\/128882\/"},"modified":"2025-05-21T19:59:14","modified_gmt":"2025-05-21T19:59:14","slug":"luxusjet-usa-nehmen-luxusflugzeug-aus-katar-offiziell-als-air-force-one-an","status":"publish","type":"post","link":"https:\/\/www.europesays.com\/de\/128882\/","title":{"rendered":"Luxusjet: USA nehmen Luxusflugzeug aus Katar offiziell als Air Force One an"},"content":{"rendered":"<p>\n                        Die USA nehmen ein geschenktes Luxusflugzeug aus Katar als neue Pr\u00e4sidentenmaschine. Trotz Kritik soll die Boeing 747 k\u00fcnftig als Air Force One eingesetzt werden.\n                    <\/p>\n<p>        Ihr Browser unterst\u00fctzt die Wiedergabe von Audio Dateien nicht. Download der Datei als mp3: https:\/\/zon-speechbert-production.s3.eu-central-1.amazonaws.com\/articles\/d2558e81-cec2-4fd1-ad02-25359fbe61e8\/full_192552d3c3c675e538523ecc03c601dd6a0fa494c7716261dd6b2dacac8c3a2a6626deed4e78f1841b65fde45397f7e8.mp3    <\/p>\n<p>        1 Min.<\/p>\n<p>        -1:15<\/p>\n<p>            0.5x<br \/>\n            0.75x<br \/>\n            1.0x<br \/>\n            1.25x<br \/>\n            1.5x<br \/>\n            2.0x<\/p>\n<p>    <a class=\"z-text-button\" href=\"#comments\" title=\"Kommentare anzeigen\" data-ct-row=\"comments\" data-ct-column=\"false\"><\/p>\n<p>            228<br \/>\n            Kommentare<br \/>\n        <\/a><br \/>\n            Zusammenfassen<\/p>\n<p>                Schlie\u00dfen<br \/>\n                Artikelzusammenfassung<\/p>\n<p>Die US-Regierung hat ein Luxusflugzeug aus Katar als neue Pr\u00e4sidentenmaschine Air Force One akzeptiert. Das Verteidigungsministerium best\u00e4tigte die Annahme der Boeing 747 durch Minister Pete Hegseth. Die Maschine soll f\u00fcr Pr\u00e4sident Donald Trump umger\u00fcstet werden. Trump verteidigte die Entscheidung bei einem Presseauftritt, reagierte jedoch schroff auf einen NBC-Journalisten. Details zur Umr\u00fcstung und Inbetriebnahme sind noch nicht bekannt. Die Annahme des Jets sorgte f\u00fcr Kritik von Demokraten und Republikanern.<\/p>\n<p>                Dies ist ein experimentelles Tool. Die Resultate k\u00f6nnen unvollst\u00e4ndig, veraltet oder sogar falsch sein.<\/p>\n<p class=\"summy__feedback-paragraph\">Fanden Sie die Zusammenfassung hilfreich? <\/p>\n<p>                        Gef\u00e4llt mir<\/p>\n<p>                        Gef\u00e4llt mir<\/p>\n<p>                        Gef\u00e4llt mir nicht<\/p>\n<p>                        Gef\u00e4llt mir nicht<\/p>\n<p>                        Send<\/p>\n<p>        Diese Audioversion wurde k\u00fcnstlich erzeugt.<\/p>\n<p>                        Schlie\u00dfen<br \/>\n                        Die Audioversion dieses Artikels wurde k\u00fcnstlich erzeugt.<br \/>\n                        Wir entwickeln dieses Angebot stetig weiter und freuen uns \u00fcber <a href=\"https:\/\/www.zeit.de\/politik\/ausland\/2025-05\/mailto:audiofeedback@zeit.de?subject=Feedback%20TTS\" rel=\"nofollow noopener\" target=\"_blank\">Ihr Feedback<\/a>.<\/p>\n<p>            <img decoding=\"async\" class=\"article__media-item\" src=\"https:\/\/www.europesays.com\/de\/wp-content\/uploads\/2025\/05\/1747857554_513_wide__1000x562.jpeg\" alt=\"Luxusjet: &quot;Sie geben der Luftwaffe der Vereinigten Staaten einen Jet&quot;, hat US-Pr\u00e4sident Donald Trump Katars Schenkung einer neuen Air Force One kommentiert. Die USA nehmen das Geschenk offiziell an.\"\/><\/p>\n<p>                    &#8222;Sie geben der Luftwaffe der Vereinigten Staaten einen Jet&#8220;, hat US-Pr\u00e4sident Donald Trump Katars Schenkung einer neuen Air Force One kommentiert. Die USA nehmen das Geschenk offiziell an.<br \/>\n            \u00a9\u00a0Win McNamee\/\u200bGetty Images<\/p>\n<p class=\"paragraph article__item\">Die US-Regierung hat ein geschenktes Luxusflugzeug des Golfstaats <a href=\"https:\/\/www.zeit.de\/thema\/katar\" class=\"\" target=\"_blank\" rel=\"nofollow noopener\">Katar<\/a> als k\u00fcnftige Pr\u00e4sidentenmaschine Air Force One angenommen. Wie das Verteidigungsministerium mitteilte, habe Minister <a href=\"https:\/\/www.zeit.de\/thema\/pete-hegseth\" class=\"\" target=\"_blank\" rel=\"nofollow noopener\">Pete Hegseth<\/a> die Maschine im Einklang mit allen Vorschriften akzeptiert. Die Boeing 747 soll nach Angaben des <a href=\"https:\/\/www.zeit.de\/thema\/pentagon\" class=\"\" target=\"_blank\" rel=\"nofollow noopener\">Pentagons<\/a> entsprechend umger\u00fcstet und k\u00fcnftig von Pr\u00e4sident <a class=\"rtr-entity\" href=\"https:\/\/www.zeit.de\/thema\/donald-trump\" rel=\"nofollow noopener\" target=\"_blank\">Donald Trump<\/a> genutzt werden.\n<\/p>\n<p class=\"paragraph article__item\">Bei einem Presseauftritt mit dem <a href=\"https:\/\/www.zeit.de\/thema\/suedafrika\" class=\"\" target=\"_blank\" rel=\"nofollow noopener\">s\u00fcdafrikanischen Pr\u00e4sidenten Cyril Ramaphosa<\/a> nahm <a href=\"https:\/\/www.zeit.de\/thema\/donald-trump\" class=\"\" target=\"_blank\" rel=\"nofollow noopener\">Donald Trump<\/a> pers\u00f6nlich Stellung zu dem Vorgang. &#8222;Sie geben der Luftwaffe der Vereinigten Staaten einen Jet&#8220;, sagte er vor laufenden Kameras. Auf die Nachfrage eines NBC-Journalisten reagierte Trump schroff und nannte den Reporter einen &#8222;f\u00fcrchterlichen Reporter&#8220;. Weitere Details zur geplanten Umr\u00fcstung oder zum Zeitpunkt der Inbetriebnahme der neuen Air Force One wurden zun\u00e4chst nicht bekannt.\n<\/p>\n<p class=\"paragraph article__item\">Die Annahme des Jets hatte <a href=\"https:\/\/www.zeit.de\/politik\/ausland\/2025-05\/usa-regierung-boeing-katar-geschenk\" class=\"\" target=\"_blank\" rel=\"nofollow noopener\">in den vergangenen Wochen f\u00fcr Aufsehen gesorgt<\/a>, da sie sowohl von oppositionellen Demokraten als auch von Trump-nahen Republikanern kritisiert worden war.\n<\/p>\n<p>Mehr zum 47. US-Pr\u00e4sidenten<\/p>\n<p>                <a href=\"https:\/\/www.zeit.de\/kultur\/2025-05\/tv-show-einbuergerung-usa-donald-trump-the-american\" data-ct-label=\"TV-Show f\u00fcr Einb\u00fcrgerung: Entmenschlichung als Entertainment\" rel=\"nofollow noopener\" target=\"_blank\"><\/p>\n<p>        Z+ (abopflichtiger Inhalt);<\/p>\n<p>    TV-Show f\u00fcr Einb\u00fcrgerung:<br \/>\n                        Entmenschlichung als Entertainment<\/p>\n<p>                <\/a><\/p>\n<p>                <a href=\"https:\/\/www.zeit.de\/politik\/ausland\/2025-05\/donald-trump-wladimir-putin-telefonat-ukraine-krieg-wolodymyr-selenskyj\" data-ct-label=\"Telefonat mit Wladimir Putin: Trump l\u00e4sst Putin gew\u00e4hren\" rel=\"nofollow noopener\" target=\"_blank\"><\/p>\n<p>        Z+ (abopflichtiger Inhalt);<\/p>\n<p>    Telefonat mit Wladimir Putin:<br \/>\n                        Trump l\u00e4sst Putin gew\u00e4hren<\/p>\n<p>                <\/a><\/p>\n<p>                <a href=\"https:\/\/www.zeit.de\/2025\/21\/misogynie-politik-mannosphaere-usa-diversitaet\" data-ct-label=\"Misogynie in der Politik: Willkommen in der  Mannosph\u00e4re\" rel=\"nofollow noopener\" target=\"_blank\"><\/p>\n<p>        Z+ (abopflichtiger Inhalt);<\/p>\n<p>    Misogynie in der Politik:<br \/>\n                        Willkommen in der  Mannosph\u00e4re<\/p>\n<p>                <\/a><\/p>\n","protected":false},"excerpt":{"rendered":"Die USA nehmen ein geschenktes Luxusflugzeug aus Katar als neue Pr\u00e4sidentenmaschine. Trotz Kritik soll die Boeing 747 k\u00fcnftig&hellip;\n","protected":false},"author":2,"featured_media":128883,"comment_status":"","ping_status":"","sticky":false,"template":"","format":"standard","meta":{"footnotes":""},"categories":[5],"tags":[331,332,40933,3364,29,106,30,13,579,1229,1480,48097,46822,14,15,16,27987,12,64],"class_list":{"0":"post-128882","1":"post","2":"type-post","3":"status-publish","4":"format-standard","5":"has-post-thumbnail","7":"category-nachrichten","8":"tag-aktuelle-nachrichten","9":"tag-aktuelle-news","10":"tag-boeing-747","11":"tag-de","12":"tag-deutschland","13":"tag-donald-trump","14":"tag-germany","15":"tag-headlines","16":"tag-katar","17":"tag-kritik","18":"tag-luftwaffe","19":"tag-luxusflugzeug","20":"tag-luxusjet","21":"tag-nachrichten","22":"tag-news","23":"tag-politik","24":"tag-praesidentenmaschine","25":"tag-schlagzeilen","26":"tag-usa"},"share_on_mastodon":{"url":"https:\/\/pubeurope.com\/@de\/114547599821508854","error":""},"_links":{"self":[{"href":"https:\/\/www.europesays.com\/de\/wp-json\/wp\/v2\/posts\/128882","targetHints":{"allow":["GET"]}}],"collection":[{"href":"https:\/\/www.europesays.com\/de\/wp-json\/wp\/v2\/posts"}],"about":[{"href":"https:\/\/www.europesays.com\/de\/wp-json\/wp\/v2\/types\/post"}],"author":[{"embeddable":true,"href":"https:\/\/www.europesays.com\/de\/wp-json\/wp\/v2\/users\/2"}],"replies":[{"embeddable":true,"href":"https:\/\/www.europesays.com\/de\/wp-json\/wp\/v2\/comments?post=128882"}],"version-history":[{"count":0,"href":"https:\/\/www.europesays.com\/de\/wp-json\/wp\/v2\/posts\/128882\/revisions"}],"wp:featuredmedia":[{"embeddable":true,"href":"https:\/\/www.europesays.com\/de\/wp-json\/wp\/v2\/media\/128883"}],"wp:attachment":[{"href":"https:\/\/www.europesays.com\/de\/wp-json\/wp\/v2\/media?parent=128882"}],"wp:term":[{"taxonomy":"category","embeddable":true,"href":"https:\/\/www.europesays.com\/de\/wp-json\/wp\/v2\/categories?post=128882"},{"taxonomy":"post_tag","embeddable":true,"href":"https:\/\/www.europesays.com\/de\/wp-json\/wp\/v2\/tags?post=128882"}],"curies":[{"name":"wp","href":"https:\/\/api.w.org\/{rel}","templated":true}]}}