{"id":129038,"date":"2025-05-21T21:26:17","date_gmt":"2025-05-21T21:26:17","guid":{"rendered":"https:\/\/www.europesays.com\/de\/129038\/"},"modified":"2025-05-21T21:26:17","modified_gmt":"2025-05-21T21:26:17","slug":"arbeiter-stuerzt-auf-baustelle-vier-meter-in-die-tiefe","status":"publish","type":"post","link":"https:\/\/www.europesays.com\/de\/129038\/","title":{"rendered":"Arbeiter st\u00fcrzt auf Baustelle vier Meter in die Tiefe"},"content":{"rendered":"<p>Feuerwehr kommt mit Drehleiter <\/p>\n<p>Arbeiter st\u00fcrzt auf Volksbad-Baustelle vier Meter tief<\/p>\n<p>Aktualisiert am 21.05.2025 &#8211; 16:14 UhrLesedauer: 1 Min.<\/p>\n<p><a href=\"#focus-0\" class=\"transition-colors duration-200 focus-within:text-magenta block text-current relative\" data-sctrack=\"FocusGalleryImage.Reference\"><img fetchpriority=\"high\" data-testid=\"Opener.Image\" style=\"--lqipURL:url('https:\/\/images.t-online.de\/2024\/03\/cv3jsbWA5kdd\/0x206:4000x2250\/fit-in\/150x0\/filters:blur(25)\/eingangsportal-vom-volksbad-jugendstil-nuernberg-mittelfranken-bayern-deutschland-europa-copyright-imagebroker-helmutxmeyerxzurxcapellen-ibxmzc04111665-jpg.jpg')\"   loading=\"eager\" src=\"https:\/\/www.europesays.com\/de\/wp-content\/uploads\/2025\/05\/eingangsportal-vom-volksbad-jugendstil-nuernberg-mittelfranken-bayern-deutschland-europa-copyright-i.jpeg\" alt=\"imago 64332925\" title=\"imago 64332925\" width=\"4000\" height=\"2250\" class=\"bg-[url:var(--lqipURL)] bg-cover bg-center flex w-full max-w-full h-full\" decoding=\"async\"\/><img style=\"--width:32;--height:32\" loading=\"lazy\" src=\"https:\/\/www.europesays.com\/de\/wp-content\/uploads\/2025\/05\/zoom-in.f7dae02f.svg.svg+xml\" alt=\"Vergr\u00f6\u00dfern des Bildes\" title=\"Vergr\u00f6\u00dfern des Bildes\" class=\"&#10;        block&#10;        h-[calc(var(--height)_\/_16_*_1rem)]&#10;        w-[calc(var(--width)_\/_16_*_1rem)]&#10;        max-w-none&#10;        absolute bottom-8 right-8 rounded-4 bg-snow p-8\" decoding=\"async\"\/><\/a><\/p>\n<p>Eingangsportal des Volksbads in N\u00fcrnberg (Archivbild): Auf der dortigen Baustelle kam es zu einem schweren Unfall. (Quelle: imago stock&amp;people\/imago)<\/p>\n<p class=\"font-bold text-18 leading-17\">N\u00fcrnberg richtet sein wohl geschichtstr\u00e4chtigstes Hallenbad wieder her. Jetzt werden die Arbeiten von einem schlimmen Unfall \u00fcberschattet.<\/p>\n<p class=\"text-18 leading-17\">Am fr\u00fchen Mittwochnachmittag kam es zu einem Arbeitsunfall auf der Baustelle am Volksbad in <a class=\"transition-colors duration-200 cursor-pointer text-inherit no-underline text-salemsfur md:hover:text-magenta md:hover:border-magenta md:focus:text-magenta border-current border-b border-solid break-words\" href=\"https:\/\/www.t-online.de\/region\/nuernberg\/\" data-sctrack=\"BodyAnchor\" target=\"_blank\" rel=\"noopener\">N\u00fcrnberg<\/a>. Nach Angaben der Stadt st\u00fcrzte ein Mann bei Arbeiten an der L\u00fcftungsanlage von einer Leiter ab.<\/p>\n<p class=\"text-18 leading-17\">Der Arbeiter sei vier Meter in die Tiefe gest\u00fcrzt, danach aber ansprechbar gewesen. Rettungskr\u00e4fte r\u00fcckten darauf umgehend zu der Baustelle an der Rothenburger Stra\u00dfe an. Die Feuerwehr setzte eine Drehleiter ein, um den Mann sicher vom Dach zu bergen. Anschlie\u00dfend brachten die Einsatzkr\u00e4fte ihn ins Krankenhaus.<\/p>\n<p class=\"text-18 leading-17\">F\u00fcr die Dauer des Rettungseinsatzes sperrte die Polizei die Rothenburger Stra\u00dfe vor\u00fcbergehend komplett. Weitere Details zum Gesundheitszustand des Arbeiters und zum Unfallhergang nannte die Stadt nicht.<\/p>\n<p class=\"text-18 leading-17\">Das Volksbad liegt in unmittelbarer N\u00e4he zum Pl\u00e4rrer. Das Geb\u00e4ude aus dem Jugendstil stand lange Zeit leer. Im Jahr 2020 hat der Stadtrat beschlossen, das Bad zu sanieren und wieder in Betrieb zu nehmen. Die Er\u00f6ffnung soll Ende 2025 stattfinden.<\/p>\n","protected":false},"excerpt":{"rendered":"Feuerwehr kommt mit Drehleiter Arbeiter st\u00fcrzt auf Volksbad-Baustelle vier Meter tief Aktualisiert am 21.05.2025 &#8211; 16:14 UhrLesedauer: 1&hellip;\n","protected":false},"author":2,"featured_media":129039,"comment_status":"","ping_status":"","sticky":false,"template":"","format":"standard","meta":{"footnotes":""},"categories":[1837],"tags":[722,2072,2461,772,3364,29,985,30,3783,1284,48118],"class_list":{"0":"post-129038","1":"post","2":"type-post","3":"status-publish","4":"format-standard","5":"has-post-thumbnail","7":"category-nuernberg","8":"tag-722","9":"tag-2072","10":"tag-baustelle","11":"tag-bayern","12":"tag-de","13":"tag-deutschland","14":"tag-feuerwehr","15":"tag-germany","16":"tag-nuernberg","17":"tag-unfall","18":"tag-volksbad"},"share_on_mastodon":{"url":"https:\/\/pubeurope.com\/@de\/114547941928181994","error":""},"_links":{"self":[{"href":"https:\/\/www.europesays.com\/de\/wp-json\/wp\/v2\/posts\/129038","targetHints":{"allow":["GET"]}}],"collection":[{"href":"https:\/\/www.europesays.com\/de\/wp-json\/wp\/v2\/posts"}],"about":[{"href":"https:\/\/www.europesays.com\/de\/wp-json\/wp\/v2\/types\/post"}],"author":[{"embeddable":true,"href":"https:\/\/www.europesays.com\/de\/wp-json\/wp\/v2\/users\/2"}],"replies":[{"embeddable":true,"href":"https:\/\/www.europesays.com\/de\/wp-json\/wp\/v2\/comments?post=129038"}],"version-history":[{"count":0,"href":"https:\/\/www.europesays.com\/de\/wp-json\/wp\/v2\/posts\/129038\/revisions"}],"wp:featuredmedia":[{"embeddable":true,"href":"https:\/\/www.europesays.com\/de\/wp-json\/wp\/v2\/media\/129039"}],"wp:attachment":[{"href":"https:\/\/www.europesays.com\/de\/wp-json\/wp\/v2\/media?parent=129038"}],"wp:term":[{"taxonomy":"category","embeddable":true,"href":"https:\/\/www.europesays.com\/de\/wp-json\/wp\/v2\/categories?post=129038"},{"taxonomy":"post_tag","embeddable":true,"href":"https:\/\/www.europesays.com\/de\/wp-json\/wp\/v2\/tags?post=129038"}],"curies":[{"name":"wp","href":"https:\/\/api.w.org\/{rel}","templated":true}]}}