{"id":129401,"date":"2025-05-22T00:44:10","date_gmt":"2025-05-22T00:44:10","guid":{"rendered":"https:\/\/www.europesays.com\/de\/129401\/"},"modified":"2025-05-22T00:44:10","modified_gmt":"2025-05-22T00:44:10","slug":"eintracht-frankfurt-robbt-heran-an-die-ganz-dicken-fleischtoepfe","status":"publish","type":"post","link":"https:\/\/www.europesays.com\/de\/129401\/","title":{"rendered":"Eintracht Frankfurt robbt heran an die ganz dicken Fleischt\u00f6pfe"},"content":{"rendered":"<ol class=\"id-DonaldBreadcrumb lp_west_breadcrumb id-DonaldBreadcrumb--default\" data-k5a-pos=\"west_breadcrumb\">\n<li class=\"id-Breadcrumb-item\"><a href=\"https:\/\/www.fr.de\/\" class=\"id-Breadcrumb-link\" data-id-ec=\"{\" shn=\"\" textlink=\"\" data-k5a-pos=\"1_startseite\" rel=\"nofollow noopener\" target=\"_blank\">Startseite<\/a><\/li>\n<li class=\"id-Breadcrumb-item\"><a href=\"https:\/\/www.fr.de\/eintracht-frankfurt\/\" class=\"id-Breadcrumb-link\" data-id-ec=\"{\" shn=\"\" textlink=\"\" data-k5a-pos=\"2_eintracht\" rel=\"nofollow noopener\" target=\"_blank\">Eintracht<\/a><\/li>\n<\/ol>\n<p class=\"id-Story-timestamp id-Story-timestamp--default\">Stand: 21.05.2025, 22:51 Uhr<\/p>\n<p class=\"id-Story-authors id-Story-authors--default\">Von: <a class=\"id-Story-authors-link lp_west_author\" href=\"https:\/\/www.fr.de\/autor\/ingo-durstewitz-tnf7nfdd0.html\" title=\"Zur Autorenseite von Ingo Durstewitz\" data-id-ec=\"{\" shn=\"\" author-link=\"\" durstewitz=\"\" data-k5a-pos=\"west_author\" rel=\"nofollow noopener\" target=\"_blank\">Ingo Durstewitz<\/a><\/p>\n<p class=\"id-Story-interactionBar id-Story-interactionBar--default\">DruckenTeilen<\/p>\n<p class=\"id-StoryElement-leadText\">F\u00fcr Eintracht Frankfurt ist die Champions League eine wirtschaftlich \u00e4u\u00dferst lukrative Geschichte. In der K\u00f6nigsklasse werden ungeheuerliche 2,5 Milliarden Euro ausgesch\u00fcttet.<\/p>\n<p class=\"id-StoryElement-paragraph\">Frankfurt \u2013 Die Teilnahme an der <a href=\"https:\/\/www.tz.de\/sport\/fussball\/uefa-champions-league-ere26076\/\" class=\"id-import-Link id-pageApi-Link--externalDomain\" title=\"UEFA Champions League\" data-id-ec=\"{&quot;sht&quot;:&quot;Container&quot;,&quot;shn&quot;:&quot;Story&quot;,&quot;p&quot;:{&quot;containerType&quot;:&quot;Paragraph&quot;,&quot;displayType&quot;:&quot;Paragraph InlineLink&quot;,&quot;type&quot;:&quot;INLINE_LINK&quot;,&quot;value&quot;:&quot;Champions League&quot;,&quot;variant&quot;:&quot;standardLink&quot;,&quot;sponsored&quot;:false,&quot;linkHref&quot;:&quot;https:\/\/www.tz.de\/sport\/fussball\/uefa-champions-league-ere26076\/&quot;,&quot;storyElementPosition&quot;:8,&quot;storyElementCount&quot;:32}}\" rel=\"nofollow noopener\" target=\"_blank\">Champions League<\/a> ist f\u00fcr <a href=\"https:\/\/www.fr.de\/eintracht-frankfurt\/\" class=\"id-import-Link\" title=\"Eintracht Frankfurt\" data-id-ec=\"{&quot;sht&quot;:&quot;Container&quot;,&quot;shn&quot;:&quot;Story&quot;,&quot;p&quot;:{&quot;containerType&quot;:&quot;Paragraph&quot;,&quot;displayType&quot;:&quot;Paragraph InlineLink&quot;,&quot;type&quot;:&quot;INLINE_LINK&quot;,&quot;value&quot;:&quot;Eintracht Frankfurt&quot;,&quot;variant&quot;:&quot;standardLink&quot;,&quot;sponsored&quot;:false,&quot;linkHref&quot;:&quot;https:\/\/www.fr.de\/eintracht-frankfurt\/&quot;,&quot;storyElementPosition&quot;:8,&quot;storyElementCount&quot;:32}}\" rel=\"nofollow noopener\" target=\"_blank\">Eintracht Frankfurt<\/a>, wie selbst die Verantwortlichen betonten, wahlweise \u201eein besonderer Schritt\u201c (Vorstandssprecher Axel Hellmann), \u201eein Meilenstein\u201c (Cheftrainer Dino Toppm\u00f6ller) oder auch \u201eein historisches Ereignis\u201c (Sportboss <a href=\"https:\/\/www.fr.de\/eintracht-frankfurt\/markus-kroesche-eintracht-frankfurt-sportvorstand-sge-karriere-spieler-co-trainer-paderborn-leipzig-90959288.html\" class=\"id-import-Link\" data-id-ec=\"{&quot;sht&quot;:&quot;Container&quot;,&quot;shn&quot;:&quot;Story&quot;,&quot;p&quot;:{&quot;containerType&quot;:&quot;Paragraph&quot;,&quot;displayType&quot;:&quot;Paragraph InlineLink&quot;,&quot;type&quot;:&quot;INLINE_LINK&quot;,&quot;value&quot;:&quot;Markus Kr&#xF6;sche&quot;,&quot;variant&quot;:&quot;standardLink&quot;,&quot;sponsored&quot;:false,&quot;linkHref&quot;:&quot;https:\/\/www.fr.de\/eintracht-frankfurt\/markus-kroesche-eintracht-frankfurt-sportvorstand-sge-karriere-spieler-co-trainer-paderborn-leipzig-90959288.html&quot;,&quot;storyElementPosition&quot;:8,&quot;storyElementCount&quot;:32}}\" rel=\"nofollow noopener\" target=\"_blank\">Markus Kr\u00f6sche<\/a>). Auf jeden Fall ein Booster in puncto Wahrnehmung und Reputation. Und ganz sicher ein Treiber auf dem wirtschaftlichen Sektor. In der K\u00f6nigsklasse geht es ran an die ganz dicken Fleischt\u00f6pfe.<\/p>\n<p>Eintracht Frankfurt kassiert deutlich mehr als in der Europa League<\/p>\n<p class=\"id-StoryElement-paragraph\">Das verdeutlicht alleine ein Blick auf die Aussch\u00fcttung des europ\u00e4ischen Dachverbandes Uefa, der nach der Reformation der internationalen Wettbewerbe bis 2027 j\u00e4hrlich mit Einnahmen von rund 4,4 Milliarden Euro rechnet. Von diesem Batzen gehen 285 Millionen an die Vereine der Conference League, 565 Millionen Euro an die Europa-League-Teilnehmer \u2013 und ungeheuerliche 2,47 Milliarden Euro an die Klubs, die sich f\u00fcr die K\u00f6nigsklasse qualifizieren konnten. Das ist mehr als das Vierfache im Vergleich zur drunter angesiedelten <a href=\"https:\/\/www.tz.de\/sport\/fussball\/uefa-europa-league-ere74512\/\" class=\"id-import-Link id-pageApi-Link--externalDomain\" title=\"UEFA Europa League\" data-id-ec=\"{&quot;sht&quot;:&quot;Container&quot;,&quot;shn&quot;:&quot;Story&quot;,&quot;p&quot;:{&quot;containerType&quot;:&quot;Paragraph&quot;,&quot;displayType&quot;:&quot;Paragraph InlineLink&quot;,&quot;type&quot;:&quot;INLINE_LINK&quot;,&quot;value&quot;:&quot;Europa League&quot;,&quot;variant&quot;:&quot;standardLink&quot;,&quot;sponsored&quot;:false,&quot;linkHref&quot;:&quot;https:\/\/www.tz.de\/sport\/fussball\/uefa-europa-league-ere74512\/&quot;,&quot;storyElementPosition&quot;:11,&quot;storyElementCount&quot;:32}}\" rel=\"nofollow noopener\" target=\"_blank\">Europa League<\/a>. Das ist eine gewaltige Diskrepanz, eine Hausnummer. Und zeigt die Wertigkeit der Wettbewerbe nur allzu anschaulich.<\/p>\n<p>Neuner, Vettel &amp; Co.: Was machen Deutschlands zur\u00fcckgezogene Sport-Helden?<img decoding=\"async\" class=\"id-RatioPlaceholder-element wv_story_el_interstitialImage\" src=\"https:\/\/www.europesays.com\/de\/wp-content\/uploads\/2025\/05\/37661933-magdalena-neuner-sebastian-vettel-und-franziska-von-almsick-leben-heute-ein-zurueckgezogene.jpeg\" loading=\"lazy\"   height=\"1350\" width=\"2400\" alt=\"Magdalena Neuner, Sebastian Vettel und Franziska von Almsick leben heute ein zur&#xFC;ckgezogenes Leben.\"\/><a href=\"https:\/\/www.fr.de\/sport\/sport-mix\/neuner-vettel-co-was-machen-deutschlands-zurueckgezogene-sport-helden-zr-93664142.html\" class=\"id-StoryElement-intestitialLink-link\" data-id-ec=\"{\" shn=\"\" ansehen=\"\" data-k5a-pos=\"west_story_12_photoGalleryLink\" title=\"Zur Fotostrecke: Neuner, Vettel &amp; Co.: Was machen Deutschlands zur&#xFC;ckgezogene Sport-Helden?\" rel=\"nofollow noopener\" target=\"_blank\">Fotostrecke ansehen<\/a><\/p>\n<p class=\"id-StoryElement-paragraph\">Das Startgeld in der K\u00f6nigsklasse betr\u00e4gt 18,62 Millionen Euro (vor der Reform 15,64 Millionen). Hinzu kommen Punktpr\u00e4mien (2,1 Millionen pro Sieg, 700\u2006000 pro Unentschieden) sowie Platzierungsboni. Der Letzte der 36 Starter erh\u00e4lt mindestens 275\u2006000 Euro, der Erste 9,9 Millionen. Zudem erhalten die ersten Acht je zwei Millionen, die Klubs auf den Pl\u00e4tzen neun bis 16 noch eine Million. <\/p>\n<p class=\"id-StoryElement-paragraph\">Und nat\u00fcrlich wird auch die sportliche Leistungsf\u00e4higkeit belohnt: F\u00fcr den Achtelfinaleinzug werden elf Millionen f\u00e4llig, f\u00fcrs Viertelfinale 12,5 Millionen, im Halbfinale winken 15 Millionen, der Finalverlierer erh\u00e4lt 18,5 Millionen und der Sieger 25 Millionen. Zumindest das Erreichen des Finales wird eher schwer f\u00fcr die Eintracht. <\/p>\n<p><img decoding=\"async\" class=\"id-RatioPlaceholder-element wv_story_el_image\" src=\"https:\/\/www.europesays.com\/de\/wp-content\/uploads\/2025\/05\/38291584-div-archiv-01-04-2025-bayern-muenchen-der-pokal-steht-waehrend-einer-pressekonferenz-zum-st.jpeg\" loading=\"lazy\"   height=\"755\" width=\"1100\" alt=\"ARCHIV - 01.04.2025, Bayern, M&#xFC;nchen: Der Pokal steht w&#xE4;hrend einer Pressekonferenz zum Stand der Vorbereitungen f&#xFC;r das Champions League Finale am 31.05.2025 in M&#xFC;nchen auf einem Tisch. (zu dpa: &#x201E;Wer folgt Bayern und Bayer? BVB mit Druck ins Liga-Finale&#x201C;) Foto: Sven Hoppe\/dpa +++ dpa-Bildfunk +++\"\/>Nur gucken, nicht anfassen: In der Champions League geht&#8217;s um den begehrten Henkelpott.   \u00a9\u00a0Sven Hoppe\/dpaBringen Pacho und Kolo mehr Kohle?<\/p>\n<p class=\"id-StoryElement-paragraph\">Hinzu kommen zus\u00e4tzliche Millionen aus den Zuschauereinnahmen und dem sogenannten Wertpr\u00e4mientopf, in dem 853 Millionen stecken. Das ist ein Zusammenschluss aus dem ehemaligen Marktpool (dem sportlichen Abschneiden des jeweiligen Landes) und dem Vereinskoeffizienten (individuelle Erfolge der einzelnen Klubs). Hier liegt die Eintracht durch ihre h\u00e4ufige Teilnahme an internationalen Wettbewerben und ihren Erfolgen gut im Rennen. <\/p>\n<p class=\"id-StoryElement-paragraph\">Die Frankfurter werden im September zum f\u00fcnften Mal in Serie in Europa an den Start gehen, sie spielten in den letzten sieben Jahren sechsmal international, in den vergangenen vier Spielzeiten kamen sie in jedem Wettbewerb (zweimal Europa League, einmal Champions League, einmal Conference League) in die K.o-Runde, gekr\u00f6nt nat\u00fcrlich von dem triumphalen Europapokalsieg in Sevilla 2022. <\/p>\n<p class=\"id-StoryElement-paragraph\">F\u00fcr die <a href=\"https:\/\/www.fr.de\/hessen\/\" class=\"id-import-Link\" title=\"Hessen\" data-id-ec=\"{&quot;sht&quot;:&quot;Container&quot;,&quot;shn&quot;:&quot;Story&quot;,&quot;p&quot;:{&quot;containerType&quot;:&quot;Paragraph&quot;,&quot;displayType&quot;:&quot;Paragraph InlineLink&quot;,&quot;type&quot;:&quot;INLINE_LINK&quot;,&quot;value&quot;:&quot;Hessen&quot;,&quot;variant&quot;:&quot;standardLink&quot;,&quot;sponsored&quot;:false,&quot;linkHref&quot;:&quot;https:\/\/www.fr.de\/hessen\/&quot;,&quot;storyElementPosition&quot;:22,&quot;storyElementCount&quot;:32}}\" rel=\"nofollow noopener\" target=\"_blank\">Hessen<\/a> ist die K\u00f6nigsklasse also schon jetzt eine lukrative Geschichte, das belegen auch die Einnahmen der deutschen Teilnehmer in der gerade abgelaufenen Spielzeit. So erhielten selbst die fr\u00fch ausgeschiedenen Bundesligisten RB Leipzig und VfB Stuttgart rund 65 Millionen Euro, Borussia Dortmund kommt als Viertelfinalist fast aufs Doppelte, 120 Millionen. Nat\u00fcrlich gilt hier die Faustformel: Je gr\u00f6\u00dfer der sportliche Erfolg ist, desto h\u00f6her sind auch die Einnahmen. Doch die sind ja nicht gleich Gewinn.<\/p>\n<p class=\"id-StoryElement-paragraph\">Allein infrastrukturelle und organisatorische Themen verschlingen nicht wenig Zaster, \u00fcberdies wird in <a href=\"https:\/\/www.fr.de\/frankfurt\/\" class=\"id-import-Link\" title=\"Frankfurt\" data-id-ec=\"{&quot;sht&quot;:&quot;Container&quot;,&quot;shn&quot;:&quot;Story&quot;,&quot;p&quot;:{&quot;containerType&quot;:&quot;Paragraph&quot;,&quot;displayType&quot;:&quot;Paragraph InlineLink&quot;,&quot;type&quot;:&quot;INLINE_LINK&quot;,&quot;value&quot;:&quot;Frankfurt&quot;,&quot;variant&quot;:&quot;standardLink&quot;,&quot;sponsored&quot;:false,&quot;linkHref&quot;:&quot;https:\/\/www.fr.de\/frankfurt\/&quot;,&quot;storyElementPosition&quot;:23,&quot;storyElementCount&quot;:32}}\" rel=\"nofollow noopener\" target=\"_blank\">Frankfurt<\/a> auch der Spielerkader teurer, durch vertraglich zugesicherte Pr\u00e4mien etwa. In toto wird das Gehaltsvolumen steigen. Aber in einem vern\u00fcnftigen Ma\u00dfe.<\/p>\n<p class=\"id-StoryElement-paragraph\">Daher ist die Eintracht \u00fcber jede zus\u00e4tzlich eingenommene Million dankbar, weshalb sie inst\u00e4ndig darauf hofft, dass Paris Saint-Germain das Champions-League-Finale gegen Inter Mailand gewinnt. Dann h\u00e4tte sie durch ausgehandelte Boni f\u00fcr ihre Ex-Spieler Willian Pacho und Randal Kolo Muani rund sieben Millionen Euro mehr in der Kasse \u2013 das ist bei den Wechseln der Spieler zu PSG so festgelegt worden. <\/p>\n<p class=\"id-StoryElement-paragraph\">F\u00fcr die Hessen ist die K\u00f6nigsklasse sportlich anspruchsvoll, eine andere Kragenweite als die Europa League. Das liegt bei den namhaften Gegnern ja auf der Hand. Es ist nicht weniger die Cr\u00e8me de la Cr\u00e8me des europ\u00e4ischen Klubfu\u00dfballs dabei, Real Madrid, FC Barcelona, FC Liverpool, Paris Saint-Germain, Inter Mailand und so weiter und so fort. Aber es sind auch einige Mittelgewichtler am Start, Slavia Prag, Union Saint-Gilloise oder Olympiakos Pir\u00e4us zum Beispiel. <\/p>\n<p><img decoding=\"async\" class=\"id-RatioPlaceholder-element wv_story_el_image\" src=\"https:\/\/www.europesays.com\/de\/wp-content\/uploads\/2025\/05\/38293947-hatte-grossen-anteil-QYBG.jpg\" loading=\"lazy\"   height=\"733\" width=\"1100\" alt=\"Hatte gro&#xDF;en Anteil\"\/>Hatte gro\u00dfen Anteil an der Champions-League-Quali: Topst\u00fcrmer Hugo Ekitik\u00e9.  \u00a9\u00a0IMAGO\/Jan HuebnerEintracht wahrscheinlich in Lostopf zwei<\/p>\n<p class=\"id-StoryElement-paragraph\">In jedem Fall wird die Eintracht am 28. August Kontrahenten aus allen Gewichtsklassen zugelost bekommen, der hessische Bundesligist wird aller Voraussicht nach in Lostopf zwei stecken. Der Modus ist unver\u00e4ndert, in der Ligaphase werden acht Partien gegen unterschiedliche Gegner ausgetragen, vier zu Hause, vier ausw\u00e4rts. Die ersten Acht sind direkt f\u00fcrs Achtelfinale qualifiziert, die Klubs auf den R\u00e4ngen neun bis 24 spielen in zwei Playoffspielen um die Zulassung. Die \u00fcbrigen Vereine ab Platz 25 sind raus. Der erste Spieltag steigt zwischen dem 16. und 18. September, der letzte am 28. Januar 2026. Weit weg. <\/p>\n<p class=\"id-StoryElement-paragraph\">Ziel der Eintracht ist, wie immer, die Qualifikation f\u00fcr die n\u00e4chste Runde, wobei ein Platz unter den ersten Acht sehr ambitioniert ist. Gleichwohl: Die Frankfurter sollte man auf internationalem Terrain besser nicht untersch\u00e4tzen. <\/p>\n","protected":false},"excerpt":{"rendered":"Startseite Eintracht Stand: 21.05.2025, 22:51 Uhr Von: Ingo Durstewitz DruckenTeilen F\u00fcr Eintracht Frankfurt ist die Champions League eine&hellip;\n","protected":false},"author":2,"featured_media":129402,"comment_status":"","ping_status":"","sticky":false,"template":"","format":"standard","meta":{"footnotes":""},"categories":[136],"tags":[29,30,265],"class_list":{"0":"post-129401","1":"post","2":"type-post","3":"status-publish","4":"format-standard","5":"has-post-thumbnail","7":"category-sport","8":"tag-deutschland","9":"tag-germany","10":"tag-sport"},"share_on_mastodon":{"url":"https:\/\/pubeurope.com\/@de\/114548720777912147","error":""},"_links":{"self":[{"href":"https:\/\/www.europesays.com\/de\/wp-json\/wp\/v2\/posts\/129401","targetHints":{"allow":["GET"]}}],"collection":[{"href":"https:\/\/www.europesays.com\/de\/wp-json\/wp\/v2\/posts"}],"about":[{"href":"https:\/\/www.europesays.com\/de\/wp-json\/wp\/v2\/types\/post"}],"author":[{"embeddable":true,"href":"https:\/\/www.europesays.com\/de\/wp-json\/wp\/v2\/users\/2"}],"replies":[{"embeddable":true,"href":"https:\/\/www.europesays.com\/de\/wp-json\/wp\/v2\/comments?post=129401"}],"version-history":[{"count":0,"href":"https:\/\/www.europesays.com\/de\/wp-json\/wp\/v2\/posts\/129401\/revisions"}],"wp:featuredmedia":[{"embeddable":true,"href":"https:\/\/www.europesays.com\/de\/wp-json\/wp\/v2\/media\/129402"}],"wp:attachment":[{"href":"https:\/\/www.europesays.com\/de\/wp-json\/wp\/v2\/media?parent=129401"}],"wp:term":[{"taxonomy":"category","embeddable":true,"href":"https:\/\/www.europesays.com\/de\/wp-json\/wp\/v2\/categories?post=129401"},{"taxonomy":"post_tag","embeddable":true,"href":"https:\/\/www.europesays.com\/de\/wp-json\/wp\/v2\/tags?post=129401"}],"curies":[{"name":"wp","href":"https:\/\/api.w.org\/{rel}","templated":true}]}}