{"id":129413,"date":"2025-05-22T00:50:21","date_gmt":"2025-05-22T00:50:21","guid":{"rendered":"https:\/\/www.europesays.com\/de\/129413\/"},"modified":"2025-05-22T00:50:21","modified_gmt":"2025-05-22T00:50:21","slug":"rechtsextremismus-razzien-bei-zwei-polizisten-in-niedersachsen-ndr-de-nachrichten-niedersachsen","status":"publish","type":"post","link":"https:\/\/www.europesays.com\/de\/129413\/","title":{"rendered":"Rechtsextremismus: Razzien bei zwei Polizisten in Niedersachsen | NDR.de &#8211; Nachrichten &#8211; Niedersachsen"},"content":{"rendered":"<p>\nStand: 21.05.2025 19:02 Uhr\n<\/p>\n<p class=\"preface\">Gegen zwei Polizisten aus dem Emsland und Hann. M\u00fcnden ermittelt derzeit die Staatsanwaltschaft Osnabr\u00fcck. Sie sollen den Hitlergru\u00df gezeigt und Fotos von Menschen in hilfloser Lage verbreitet haben.<\/p>\n<p>Es handelt sich laut eines Sprechers der Staatsanwaltschaft um einen 27-j\u00e4hrigen Polizisten der Polizeiinspektion Emsland\/Grafschaft Bentheim und einen 21 Jahre alten Polizeianw\u00e4rter der Polizeiakademie in Nienburg. Die beiden M\u00e4nner seien verwandt, so der Sprecher gegen\u00fcber NDR Niedersachsen. Der 27-J\u00e4hrige aus dem Emsland soll w\u00e4hrend seines Dienstes Fotos von Menschen in hilfloser Lage gemacht haben, vor allem von Ausl\u00e4nderinnen und Ausl\u00e4ndern. Die Fotos habe er dann per Messenger verbreitet, so die Staatsanwaltschaft. Er habe sich wegen der Verletzung des h\u00f6chstpers\u00f6nlichen Lebensbereichs und von Pers\u00f6nlichkeitsrechten strafbar gemacht.<\/p>\n<p>Beide M\u00e4nner nicht mehr im Dienst<\/p>\n<p>Gegen den 21-j\u00e4hrigen Polizeianw\u00e4rter, der in Hann. M\u00fcnden wohnt, ermittelt die Staatsanwaltschaft, weil er einen Hitlergru\u00df gezeigt haben soll. Ihm wird deshalb zur Last gelegt, sich wegen des Verwendens von Kennzeichen verfassungswidriger Organisationen strafbar gemacht zu haben. Am Mittwochnachmittag wurden die Wohnungen der beiden M\u00e4nner durchsucht. Dabei beschlagnahmten die Ermittler Handys, Laptops und elektronische Datentr\u00e4ger. Die beiden M\u00e4nner wurden vorl\u00e4ufig des Dienstes enthoben. Es seien Disziplinar- und Entlassungsverfahren eingeleitet worden, teilten die Polizeiakademie und die Polizeidirektion Osnabr\u00fcck mit. Ins Rollen kamen die Ermittlungen aufgrund von anonymen Hinweisen, wie der Sprecher mitteilte.<\/p>\n<p>Polizeibeh\u00f6rden nehmen Vorw\u00fcrfe ernst<\/p>\n<p>In einer gemeinsamen Stellungnahme sprechen sich Andrea Menke,  Polizeivizepr\u00e4sidentin der Polizeidirektion Osnabr\u00fcck, und Carsten Rose, Direktor der Polizeiakademie Niedersachsen, klar gegen rechtsextremes Gedankengut aus. Sollten sich die Vorw\u00fcrfe bewahrheiten, wolle man unmissverst\u00e4ndlich und mit entschlossener Haltung reagieren. &#8222;Die Polizei steht f\u00fcr die Wahrung und den Schutz der demokratischen Grunds\u00e4tze in unserem Land&#8220;, erkl\u00e4rten die beiden. Extremistischen Tendenzen trete man mit aller Entschlossenheit entgegen. Die Staatsanwaltschaft Osnabr\u00fcck ermittelt.<\/p>\n<p>Weitere Informationen<\/p>\n<p><img decoding=\"async\" src=\"https:\/\/www.europesays.com\/de\/wp-content\/uploads\/2025\/05\/polizeidirektion108_v-contentgross.jpg\" alt=\"Blick auf den Eingang der Polizeidirektion Osnabr\u00fcck. \u00a9 NDR Foto: Julius Matuschik\" title=\"Blick auf den Eingang der Polizeidirektion Osnabr\u00fcck.\" class=\"responsive\"\/><\/p>\n<p>\nDas Oberverwaltungsgericht hat ihre Strafen versch\u00e4rft. Aus dem Dienst entfernen kann die Polizei Osnabr\u00fcck die Beamten aber nicht.<br \/>\n<a title=\"Zum Artikel: Urteil nach rassistischen Chats: Polizisten bleiben im Dienst\" href=\"https:\/\/www.ndr.de\/nachrichten\/niedersachsen\/osnabrueck_emsland\/Urteil-nach-rassistischen-Chats-Polizisten-bleiben-im-Dienst,rassismus308.html\" class=\"cta \" target=\"_blank\" rel=\"noopener\">mehr<\/a>\n<\/p>\n<p><img decoding=\"async\" src=\"https:\/\/www.europesays.com\/de\/wp-content\/uploads\/2025\/05\/osnabrueck7762_v-contentgross.jpg\" alt=\"Blick auf die Polizeidirektion Osnabr\u00fcck anl\u00e4sslich einer Pressekonferenz von Polizei und Staatsanwaltschaft Osnabr\u00fcck. \u00a9 picture alliance\/dpa Foto: Friso Gentsch\" title=\"Blick auf die Polizeidirektion Osnabr\u00fcck anl\u00e4sslich einer Pressekonferenz von Polizei und Staatsanwaltschaft Osnabr\u00fcck.\" class=\"responsive\"\/><\/p>\n<p>\nDie Polizeidirektion Osnabr\u00fcck hat vor Gericht gleich mehrere Schlappen erlitten. Die F\u00e4lle waren vor vier Jahren bekannt geworden.<br \/>\n<a title=\"Zum Artikel: Rassistische Chats: Schlappe f\u00fcr Polizei - Beamte d\u00fcrfen bleiben\" href=\"https:\/\/www.ndr.de\/nachrichten\/niedersachsen\/osnabrueck_emsland\/Rassistische-Chats-Schlappe-fuer-Polizei-Beamte-duerfen-bleiben,rassismus302.html\" class=\"cta \" target=\"_blank\" rel=\"noopener\">mehr<\/a>\n<\/p>\n<p><img decoding=\"async\" src=\"https:\/\/www.europesays.com\/de\/wp-content\/uploads\/2025\/05\/polizei6844_v-contentgross.jpg\" alt=\"Der Schriftzug &quot;Polizei&quot; und das Niedersachsen-Pferd auf einer Polizeiuniform. \u00a9 dpa Foto: Fotostand \/ Gelhot\" title=\"Der Schriftzug &quot;Polizei&quot; und das Niedersachsen-Pferd auf einer Polizeiuniform.\" class=\"responsive\"\/><\/p>\n<p>\nDer Mann hatte sich herablassend \u00fcber seine Vorgesetzte in Hameln &#8211; eine Frau mit t\u00fcrkischen Wurzeln &#8211; ge\u00e4u\u00dfert. Er muss Schadenersatz zahlen.<br \/>\n<a title=\"Zum Artikel: Urteil: Polizeibeamter \u00e4u\u00dfert sich frauenfeindlich und rassistisch\" href=\"https:\/\/www.ndr.de\/nachrichten\/niedersachsen\/hannover_weser-leinegebiet\/Urteil-Polizeibeamter-aeussert-sich-frauenfeindlich-und-rassistisch,urteil724.html\" class=\"cta \" target=\"_blank\" rel=\"noopener\">mehr<\/a>\n<\/p>\n<p><img decoding=\"async\" src=\"https:\/\/www.europesays.com\/de\/wp-content\/uploads\/2025\/05\/neonazis256_v-contentgross.jpg\" alt=\"Anh\u00e4nger der Partei &quot;Die Rechte&quot; stehen bei einer Kundgebung in Goslar. \u00a9 dpa Foto: Swen Pf\u00f6rtner\" title=\"Anh\u00e4nger der Partei &quot;Die Rechte&quot; stehen bei einer Kundgebung in Goslar.\" class=\"responsive\"\/><\/p>\n<p>\nRechtsextremismus bleibe hierzulande die gr\u00f6\u00dfte Gefahr f\u00fcr die Demokratie, sagte Innenministerin Behrens am Donnerstag.<br \/>\n<a title=\"Zum Artikel: Verfassungsschutzbericht: Mehr Rechtsextremisten in Niedersachsen\" href=\"https:\/\/www.ndr.de\/nachrichten\/niedersachsen\/hannover_weser-leinegebiet\/Verfassungsschutzbericht-Mehr-Rechtsextremisten-in-Niedersachsen,verfassungsschutz808.html\" class=\"cta \" target=\"_blank\" rel=\"noopener\">mehr<\/a>\n<\/p>\n<p>Dieses Thema im Programm:<\/p>\n<p>NDR 1 Niedersachsen |<br \/>\nAktuell |<br \/>\n21.05.2025 | 19:00 Uhr<\/p>\n<p><img decoding=\"async\" src=\"https:\/\/www.europesays.com\/de\/wp-content\/uploads\/2025\/03\/ndr_printlogo.gif\" alt=\"NDR Logo\" title=\"NDR Logo\"\/><\/p>\n","protected":false},"excerpt":{"rendered":"Stand: 21.05.2025 19:02 Uhr Gegen zwei Polizisten aus dem Emsland und Hann. M\u00fcnden ermittelt derzeit die Staatsanwaltschaft Osnabr\u00fcck.&hellip;\n","protected":false},"author":2,"featured_media":129414,"comment_status":"","ping_status":"","sticky":false,"template":"","format":"standard","meta":{"footnotes":""},"categories":[5],"tags":[28883,48188,13,14,438,15,439,440,741,121,83,770,12,1997,10,8,9,11],"class_list":{"0":"post-129413","1":"post","2":"type-post","3":"status-publish","4":"format-standard","5":"has-post-thumbnail","7":"category-nachrichten","8":"tag-emsland","9":"tag-hann-muenden","10":"tag-headlines","11":"tag-nachrichten","12":"tag-ndr","13":"tag-news","14":"tag-norddeutscher-rundfunk","15":"tag-norddeutschland","16":"tag-osnabrueck","17":"tag-polizei","18":"tag-radio","19":"tag-rechtsextremismus","20":"tag-schlagzeilen","21":"tag-staatsanwaltschaft","22":"tag-top-news","23":"tag-top-meldungen","24":"tag-topmeldungen","25":"tag-topnews"},"share_on_mastodon":{"url":"https:\/\/pubeurope.com\/@de\/114548744268849888","error":""},"_links":{"self":[{"href":"https:\/\/www.europesays.com\/de\/wp-json\/wp\/v2\/posts\/129413","targetHints":{"allow":["GET"]}}],"collection":[{"href":"https:\/\/www.europesays.com\/de\/wp-json\/wp\/v2\/posts"}],"about":[{"href":"https:\/\/www.europesays.com\/de\/wp-json\/wp\/v2\/types\/post"}],"author":[{"embeddable":true,"href":"https:\/\/www.europesays.com\/de\/wp-json\/wp\/v2\/users\/2"}],"replies":[{"embeddable":true,"href":"https:\/\/www.europesays.com\/de\/wp-json\/wp\/v2\/comments?post=129413"}],"version-history":[{"count":0,"href":"https:\/\/www.europesays.com\/de\/wp-json\/wp\/v2\/posts\/129413\/revisions"}],"wp:featuredmedia":[{"embeddable":true,"href":"https:\/\/www.europesays.com\/de\/wp-json\/wp\/v2\/media\/129414"}],"wp:attachment":[{"href":"https:\/\/www.europesays.com\/de\/wp-json\/wp\/v2\/media?parent=129413"}],"wp:term":[{"taxonomy":"category","embeddable":true,"href":"https:\/\/www.europesays.com\/de\/wp-json\/wp\/v2\/categories?post=129413"},{"taxonomy":"post_tag","embeddable":true,"href":"https:\/\/www.europesays.com\/de\/wp-json\/wp\/v2\/tags?post=129413"}],"curies":[{"name":"wp","href":"https:\/\/api.w.org\/{rel}","templated":true}]}}