{"id":129419,"date":"2025-05-22T00:53:16","date_gmt":"2025-05-22T00:53:16","guid":{"rendered":"https:\/\/www.europesays.com\/de\/129419\/"},"modified":"2025-05-22T00:53:16","modified_gmt":"2025-05-22T00:53:16","slug":"stadtbahn-kiel-stadt-und-fh-unterschreiben-absichtserklaerung-ndr-de-nachrichten","status":"publish","type":"post","link":"https:\/\/www.europesays.com\/de\/129419\/","title":{"rendered":"Stadtbahn Kiel: Stadt und FH unterschreiben Absichtserkl\u00e4rung | NDR.de &#8211; Nachrichten"},"content":{"rendered":"<p>\nStand: 21.05.2025 14:51 Uhr\n<\/p>\n<p><a href=\"https:\/\/www.europesays.com\/de\/wp-content\/uploads\/2025\/05\/stadtbahn702_v-contentgross.jpg\" class=\"zoomimage\" title=\"FH-Pr\u00e4sident Bj\u00f6rn Christensen und Kiels Oberb\u00fcrgermeister Ulf K\u00e4mpfer (SPD) haben eine Absichtserkl\u00e4rung zur Stadtbahn unterschrieben. \u00a9 Felix Klein Foto: Felix Klein\"><\/p>\n<p><img decoding=\"async\" src=\"https:\/\/www.europesays.com\/de\/wp-content\/uploads\/2025\/05\/stadtbahn702_v-contentgross.jpg\" alt=\"Den Letter of Intent pr\u00e4sentieren (von links) Mobilit\u00e4tsdezernentin Alke Vo\u00df, FH-Kiel-Pr\u00e4sident Prof. Dr. Bj\u00f6rn Christensen, Kanzlerin Dr. Anja Franke-Schwenk und Oberb\u00fcrgermeister Ulf K\u00e4mpfer. \u00a9 Felix Klein Foto: Felix Klein\" title=\"Den Letter of Intent pr\u00e4sentieren (von links) Mobilit\u00e4tsdezernentin Alke Vo\u00df, FH-Kiel-Pr\u00e4sident Prof. Dr. Bj\u00f6rn Christensen, Kanzlerin Dr. Anja Franke-Schwenk und Oberb\u00fcrgermeister Ulf K\u00e4mpfer.\" class=\"responsive\"\/><\/p>\n<p><\/a><br \/>\nFH-Pr\u00e4sident Bj\u00f6rn Christensen und Kiels Oberb\u00fcrgermeister Ulf K\u00e4mpfer (SPD) haben eine Absichtserkl\u00e4rung zur Stadtbahn unterschrieben.<\/p>\n<p>Die Stadt <a href=\"https:\/\/www.ndr.de\/nachrichten\/schleswig-holstein\/Kiel-Aktuelle-Nachrichten-News-und-Videos,kiel7262.html\" title=\"Zum Artikel: Kiel: Aktuelle News und Videos\" target=\"_blank\" rel=\"noopener\">Kiel<\/a> und die Fachhochschule der Landeshauptstadt wollen beim Bau der Stadtbahn enger zusammenarbeiten. Der Pr\u00e4sident der Fachhochschule, Bj\u00f6rn Christensen, und Kiels Oberb\u00fcrgermeister K\u00e4mpfer (SPD) haben am Mittwoch (21.5.) eine Absichtserkl\u00e4rung daf\u00fcr unterschrieben. Im Kern geht es um den geplanten Ausbau der Stadtbahn bis zur Fachhochschule. Mit der Vereinbarung wollen beide Seiten hervorheben, dass es eine hohe Nachfrage nach einer neuen Stadtbahnlinie zur Hochschule gibt, teilte die Stadt mit. Au\u00dferdem wollen sich beide bei der Planung eng abstimmen. Die Linie soll nach den aktuellen Pl\u00e4nen Ende der 2030er Jahre in Betrieb gehen.<\/p>\n<p>Archiv<\/p>\n<p><img decoding=\"async\" src=\"https:\/\/www.europesays.com\/de\/wp-content\/uploads\/2025\/04\/nachrichtenkompakt130_v-contentgross.png\" alt=\"Grafik: Eine Sprechblase, in der die Kontur des Landes Schleswig-Holstein abgebildet ist. \u00a9 NDR \" title=\"Grafik: Eine Sprechblase, in der die Kontur des Landes Schleswig-Holstein abgebildet ist.\" class=\"responsive\"\/><\/p>\n<p>2 Min<\/p>\n<p>\nDie Reporter berichten aus Kiel, Neum\u00fcnster, den Kreisen Pl\u00f6n und Rendsburg-Eckernf\u00f6rde &#8211; jeden Werktag um 09.30 und 16.30 Uhr.<br \/>\n<a title=\"Zum Audiobeitrag: Regionalnachrichten aus dem Studio Kiel 16:30 Uhr\" href=\"https:\/\/www.ndr.de\/wellenord\/Regionalnachrichten-aus-dem-Studio-Kiel-1630-Uhr,audio1877726.html\" class=\"cta \" target=\"_blank\" rel=\"noopener\">2 Min<\/a>\n<\/p>\n<p>Dieses Thema im Programm:<\/p>\n<p>NDR 1 Welle Nord |<br \/>\nNachrichten f\u00fcr Schleswig-Holstein |<br \/>\n21.05.2025 | 16:30 Uhr<\/p>\n<p>Schlagw\u00f6rter zu diesem Artikel<br \/>\n<a href=\"https:\/\/www.ndr.de\/nachrichten\/schleswig-holstein\/Kiel-Aktuelle-Nachrichten-News-und-Videos,kiel7262.html\" title=\"Inhalte zum Thema &#039;Kiel&#039;\" aria-label=\"Inhalte zum Thema &#039;Kiel&#039;\" target=\"_blank\" rel=\"noopener\">Kiel<\/a><\/p>\n<p><img decoding=\"async\" src=\"https:\/\/www.europesays.com\/de\/wp-content\/uploads\/2025\/03\/ndr_printlogo.gif\" alt=\"NDR Logo\" title=\"NDR Logo\"\/><\/p>\n","protected":false},"excerpt":{"rendered":"Stand: 21.05.2025 14:51 Uhr FH-Pr\u00e4sident Bj\u00f6rn Christensen und Kiels Oberb\u00fcrgermeister Ulf K\u00e4mpfer (SPD) haben eine Absichtserkl\u00e4rung zur Stadtbahn&hellip;\n","protected":false},"author":2,"featured_media":129420,"comment_status":"","ping_status":"","sticky":false,"template":"","format":"standard","meta":{"footnotes":""},"categories":[1852],"tags":[8684,3364,29,548,663,3934,48189,441,30,13,4949,14,438,15,439,440,83,12,1971,11238],"class_list":{"0":"post-129419","1":"post","2":"type-post","3":"status-publish","4":"format-standard","5":"has-post-thumbnail","7":"category-kiel","8":"tag-ausbau","9":"tag-de","10":"tag-deutschland","11":"tag-eu","12":"tag-europa","13":"tag-europe","14":"tag-fachhochschule","15":"tag-fernsehen","16":"tag-germany","17":"tag-headlines","18":"tag-kiel","19":"tag-nachrichten","20":"tag-ndr","21":"tag-news","22":"tag-norddeutscher-rundfunk","23":"tag-norddeutschland","24":"tag-radio","25":"tag-schlagzeilen","26":"tag-schleswig-holstein","27":"tag-stadtbahn"},"share_on_mastodon":{"url":"https:\/\/pubeurope.com\/@de\/114548756084351956","error":""},"_links":{"self":[{"href":"https:\/\/www.europesays.com\/de\/wp-json\/wp\/v2\/posts\/129419","targetHints":{"allow":["GET"]}}],"collection":[{"href":"https:\/\/www.europesays.com\/de\/wp-json\/wp\/v2\/posts"}],"about":[{"href":"https:\/\/www.europesays.com\/de\/wp-json\/wp\/v2\/types\/post"}],"author":[{"embeddable":true,"href":"https:\/\/www.europesays.com\/de\/wp-json\/wp\/v2\/users\/2"}],"replies":[{"embeddable":true,"href":"https:\/\/www.europesays.com\/de\/wp-json\/wp\/v2\/comments?post=129419"}],"version-history":[{"count":0,"href":"https:\/\/www.europesays.com\/de\/wp-json\/wp\/v2\/posts\/129419\/revisions"}],"wp:featuredmedia":[{"embeddable":true,"href":"https:\/\/www.europesays.com\/de\/wp-json\/wp\/v2\/media\/129420"}],"wp:attachment":[{"href":"https:\/\/www.europesays.com\/de\/wp-json\/wp\/v2\/media?parent=129419"}],"wp:term":[{"taxonomy":"category","embeddable":true,"href":"https:\/\/www.europesays.com\/de\/wp-json\/wp\/v2\/categories?post=129419"},{"taxonomy":"post_tag","embeddable":true,"href":"https:\/\/www.europesays.com\/de\/wp-json\/wp\/v2\/tags?post=129419"}],"curies":[{"name":"wp","href":"https:\/\/api.w.org\/{rel}","templated":true}]}}