{"id":129421,"date":"2025-05-22T00:54:12","date_gmt":"2025-05-22T00:54:12","guid":{"rendered":"https:\/\/www.europesays.com\/de\/129421\/"},"modified":"2025-05-22T00:54:12","modified_gmt":"2025-05-22T00:54:12","slug":"regionalliga-chemie-leipzig-holt-fynn-seidel-vom-chemnitzer-fc","status":"publish","type":"post","link":"https:\/\/www.europesays.com\/de\/129421\/","title":{"rendered":"Regionalliga: Chemie Leipzig holt Fynn Seidel vom Chemnitzer FC"},"content":{"rendered":"<p>In Meppen schon unter Alipour gespielt<\/p>\n<p class=\"text\">\nBei BSG-Trainer Adrian Alipour ist die Freude \u00fcber die Neuverpflichtung gro\u00df. Er kennt Seidel noch aus der gemeinsamen Zeit beim SV Meppen. &#8222;Fynn verf\u00fcgt \u00fcber gro\u00dfe Spielintelligenz und Handlungsschnelligkeit, dazu ist er auch noch sehr, sehr schnell auf den Beinen&#8220;, lobt ihn sein alter und neuer Trainer Alipour in einer Vereinsmitteilung.\n<\/p>\n<p class=\"text\">\nF\u00fcr Seidel war aber nicht nur die erneute Zusammenarbeit mit Alipour Grund f\u00fcr die Unterschrift in Leutzsch. &#8222;Nachdem ich mir ein paar Videos angesehen habe und hier im Stadion gewesen bin, war f\u00fcr mich klar, dass ich hierherkommen will&#8220;, erkl\u00e4rt der geb\u00fcrtige Chemnitzer.\n<\/p>\n<p>Einst j\u00fcngster Drittliga-Spieler<\/p>\n<p class=\"text\">\nSeidel, einst j\u00fcngster Deb\u00fctant der Drittligageschichte wurde in der Jugend des Chemnitzer FC ausgebildet und wechselte 2020 zur Spielvereinigung Unterhaching. 2023 ging es weiter nach Meppen in die Regionalliga Nord, wo er seine bisher beste Saison spielte und trotz zwischenzeitlichem Kreuzbandriss in 19 Spielen vier Tore und neun Vorlagen erzielte.\n<\/p>\n<p class=\"text\">\n&#8222;Wir erhoffen uns von ihm, dass er hier mit seinem Spielwitz \u00e4hnlich durchstartet&#8220;, wird David Bergner aus der sportlichen Leitung von Chemie in der Vereinsmitteilung zitiert. Nach seiner R\u00fcckkehr zum Chemnitzer FC im Januar, lie\u00df Seidel sein Potenzial immer mal wieder aufblitzen. In der R\u00fcckrunde lief er zw\u00f6lfmal f\u00fcr den CFC auf und erzielte drei Tore.<\/p>\n","protected":false},"excerpt":{"rendered":"In Meppen schon unter Alipour gespielt Bei BSG-Trainer Adrian Alipour ist die Freude \u00fcber die Neuverpflichtung gro\u00df. Er&hellip;\n","protected":false},"author":2,"featured_media":129422,"comment_status":"","ping_status":"","sticky":false,"template":"","format":"standard","meta":{"footnotes":""},"categories":[1851],"tags":[5093,5092,2770,6178,3364,29,548,663,3934,347,48190,30,13,13629,81,14,15,3459,859,12,48191,3499,265,3498,25243],"class_list":{"0":"post-129421","1":"post","2":"type-post","3":"status-publish","4":"format-standard","5":"has-post-thumbnail","7":"category-chemnitz","8":"tag-bsg","9":"tag-chemie-leipzig","10":"tag-chemnitz","11":"tag-chemnitzer-fc","12":"tag-de","13":"tag-deutschland","14":"tag-eu","15":"tag-europa","16":"tag-europe","17":"tag-fussball","18":"tag-fynn-seidel","19":"tag-germany","20":"tag-headlines","21":"tag-leutzsch","22":"tag-mdr","23":"tag-nachrichten","24":"tag-news","25":"tag-regionalliga","26":"tag-sachsen","27":"tag-schlagzeilen","28":"tag-spielvereinigung-unterhaching","29":"tag-spio","30":"tag-sport","31":"tag-sport-im-osten","32":"tag-sv-meppen"},"share_on_mastodon":{"url":"https:\/\/pubeurope.com\/@de\/114548759932401868","error":""},"_links":{"self":[{"href":"https:\/\/www.europesays.com\/de\/wp-json\/wp\/v2\/posts\/129421","targetHints":{"allow":["GET"]}}],"collection":[{"href":"https:\/\/www.europesays.com\/de\/wp-json\/wp\/v2\/posts"}],"about":[{"href":"https:\/\/www.europesays.com\/de\/wp-json\/wp\/v2\/types\/post"}],"author":[{"embeddable":true,"href":"https:\/\/www.europesays.com\/de\/wp-json\/wp\/v2\/users\/2"}],"replies":[{"embeddable":true,"href":"https:\/\/www.europesays.com\/de\/wp-json\/wp\/v2\/comments?post=129421"}],"version-history":[{"count":0,"href":"https:\/\/www.europesays.com\/de\/wp-json\/wp\/v2\/posts\/129421\/revisions"}],"wp:featuredmedia":[{"embeddable":true,"href":"https:\/\/www.europesays.com\/de\/wp-json\/wp\/v2\/media\/129422"}],"wp:attachment":[{"href":"https:\/\/www.europesays.com\/de\/wp-json\/wp\/v2\/media?parent=129421"}],"wp:term":[{"taxonomy":"category","embeddable":true,"href":"https:\/\/www.europesays.com\/de\/wp-json\/wp\/v2\/categories?post=129421"},{"taxonomy":"post_tag","embeddable":true,"href":"https:\/\/www.europesays.com\/de\/wp-json\/wp\/v2\/tags?post=129421"}],"curies":[{"name":"wp","href":"https:\/\/api.w.org\/{rel}","templated":true}]}}