{"id":129469,"date":"2025-05-22T01:19:04","date_gmt":"2025-05-22T01:19:04","guid":{"rendered":"https:\/\/www.europesays.com\/de\/129469\/"},"modified":"2025-05-22T01:19:04","modified_gmt":"2025-05-22T01:19:04","slug":"westjordanland-empoerung-in-eu-nach-schuessen-auf-diplomaten-im-westjordanland","status":"publish","type":"post","link":"https:\/\/www.europesays.com\/de\/129469\/","title":{"rendered":"Westjordanland: Emp\u00f6rung in EU nach Sch\u00fcssen auf Diplomaten im Westjordanland"},"content":{"rendered":"<p class=\"paragraph article__item\">Die <a href=\"https:\/\/www.zeit.de\/thema\/europaeische-union\" class=\"\" target=\"_blank\" rel=\"noopener\">Europ\u00e4ische Union<\/a> hat emp\u00f6rt auf einen Schussvorfall gegen eine Delegation europ\u00e4ischer Diplomaten im <a href=\"https:\/\/www.zeit.de\/thema\/palaestinensergebiet\" class=\"\" target=\"_blank\" rel=\"noopener\">Westjordanland<\/a> reagiert. Bei einem Besuch in der Stadt <a href=\"https:\/\/www.zeit.de\/thema\/dschenin\" class=\"\" target=\"_blank\" rel=\"noopener\">Dschenin<\/a> gaben israelische Soldaten Warnsch\u00fcsse in Richtung eines Diplomatenkonvois ab, in dem sich auch ein deutscher Diplomat befand. Die EU-Au\u00dfenbeauftragte Kaja Kallas nannte den Vorfall &#8222;inakzeptabel&#8220; und forderte Israel zu einer umfassenden Aufkl\u00e4rung auf.\n<\/p>\n<p class=\"paragraph article__item\">Das israelische Milit\u00e4r sagte, die Delegation sei von der zuvor genehmigten Route abgewichen und habe ein Gebiet betreten, das nicht freigegeben gewesen sei. Aus diesem Grund h\u00e4tten Soldaten Warnsch\u00fcsse abgegeben. Nachdem erkannt worden sei, dass es sich um Diplomaten handelte, sei eine Untersuchung eingeleitet worden. Der Vorfall ereignete sich laut israelischen Angaben in der N\u00e4he der Stadt Dschenin im besetzten <a class=\"rtr-entity\" href=\"https:\/\/www.zeit.de\/thema\/westjordanland\" target=\"_blank\" rel=\"noopener\">Westjordanland<\/a>.\n<\/p>\n<p class=\"paragraph article__item\">EU-Vertreter verurteilten den Vorfall. Der <a href=\"\" class=\"\" target=\"_blank\">franz\u00f6sische<\/a> Au\u00dfenminister Jean-No\u00ebl Barrot bezeichnete ihn als &#8222;nicht hinnehmbar&#8220; und k\u00fcndigte die Einbestellung des israelischen Botschafters in Paris an. \u00c4hnliche Stellungnahmen kamen aus <a href=\"https:\/\/www.zeit.de\/thema\/spanien\" class=\"\" target=\"_blank\" rel=\"noopener\">Spanien<\/a>, <a href=\"https:\/\/www.zeit.de\/thema\/italien\" class=\"\" target=\"_blank\" rel=\"noopener\">Italien<\/a> und <a href=\"https:\/\/www.zeit.de\/thema\/belgien\" class=\"\" target=\"_blank\" rel=\"noopener\">Belgien<\/a>, Uruguay, Kanada und Mexiko. Kanada und Mexiko forderten eine Untersuchung des Geschehens. <\/p>\n<p class=\"paragraph article__item\">Der belgische Au\u00dfenminister Maxime Pr\u00e9vot schrieb auf X, der Besuch der rund 20 Diplomaten sei offiziell mit der israelischen Armee abgestimmt gewesen. Die Delegation sei in deutlich erkennbaren Fahrzeugen unterwegs gewesen.\n<\/p>\n<p>        Wadephul telefoniert mit israelischem Au\u00dfenminister        <\/p>\n<p class=\"paragraph article__item\">Auch das <a class=\"rtr-entity\" href=\"https:\/\/www.zeit.de\/thema\/auswaertiges-amt\" target=\"_blank\" rel=\"noopener\">Ausw\u00e4rtige Amt<\/a> (AA) in Berlin reagierte. &#8222;Au\u00dfenminister Wadephul hat heute direkt mit dem israelischen Au\u00dfenminister telefoniert&#8220;, sagte ein Sprecher in Berlin. Au\u00dferdem habe er mit den betroffenen Kollegen vor Ort gesprochen. Eine AA-Sprecherin hatte zuvor mitgeteilt, unter den Betroffenen seien ein deutscher Diplomat und ein Fahrer aus dem Vertretungsb\u00fcro Ramallah gewesen. &#8222;Diesen unprovozierten Beschuss verurteilt das Ausw\u00e4rtige Amt scharf&#8220;, sagte sie. &#8222;Wir k\u00f6nnen von Gl\u00fcck reden, dass nichts Schlimmeres passiert ist.&#8220;\u00a0 <\/p>\n<p class=\"paragraph article__item\">Die Sprecherin sagte, dass die Delegation im Rahmen ihrer diplomatischen T\u00e4tigkeit und in Koordination mit der Pal\u00e4stinensischen Autonomiebeh\u00f6rde sowie der israelischen Armee unterwegs gewesen sei. Die unabh\u00e4ngige Beobachterrolle der Diplomatinnen und Diplomaten sei unverzichtbar und stelle &#8222;in keinster Weise eine Bedrohung f\u00fcr israelische Sicherheitsinteressen&#8220; dar.\n<\/p>\n<p>                            \u00a9\u00a0Lea Dohle<\/p>\n<p>\n                    Newsletter<\/p>\n<p>                    Was jetzt? \u2013 Der t\u00e4gliche Morgen\u00fcberblick<\/p>\n<p class=\"newsletter-signup__text\">Starten Sie mit unserem kurzen Nachrichten-Newsletter in den Tag. Erhalten Sie zudem freitags den US-Sonderletter &#8222;Was jetzt, America?&#8220; sowie das digitale Magazin ZEIT am Wochenende.<\/p>\n<p class=\"newsletter-signup__datapolicy\" hidden=\"\">\n            Mit Ihrer Registrierung nehmen Sie die <a href=\"https:\/\/datenschutz.zeit.de\/zon#Newsletter\" target=\"_blank\" rel=\"noopener\">Datenschutzerkl\u00e4rung<\/a> zur Kenntnis.\n        <\/p>\n<p>    Vielen Dank! Wir haben Ihnen eine E-Mail geschickt.<\/p>\n<p>Pr\u00fcfen Sie Ihr Postfach und best\u00e4tigen Sie das Newsletter-Abonnement.<\/p>\n<p class=\"paragraph article__item\">Ein von der Pal\u00e4stinensischen Autonomiebeh\u00f6rde ver\u00f6ffentlichtes Video soll zeigen, wie israelische Soldaten mit Gewehren auf die Delegation zielen. Die Beh\u00f6rde sprach von einem gezielten Beschuss mit scharfer Munition. Verletzte wurden nicht gemeldet. Die israelische Armee bedauerte inzwischen &#8222;die entstandenen Unannehmlichkeiten&#8220;.\n<\/p>\n<p class=\"paragraph article__item\"><a href=\"https:\/\/www.zeit.de\/politik\/ausland\/2025-04\/krieg-gaza-israel-liveblog\" class=\"\" target=\"_blank\" rel=\"noopener\">Alle Entwicklungen zu dem Krieg im Gazastreifen lesen Sie in unserem Liveblog<\/a>.\n<\/p>\n<p>            Nahostkonflikt        <\/p>\n<p>Mehr zum Thema<\/p>\n<p>                <a href=\"https:\/\/www.zeit.de\/politik\/ausland\/2025-05\/humanitaere-lage-gazastreifen-hilfslieferungen-hungersnot-israel\" data-ct-label=\"Humanit\u00e4re Lage im Gazastreifen: Es wird nicht reichen\" target=\"_blank\" rel=\"noopener\"><\/p>\n<p>        Z+ (abopflichtiger Inhalt);<\/p>\n<p>    Humanit\u00e4re Lage im Gazastreifen:<br \/>\n                        Es wird nicht reichen<\/p>\n<p>                <\/a><\/p>\n<p>                <a href=\"https:\/\/www.zeit.de\/kultur\/2025-05\/israel-deutschland-60-jahre-beziehungen-nahostkonflikt\" data-ct-label=\"Israel und Deutschland: Der unm\u00f6gliche Freund\" target=\"_blank\" rel=\"noopener\"><\/p>\n<p>        Z+ (abopflichtiger Inhalt);<\/p>\n<p>    Israel und Deutschland:<br \/>\n                        Der unm\u00f6gliche Freund<\/p>\n<p>                <\/a><\/p>\n<p>                <a href=\"https:\/\/www.zeit.de\/2025\/21\/militaeroffensive-gaza-israel-kriegsfuehrung-diplomatie\" data-ct-label=\"Milit\u00e4roffensive in Gaza: Schmerz und Solidarit\u00e4t\" target=\"_blank\" rel=\"noopener\"><\/p>\n<p>        Z+ (abopflichtiger Inhalt);<\/p>\n<p>    Milit\u00e4roffensive in Gaza:<br \/>\n                        Schmerz und Solidarit\u00e4t<\/p>\n<p>                <\/a><\/p>\n","protected":false},"excerpt":{"rendered":"Die Europ\u00e4ische Union hat emp\u00f6rt auf einen Schussvorfall gegen eine Delegation europ\u00e4ischer Diplomaten im Westjordanland reagiert. Bei einem&hellip;\n","protected":false},"author":2,"featured_media":129470,"comment_status":"","ping_status":"","sticky":false,"template":"","format":"standard","meta":{"footnotes":""},"categories":[3933],"tags":[848,331,332,48207,48206,548,663,158,3934,3935,13,8332,14,15,16,12,12184],"class_list":{"0":"post-129469","1":"post","2":"type-post","3":"status-publish","4":"format-standard","5":"has-post-thumbnail","7":"category-eu","8":"tag-aa","9":"tag-aktuelle-nachrichten","10":"tag-aktuelle-news","11":"tag-diplomatenkonvoi","12":"tag-dschenin","13":"tag-eu","14":"tag-europa","15":"tag-europaeische-union","16":"tag-europe","17":"tag-european-union","18":"tag-headlines","19":"tag-kaja-kalla","20":"tag-nachrichten","21":"tag-news","22":"tag-politik","23":"tag-schlagzeilen","24":"tag-westjordanland"},"share_on_mastodon":{"url":"","error":""},"_links":{"self":[{"href":"https:\/\/www.europesays.com\/de\/wp-json\/wp\/v2\/posts\/129469","targetHints":{"allow":["GET"]}}],"collection":[{"href":"https:\/\/www.europesays.com\/de\/wp-json\/wp\/v2\/posts"}],"about":[{"href":"https:\/\/www.europesays.com\/de\/wp-json\/wp\/v2\/types\/post"}],"author":[{"embeddable":true,"href":"https:\/\/www.europesays.com\/de\/wp-json\/wp\/v2\/users\/2"}],"replies":[{"embeddable":true,"href":"https:\/\/www.europesays.com\/de\/wp-json\/wp\/v2\/comments?post=129469"}],"version-history":[{"count":0,"href":"https:\/\/www.europesays.com\/de\/wp-json\/wp\/v2\/posts\/129469\/revisions"}],"wp:featuredmedia":[{"embeddable":true,"href":"https:\/\/www.europesays.com\/de\/wp-json\/wp\/v2\/media\/129470"}],"wp:attachment":[{"href":"https:\/\/www.europesays.com\/de\/wp-json\/wp\/v2\/media?parent=129469"}],"wp:term":[{"taxonomy":"category","embeddable":true,"href":"https:\/\/www.europesays.com\/de\/wp-json\/wp\/v2\/categories?post=129469"},{"taxonomy":"post_tag","embeddable":true,"href":"https:\/\/www.europesays.com\/de\/wp-json\/wp\/v2\/tags?post=129469"}],"curies":[{"name":"wp","href":"https:\/\/api.w.org\/{rel}","templated":true}]}}