{"id":129499,"date":"2025-05-22T01:36:18","date_gmt":"2025-05-22T01:36:18","guid":{"rendered":"https:\/\/www.europesays.com\/de\/129499\/"},"modified":"2025-05-22T01:36:18","modified_gmt":"2025-05-22T01:36:18","slug":"ausbau-der-gesamtschule-bruenninghausen-in-dortmund","status":"publish","type":"post","link":"https:\/\/www.europesays.com\/de\/129499\/","title":{"rendered":"Ausbau der Gesamtschule Br\u00fcnninghausen in Dortmund"},"content":{"rendered":"<p class=\"small date article__date\">Ver\u00f6ffentlicht:\u00a0Mittwoch, 21.05.2025 16:02<\/p>\n<p><strong>Die Gesamtschule Br\u00fcnninghausen im Dortmunder S\u00fcden soll erweitert werden und eine zus\u00e4tzliche Sporthalle bekommen.\u00a0Der Rat muss noch dar\u00fcber entscheiden. <\/strong><\/p>\n<p><img decoding=\"async\" alt=\"\" src=\"https:\/\/www.europesays.com\/de\/wp-content\/uploads\/2025\/05\/cms-schule.jpg&#038;crop=96x0x1008x630&#038;resize=1008x630&#038;dt=202208041424560.jpeg\" data-size=\"1008x630\"\/>\u00a9  Gesamtschule Br\u00fcnninghausen in Dortmund soll ausgebaut werden<\/p>\n<p>Trotz aller Widerst\u00e4nde bei den Anwohnern: die Gesamtschule Br\u00fcnninghausen wird ausgebaut und soll eine zus\u00e4tzliche Sporthalle bekommen. Das wird die Verwaltung dem Rat vorschlagen. Die Anwohner bef\u00fcrchten eine erhebliche Mehrbelastung an Verkehr. Ein Gutachten habe aber ergeben, dass der Standort am Kl\u00fcsenerskamp dennoch geeignet sei, sagte uns Schuldzernentin Monika Nienaber-Willaredt:<\/p>\n<blockquote><p>&#8222;Wir haben auch versucht, andere Standorte zu finden, weil wir wissen, dass es schwierig ist, gerade dort, und sind vielen Vorschl\u00e4gen, auch der Bezirksvertretung nachgekommen. Aber alles in allem ist das dann doch der beste Standort, den wir haben.&#8220;<\/p><\/blockquote>\n<p>Nachfrage nach Gesamtschulpl\u00e4tzen in Dortmund steigt <\/p>\n<p>Der Ausbau ist n\u00f6tig, damit auch f\u00fcr die Oberstufen-Sch\u00fcler wieder Platz in Br\u00fcnninghausen ist. Sie werden zurzeit am Helene-Lange-Gymnasium in Hombruch unterrichtet. Au\u00dferdem soll es insgesamt mehr Klassen geben, weil die Nachfrage nach Gesamtschulpl\u00e4tzen unvermindert steigt.\u00a0<\/p>\n","protected":false},"excerpt":{"rendered":"Ver\u00f6ffentlicht:\u00a0Mittwoch, 21.05.2025 16:02 Die Gesamtschule Br\u00fcnninghausen im Dortmunder S\u00fcden soll erweitert werden und eine zus\u00e4tzliche Sporthalle bekommen.\u00a0Der Rat&hellip;\n","protected":false},"author":2,"featured_media":129500,"comment_status":"","ping_status":"","sticky":false,"template":"","format":"standard","meta":{"footnotes":""},"categories":[1833],"tags":[48232,3364,29,217,30,9022,1209],"class_list":{"0":"post-129499","1":"post","2":"type-post","3":"status-publish","4":"format-standard","5":"has-post-thumbnail","7":"category-dortmund","8":"tag-brnninghausen","9":"tag-de","10":"tag-deutschland","11":"tag-dortmund","12":"tag-germany","13":"tag-gesamtschule","14":"tag-nordrhein-westfalen"},"share_on_mastodon":{"url":"https:\/\/pubeurope.com\/@de\/114548925028368976","error":""},"_links":{"self":[{"href":"https:\/\/www.europesays.com\/de\/wp-json\/wp\/v2\/posts\/129499","targetHints":{"allow":["GET"]}}],"collection":[{"href":"https:\/\/www.europesays.com\/de\/wp-json\/wp\/v2\/posts"}],"about":[{"href":"https:\/\/www.europesays.com\/de\/wp-json\/wp\/v2\/types\/post"}],"author":[{"embeddable":true,"href":"https:\/\/www.europesays.com\/de\/wp-json\/wp\/v2\/users\/2"}],"replies":[{"embeddable":true,"href":"https:\/\/www.europesays.com\/de\/wp-json\/wp\/v2\/comments?post=129499"}],"version-history":[{"count":0,"href":"https:\/\/www.europesays.com\/de\/wp-json\/wp\/v2\/posts\/129499\/revisions"}],"wp:featuredmedia":[{"embeddable":true,"href":"https:\/\/www.europesays.com\/de\/wp-json\/wp\/v2\/media\/129500"}],"wp:attachment":[{"href":"https:\/\/www.europesays.com\/de\/wp-json\/wp\/v2\/media?parent=129499"}],"wp:term":[{"taxonomy":"category","embeddable":true,"href":"https:\/\/www.europesays.com\/de\/wp-json\/wp\/v2\/categories?post=129499"},{"taxonomy":"post_tag","embeddable":true,"href":"https:\/\/www.europesays.com\/de\/wp-json\/wp\/v2\/tags?post=129499"}],"curies":[{"name":"wp","href":"https:\/\/api.w.org\/{rel}","templated":true}]}}