{"id":1299,"date":"2025-04-01T21:27:21","date_gmt":"2025-04-01T21:27:21","guid":{"rendered":"https:\/\/www.europesays.com\/de\/1299\/"},"modified":"2025-04-01T21:27:21","modified_gmt":"2025-04-01T21:27:21","slug":"us-zoelle-eu-hat-laut-von-der-leyen-einen-starken-plan-fuer-us-handelsstreit","status":"publish","type":"post","link":"https:\/\/www.europesays.com\/de\/1299\/","title":{"rendered":"US-Z\u00f6lle: EU hat laut von der Leyen einen &#8222;starken Plan&#8220; f\u00fcr US-Handelsstreit"},"content":{"rendered":"<p class=\"paragraph article__item\">Im Handelsstreit mit den USA<br \/>\n hat EU-Kommissionspr\u00e4sidentin <a class=\"rtr-entity\" href=\"https:\/\/www.zeit.de\/thema\/ursula-von-der-leyen\" rel=\"nofollow noopener\" target=\"_blank\">Ursula von der Leyen<\/a> ein <a href=\"https:\/\/www.zeit.de\/news\/2025-04\/01\/grosse-ungewissheit-was-europa-bei-neuen-us-zoellen-fuerchtet\" class=\"\" target=\"_blank\" rel=\"nofollow noopener\">entschiedenes<br \/>\nHandeln der EU<\/a> in Aussicht gestellt. &#8222;Wir wollen nicht unbedingt<br \/>\nzur\u00fcckschlagen, aber wenn es notwendig wird, haben wir einen starken<br \/>\nPlan, um zur\u00fcckzuschlagen&#8220;, sagte von der Leyen im<br \/>\nEU-Parlament in Stra\u00dfburg. <a href=\"https:\/\/www.zeit.de\/news\/2025-03\/29\/drei-viertel-der-kunden-fuer-kennzeichnung-europaeischer-waren\" class=\"\" target=\"_blank\" rel=\"nofollow noopener\">Europa verf\u00fcge \u00fcber &#8222;alle Mittel&#8220;<\/a>, um &#8222;die<br \/>\nMenschen in Europa und unseren Wohlstand zu sch\u00fctzen&#8220;, versicherte die<br \/>\nKommissionspr\u00e4sidentin.\n<\/p>\n<p class=\"paragraph article__item\">Sie sprach sich f\u00fcr Verhandlungen<br \/>\naus, um die &#8222;Reindustrialisierung&#8220; der USA und Europas gemeinsam voranzutreiben. Z\u00f6lle w\u00fcrden lediglich die Inflation antreiben, &#8222;genau das Gegenteil von dem, was wir erreichen wollen&#8220;.\u00a0\n<\/p>\n<p class=\"paragraph article__item\">Von der Leyen<br \/>\n betonte, Europa habe den Handelsstreit nicht angefangen und halte ihn<br \/>\nf\u00fcr falsch. Sie sprach sich zudem<br \/>\nf\u00fcr eine St\u00e4rkung des europ\u00e4ischen Binnenmarktes aus. Es gebe &#8222;zu viele<br \/>\nHindernisse, die unseren Unternehmen die Arbeit erschweren&#8220;. Es m\u00fcsse<br \/>\nleichter werden f\u00fcr kleine und mittlere Unternehmen, ihre Produkte in<br \/>\nallen Mitgliedsstaaten der EU zu verkaufen. Zugleich forderte die Kommissionspr\u00e4sidentin  einen Abbau der<br \/>\n B\u00fcrokratie in den Mitgliedsl\u00e4ndern, damit &#8222;Europ\u00e4er einfacher in Europa<br \/>\n investieren&#8220; k\u00f6nnen. &#8222;Wir m\u00fcssen die Kraft des Binnenmarktes<br \/>\nentfesseln.&#8220; <\/p>\n<p class=\"paragraph article__item\">Seit Donald Trump im Januar sein Amt angetreten hat, hat er eine Reihe von Z\u00f6llen eingef\u00fchrt oder angek\u00fcndigt. Seit dem 12. M\u00e4rz gelten neue US-Z\u00f6lle von 25 Prozent auf Stahl- und Aluminium-Importe, die auch die EU betreffen. In der vergangenen Woche versch\u00e4rfte Trump den Handelskonflikt, indem er Strafz\u00f6lle von 25 Prozent auf Autoimporte ank\u00fcndigte, die ab Donnerstag f\u00fcr alle Fahrzeuge gelten sollen, die nicht in den USA produziert werden. Die EU und andere Staaten k\u00fcndigten daraufhin Gegenma\u00dfnahmen an.\n<\/p>\n<p>            Handelsstreit        <\/p>\n<p>US-Z\u00f6lle<\/p>\n<p>                <a href=\"https:\/\/www.zeit.de\/wirtschaft\/2025-03\/handelssstreit-kanada-usa-zoelle-donald-trump\" data-ct-label=\"Handelsstreit Kanada USA: Die Eskalation dauerte knapp 24 Stunden\" rel=\"nofollow noopener\" target=\"_blank\"><\/p>\n<p>        Z+ (abopflichtiger Inhalt);<\/p>\n<p>    Handelsstreit Kanada USA:<br \/>\n                        Die Eskalation dauerte knapp 24 Stunden<\/p>\n<p>                <\/a><\/p>\n<p>                <a href=\"https:\/\/www.zeit.de\/2025\/06\/handelsstreit-usa-china-strafzoelle-export\" data-ct-label=\"Handelsstreit mit den USA: Das war&#039;s mit dem fairen Welthandel\" rel=\"nofollow noopener\" target=\"_blank\"><\/p>\n<p>        Z+ (abopflichtiger Inhalt);<\/p>\n<p>    Handelsstreit mit den USA:<br \/>\n                        Das war&#8217;s mit dem fairen Welthandel<\/p>\n<p>                <\/a><\/p>\n<p>                <a href=\"https:\/\/www.zeit.de\/2025\/13\/wissenschaftler-usa-forschung-deutschland-donald-trump\" data-ct-label=\"Wissenschaftler aus den USA: Die besten Wissenschaftler zu uns?\" rel=\"nofollow noopener\" target=\"_blank\"><\/p>\n<p>        Z+ (abopflichtiger Inhalt);<\/p>\n<p>    Wissenschaftler aus den USA:<br \/>\n                        Die besten Wissenschaftler zu uns?<\/p>\n<p>                <\/a><\/p>\n","protected":false},"excerpt":{"rendered":"Im Handelsstreit mit den USA hat EU-Kommissionspr\u00e4sidentin Ursula von der Leyen ein entschiedenes Handeln der EU in Aussicht&hellip;\n","protected":false},"author":2,"featured_media":1300,"comment_status":"","ping_status":"","sticky":false,"template":"","format":"standard","meta":{"footnotes":""},"categories":[3],"tags":[106,158,1494,13,14,15,16,12,10,8,9,11,1493,1492,103,1495,104,615],"class_list":{"0":"post-1299","1":"post","2":"type-post","3":"status-publish","4":"format-standard","5":"has-post-thumbnail","7":"category-welt","8":"tag-donald-trump","9":"tag-europaeische-union","10":"tag-handelsstreit","11":"tag-headlines","12":"tag-nachrichten","13":"tag-news","14":"tag-politik","15":"tag-schlagzeilen","16":"tag-top-news","17":"tag-top-meldungen","18":"tag-topmeldungen","19":"tag-topnews","20":"tag-ursula-von-der-leyen","21":"tag-us-zoelle","22":"tag-welt","23":"tag-wohlstand","24":"tag-world","25":"tag-zoll"},"share_on_mastodon":{"url":"https:\/\/pubeurope.com\/@de\/114264830323925245","error":""},"_links":{"self":[{"href":"https:\/\/www.europesays.com\/de\/wp-json\/wp\/v2\/posts\/1299","targetHints":{"allow":["GET"]}}],"collection":[{"href":"https:\/\/www.europesays.com\/de\/wp-json\/wp\/v2\/posts"}],"about":[{"href":"https:\/\/www.europesays.com\/de\/wp-json\/wp\/v2\/types\/post"}],"author":[{"embeddable":true,"href":"https:\/\/www.europesays.com\/de\/wp-json\/wp\/v2\/users\/2"}],"replies":[{"embeddable":true,"href":"https:\/\/www.europesays.com\/de\/wp-json\/wp\/v2\/comments?post=1299"}],"version-history":[{"count":0,"href":"https:\/\/www.europesays.com\/de\/wp-json\/wp\/v2\/posts\/1299\/revisions"}],"wp:featuredmedia":[{"embeddable":true,"href":"https:\/\/www.europesays.com\/de\/wp-json\/wp\/v2\/media\/1300"}],"wp:attachment":[{"href":"https:\/\/www.europesays.com\/de\/wp-json\/wp\/v2\/media?parent=1299"}],"wp:term":[{"taxonomy":"category","embeddable":true,"href":"https:\/\/www.europesays.com\/de\/wp-json\/wp\/v2\/categories?post=1299"},{"taxonomy":"post_tag","embeddable":true,"href":"https:\/\/www.europesays.com\/de\/wp-json\/wp\/v2\/tags?post=1299"}],"curies":[{"name":"wp","href":"https:\/\/api.w.org\/{rel}","templated":true}]}}