{"id":129919,"date":"2025-05-22T05:24:09","date_gmt":"2025-05-22T05:24:09","guid":{"rendered":"https:\/\/www.europesays.com\/de\/129919\/"},"modified":"2025-05-22T05:24:09","modified_gmt":"2025-05-22T05:24:09","slug":"ihk-niederrhein-fordert-mut-zu-reformen","status":"publish","type":"post","link":"https:\/\/www.europesays.com\/de\/129919\/","title":{"rendered":"IHK Niederrhein fordert Mut zu Reformen"},"content":{"rendered":"<p>Der Sachverst\u00e4ndigenrat f\u00fcr Wirtschaft hat in seiner Fr\u00fchjahrsprognose die Wachstumserwartungen gesenkt. Das Land kann sich 2025 nur noch auf ein Nullwachstum einstellen. Die niederrheinische Industrie- und Handelskammer fordert von der neuen Bundesregierung schnelles Handeln. Das 500-Milliarden-Finanz-Paket solle jetzt und sinnvoll eingesetzt werden, denn die Stimmung sei schlecht wie lange nicht. Richtige Investitionen k\u00f6nnten f\u00fcr Wachstum sorgen. Zudem m\u00fcsse es eine Unternehmenssteuerreform geben und die B\u00fcrokratie m\u00fcsse weniger werden. Der Niederrhein kann Reformen, den Mut braucht auch Berlin und Br\u00fcssel, so Pr\u00e4sident Schaurte &#8211; K\u00fcppers.<\/p>\n","protected":false},"excerpt":{"rendered":"Der Sachverst\u00e4ndigenrat f\u00fcr Wirtschaft hat in seiner Fr\u00fchjahrsprognose die Wachstumserwartungen gesenkt. Das Land kann sich 2025 nur noch&hellip;\n","protected":false},"author":2,"featured_media":129920,"comment_status":"","ping_status":"","sticky":false,"template":"","format":"standard","meta":{"footnotes":""},"categories":[1838],"tags":[13873,3364,29,3715,30,1209],"class_list":{"0":"post-129919","1":"post","2":"type-post","3":"status-publish","4":"format-standard","5":"has-post-thumbnail","7":"category-duisburg","8":"tag-kreis-wesel","9":"tag-de","10":"tag-deutschland","11":"tag-duisburg","12":"tag-germany","13":"tag-nordrhein-westfalen"},"share_on_mastodon":{"url":"https:\/\/pubeurope.com\/@de\/114549821562599222","error":""},"_links":{"self":[{"href":"https:\/\/www.europesays.com\/de\/wp-json\/wp\/v2\/posts\/129919","targetHints":{"allow":["GET"]}}],"collection":[{"href":"https:\/\/www.europesays.com\/de\/wp-json\/wp\/v2\/posts"}],"about":[{"href":"https:\/\/www.europesays.com\/de\/wp-json\/wp\/v2\/types\/post"}],"author":[{"embeddable":true,"href":"https:\/\/www.europesays.com\/de\/wp-json\/wp\/v2\/users\/2"}],"replies":[{"embeddable":true,"href":"https:\/\/www.europesays.com\/de\/wp-json\/wp\/v2\/comments?post=129919"}],"version-history":[{"count":0,"href":"https:\/\/www.europesays.com\/de\/wp-json\/wp\/v2\/posts\/129919\/revisions"}],"wp:featuredmedia":[{"embeddable":true,"href":"https:\/\/www.europesays.com\/de\/wp-json\/wp\/v2\/media\/129920"}],"wp:attachment":[{"href":"https:\/\/www.europesays.com\/de\/wp-json\/wp\/v2\/media?parent=129919"}],"wp:term":[{"taxonomy":"category","embeddable":true,"href":"https:\/\/www.europesays.com\/de\/wp-json\/wp\/v2\/categories?post=129919"},{"taxonomy":"post_tag","embeddable":true,"href":"https:\/\/www.europesays.com\/de\/wp-json\/wp\/v2\/tags?post=129919"}],"curies":[{"name":"wp","href":"https:\/\/api.w.org\/{rel}","templated":true}]}}