{"id":129930,"date":"2025-05-22T05:32:10","date_gmt":"2025-05-22T05:32:10","guid":{"rendered":"https:\/\/www.europesays.com\/de\/129930\/"},"modified":"2025-05-22T05:32:10","modified_gmt":"2025-05-22T05:32:10","slug":"zwei-laeden-starten-in-beliebtem-shopping-center-3","status":"publish","type":"post","link":"https:\/\/www.europesays.com\/de\/129930\/","title":{"rendered":"Zwei L\u00e4den starten in beliebtem Shopping-Center"},"content":{"rendered":"<ol class=\"id-DonaldBreadcrumb lp_west_breadcrumb id-DonaldBreadcrumb--default\" data-k5a-pos=\"west_breadcrumb\">\n<li class=\"id-Breadcrumb-item\"><a href=\"https:\/\/www.kreiszeitung.de\/\" class=\"id-Breadcrumb-link\" data-id-ec=\"{\" shn=\"\" textlink=\"\" data-k5a-pos=\"1_startseite\" rel=\"nofollow noopener\" target=\"_blank\">Startseite<\/a><\/li>\n<li class=\"id-Breadcrumb-item\"><a href=\"https:\/\/www.kreiszeitung.de\/lokales\/\" class=\"id-Breadcrumb-link\" data-id-ec=\"{\" shn=\"\" textlink=\"\" data-k5a-pos=\"2_lokales\" rel=\"nofollow noopener\" target=\"_blank\">Lokales<\/a><\/li>\n<li class=\"id-Breadcrumb-item\"><a href=\"https:\/\/www.kreiszeitung.de\/lokales\/bremen\/\" class=\"id-Breadcrumb-link\" data-id-ec=\"{\" shn=\"\" textlink=\"\" data-k5a-pos=\"3_bremen\" rel=\"nofollow noopener\" target=\"_blank\">Bremen<\/a><\/li>\n<\/ol>\n<p class=\"id-Story-timestamp id-Story-timestamp--default\">Stand: 22.05.2025, 07:00 Uhr<\/p>\n<p class=\"id-Story-authors id-Story-authors--default\">Von: <a class=\"id-Story-authors-link lp_west_author\" href=\"https:\/\/www.kreiszeitung.de\/autoren\/16703\/\" title=\"Zur Autorenseite von Marcel Prigge\" data-id-ec=\"{\" shn=\"\" author-link=\"\" prigge=\"\" data-k5a-pos=\"west_author\" rel=\"nofollow noopener\" target=\"_blank\">Marcel Prigge<\/a><\/p>\n<p class=\"id-Story-interactionBar id-Story-interactionBar--default\">DruckenTeilen<\/p>\n<p class=\"id-StoryElement-leadText\">Gleich zwei gro\u00dfe Neuer\u00f6ffnungen kommen auf den Bremer S\u00fcden zu. Im Roland-Center ziehen jetzt zwei gro\u00dfe, sehr bekannte Ketten ein.<\/p>\n<p class=\"id-StoryElement-paragraph\">Ist das das Ende der <a href=\"https:\/\/www.kreiszeitung.de\/lokales\/bremen\/alles-dicht-schliessungs-welle-in-bremer-einkaufscenter-rollt-weiter-bald-ist-93155972.html\" class=\"id-import-Link\" data-id-ec=\"{&quot;sht&quot;:&quot;Container&quot;,&quot;shn&quot;:&quot;Story&quot;,&quot;p&quot;:{&quot;containerType&quot;:&quot;Paragraph&quot;,&quot;displayType&quot;:&quot;Paragraph InlineLink&quot;,&quot;type&quot;:&quot;INLINE_LINK&quot;,&quot;value&quot;:&quot;gro&#xDF;en Schlie&#xDF;ungswelle in dem Bremer Einkaufscenter&quot;,&quot;variant&quot;:&quot;standardLink&quot;,&quot;sponsored&quot;:false,&quot;linkHref&quot;:&quot;https:\/\/www.kreiszeitung.de\/lokales\/bremen\/alles-dicht-schliessungs-welle-in-bremer-einkaufscenter-rollt-weiter-bald-ist-93155972.html&quot;,&quot;storyElementPosition&quot;:8,&quot;storyElementCount&quot;:18}}\" rel=\"nofollow noopener\" target=\"_blank\">gro\u00dfen Schlie\u00dfungswelle in dem Bremer Einkaufscenter<\/a>? Im S\u00fcden der Hansestadt wurden jetzt zwei Neuer\u00f6ffnungen verk\u00fcndet. Im Roland-Center zieht neues Leben ein \u2013 und beide Ketten sind definitiv keine Unbekannten.<\/p>\n<p>Roland-Center: Nach Schlie\u00dfungen er\u00f6ffnen zwei gro\u00dfe Ketten neue Filialen<\/p>\n<p class=\"id-StoryElement-paragraph\">In den letzten Jahren hat das Roland-Center unter vielen Gesch\u00e4ftsaufgaben gelitten. Seit 2023 haben mehrere L\u00e4den im Roland-Center dichtmachen m\u00fcssen. Nach <a href=\"https:\/\/www.kreiszeitung.de\/lokales\/bremen\/schliessungs-welle-in-bremen-huchting-roland-center-dm-und-tchibo-grosse-92136833.html\" class=\"id-import-Link\" data-id-ec=\"{&quot;sht&quot;:&quot;Container&quot;,&quot;shn&quot;:&quot;Story&quot;,&quot;p&quot;:{&quot;containerType&quot;:&quot;Paragraph&quot;,&quot;displayType&quot;:&quot;Paragraph InlineLink&quot;,&quot;type&quot;:&quot;INLINE_LINK&quot;,&quot;value&quot;:&quot;dem Ende von dm und Tchibo&quot;,&quot;variant&quot;:&quot;standardLink&quot;,&quot;sponsored&quot;:false,&quot;linkHref&quot;:&quot;https:\/\/www.kreiszeitung.de\/lokales\/bremen\/schliessungs-welle-in-bremen-huchting-roland-center-dm-und-tchibo-grosse-92136833.html&quot;,&quot;storyElementPosition&quot;:11,&quot;storyElementCount&quot;:18}}\" rel=\"nofollow noopener\" target=\"_blank\">dem Ende von dm und Tchibo<\/a> folgte <a href=\"https:\/\/www.kreiszeitung.de\/lokales\/bremen\/bremer-einkaufszentrum-steht-vor-weiterer-schliessungswelle-traurige-entwicklung-92824865.html\" class=\"id-import-Link\" data-id-ec=\"{&quot;sht&quot;:&quot;Container&quot;,&quot;shn&quot;:&quot;Story&quot;,&quot;p&quot;:{&quot;containerType&quot;:&quot;Paragraph&quot;,&quot;displayType&quot;:&quot;Paragraph InlineLink&quot;,&quot;type&quot;:&quot;INLINE_LINK&quot;,&quot;value&quot;:&quot;Nanu-Nana&quot;,&quot;variant&quot;:&quot;standardLink&quot;,&quot;sponsored&quot;:false,&quot;linkHref&quot;:&quot;https:\/\/www.kreiszeitung.de\/lokales\/bremen\/bremer-einkaufszentrum-steht-vor-weiterer-schliessungswelle-traurige-entwicklung-92824865.html&quot;,&quot;storyElementPosition&quot;:11,&quot;storyElementCount&quot;:18}}\" rel=\"nofollow noopener\" target=\"_blank\">Nanu-Nana<\/a>. Letzten Endes ist sogar <a href=\"https:\/\/www.kreiszeitung.de\/lokales\/bremen\/bremen-postfiliale-in-huchtinger-einkaufszentrum-schliesst-brief-bank-roland-center-93075825.html\" class=\"id-import-Link\" data-id-ec=\"{&quot;sht&quot;:&quot;Container&quot;,&quot;shn&quot;:&quot;Story&quot;,&quot;p&quot;:{&quot;containerType&quot;:&quot;Paragraph&quot;,&quot;displayType&quot;:&quot;Paragraph InlineLink&quot;,&quot;type&quot;:&quot;INLINE_LINK&quot;,&quot;value&quot;:&quot;eine Post-Filiale aus dem Center ausgezogen&quot;,&quot;variant&quot;:&quot;standardLink&quot;,&quot;sponsored&quot;:false,&quot;linkHref&quot;:&quot;https:\/\/www.kreiszeitung.de\/lokales\/bremen\/bremen-postfiliale-in-huchtinger-einkaufszentrum-schliesst-brief-bank-roland-center-93075825.html&quot;,&quot;storyElementPosition&quot;:11,&quot;storyElementCount&quot;:18}}\" rel=\"nofollow noopener\" target=\"_blank\">eine Post-Filiale aus dem Center ausgezogen<\/a>.<\/p>\n<p><img decoding=\"async\" class=\"id-RatioPlaceholder-element wv_story_el_image\" src=\"https:\/\/www.europesays.com\/de\/wp-content\/uploads\/2025\/05\/38289549-das-roland-center-in-bremen-QYBG.jpg\" loading=\"lazy\"   height=\"619\" width=\"1100\" alt=\"Das Roland-Center in Bremen\"\/>Das Roland-Center in Bremen bekommt neuen Schwung. Zwei bekannte Ketten er\u00f6ffnen ihre Filialen. \u00a9\u00a0Marvin K\u00f6hnken\/MontageNeuer Schwung im Roland-Center: Ernsting\u2018s Family und Rossmann er\u00f6ffnen<\/p>\n<p class=\"id-StoryElement-paragraph\">Doch jetzt verk\u00fcndet ein gro\u00dfes Plakat im Center: \u201eGro\u00dfe Auswahl jetzt noch gr\u00f6\u00dfer\u201c. Damit wird f\u00fcr die beiden Neuer\u00f6ffnungen der Ketten Ernsting\u2018s Family und Rossmann beworben. Beide werden im Obergeschoss des Einkauf-Centers zu finden sein. W\u00e4hrend Ersting\u2018s bereits am Freitag, 16. Mai, seine T\u00fcren \u00f6ffnete, er\u00f6ffnet Rossmann seine Filiale am Samstag, 24. Mai.<\/p>\n<p class=\"id-StoryElement-paragraph\">Ernsting\u2019s family ist ein deutsches Einzelhandelsunternehmen, das sich auf Mode und Accessoires f\u00fcr alle Altersgruppen konzentriert. Das Sortiment umfasst Bekleidung f\u00fcr Damen, Herren und Kinder sowie Schmuck und Wohnaccessoires. Mit etwa 1.925 Gesch\u00e4ften ist Ernsting\u2019s family in Deutschland, \u00d6sterreich und den Niederlanden pr\u00e4sent. Im Gesch\u00e4ftsjahr 2023\/24 erzielte das Unternehmen einen Umsatz von etwa 1,465 Milliarden Euro.<\/p>\n<p class=\"id-StoryElement-paragraph\">Im Gegensatz dazu betreibt Rossmann derzeit 2.311 Filialen in Deutschland und ist damit nach dm die zweitgr\u00f6\u00dfte Drogeriekette des Landes. Das Unternehmen verfolgt derzeit eine konsequente Expansionsstrategie: F\u00fcr das Jahr 2025 wurden laut Unternehmensangaben die Er\u00f6ffnung von 75 neuen Filialen und umfassende Modernisierungen geplant. Die Rossmann-Gesch\u00e4fte bieten eine umfangreiche Auswahl an Drogerieartikeln, Kosmetik, Haushaltswaren und zunehmend auch Lebensmitteln.<\/p>\n","protected":false},"excerpt":{"rendered":"Startseite Lokales Bremen Stand: 22.05.2025, 07:00 Uhr Von: Marcel Prigge DruckenTeilen Gleich zwei gro\u00dfe Neuer\u00f6ffnungen kommen auf den&hellip;\n","protected":false},"author":2,"featured_media":126974,"comment_status":"","ping_status":"","sticky":false,"template":"","format":"standard","meta":{"footnotes":""},"categories":[1824],"tags":[2420,3364,29,30],"class_list":{"0":"post-129930","1":"post","2":"type-post","3":"status-publish","4":"format-standard","5":"has-post-thumbnail","7":"category-bremen","8":"tag-bremen","9":"tag-de","10":"tag-deutschland","11":"tag-germany"},"share_on_mastodon":{"url":"https:\/\/pubeurope.com\/@de\/114549853011148588","error":""},"_links":{"self":[{"href":"https:\/\/www.europesays.com\/de\/wp-json\/wp\/v2\/posts\/129930","targetHints":{"allow":["GET"]}}],"collection":[{"href":"https:\/\/www.europesays.com\/de\/wp-json\/wp\/v2\/posts"}],"about":[{"href":"https:\/\/www.europesays.com\/de\/wp-json\/wp\/v2\/types\/post"}],"author":[{"embeddable":true,"href":"https:\/\/www.europesays.com\/de\/wp-json\/wp\/v2\/users\/2"}],"replies":[{"embeddable":true,"href":"https:\/\/www.europesays.com\/de\/wp-json\/wp\/v2\/comments?post=129930"}],"version-history":[{"count":0,"href":"https:\/\/www.europesays.com\/de\/wp-json\/wp\/v2\/posts\/129930\/revisions"}],"wp:featuredmedia":[{"embeddable":true,"href":"https:\/\/www.europesays.com\/de\/wp-json\/wp\/v2\/media\/126974"}],"wp:attachment":[{"href":"https:\/\/www.europesays.com\/de\/wp-json\/wp\/v2\/media?parent=129930"}],"wp:term":[{"taxonomy":"category","embeddable":true,"href":"https:\/\/www.europesays.com\/de\/wp-json\/wp\/v2\/categories?post=129930"},{"taxonomy":"post_tag","embeddable":true,"href":"https:\/\/www.europesays.com\/de\/wp-json\/wp\/v2\/tags?post=129930"}],"curies":[{"name":"wp","href":"https:\/\/api.w.org\/{rel}","templated":true}]}}