{"id":129945,"date":"2025-05-22T05:40:11","date_gmt":"2025-05-22T05:40:11","guid":{"rendered":"https:\/\/www.europesays.com\/de\/129945\/"},"modified":"2025-05-22T05:40:11","modified_gmt":"2025-05-22T05:40:11","slug":"rollnacht-duesseldorf-zweite-tour-der-saison-startet","status":"publish","type":"post","link":"https:\/\/www.europesays.com\/de\/129945\/","title":{"rendered":"Rollnacht D\u00fcsseldorf: Zweite Tour der Saison startet"},"content":{"rendered":"<p><a class=\"shariff share__button btn btn-floating btn-dark\" data-services=\"facebook\" target=\"_blank\" data-useplain=\"true\"><\/a><a class=\"shariff share__button btn btn-floating btn-dark\" data-services=\"mail\" data-useplain=\"true\" data-mail-url=\"mailto:\" data-mail-body=\"Hallo! Hier ist ein interessanter Link f\u00fcr Dich: {url}  -  Viele Gr\u00fc\u00dfe\"><\/a><a class=\"shariff share__button btn btn-floating btn-dark\" data-services=\"twitter\" target=\"_blank\" data-useplain=\"true\"><\/a>Details zur Strecke <\/p>\n<p>Der <a href=\"https:\/\/www.google.de\/maps\/place\/Reuterkaserne,+40213+D%C3%BCsseldorf\/@51.2298802,6.7698397,17z\/data=!3m1!4b1!4m5!3m4!1s0x47b8ca1952e94cc3:0xe4fcfa4a7f932d1f!8m2!3d51.2298802!4d6.7720284?shorturl=1\" rel=\"noopener noreferrer\" target=\"_blank\">Startpunkt<\/a> liegt wie gewohnt zwischen der Oberkasseler Br\u00fccke und dem Burgplatz. Wohin es geht, hat Organisator Claus Vogel uns verraten: <\/p>\n<p>\u00a9 Antenne D\u00fcsseldorfSicherheit bei der Rollnacht<\/p>\n<p>Die heutige Strecke ist insgesamt 25 Kilometer lang und f\u00fchrt \u00fcber glatte, asphaltierte Stra\u00dfen &#8211; so Vogel weiter. Er empfiehlt, wie immer mit Schonern und Helm zu fahren. <\/p>\n<p>Weitere Infos und Links zum Thema: <\/p>\n<p><a href=\"https:\/\/www.antenneduesseldorf.de\/artikel\/rollnacht-termine-2025-2324741.html\" rel=\"noopener noreferrer\" target=\"_blank\">Alle Rollnacht-Termine 2025 <\/a><\/p>\n<p><a href=\"https:\/\/www.antenneduesseldorf.de\/artikel\/rollnacht-duesseldorf-startet-2319625.html\" rel=\"noopener noreferrer\" target=\"_blank\">Die erste Rollnacht f\u00fchrte zu uns nach Heerdt<\/a> <\/p>\n<p><a href=\"https:\/\/www.instagram.com\/rollnacht\/\" rel=\"noopener noreferrer\" target=\"_blank\">Die Rollnacht bei Instagram<\/a> <\/p>\n<p><script async src=\"\/\/www.instagram.com\/embed.js\"><\/script><\/p>\n","protected":false},"excerpt":{"rendered":"Details zur Strecke Der Startpunkt liegt wie gewohnt zwischen der Oberkasseler Br\u00fccke und dem Burgplatz. Wohin es geht,&hellip;\n","protected":false},"author":2,"featured_media":129946,"comment_status":"","ping_status":"","sticky":false,"template":"","format":"standard","meta":{"footnotes":""},"categories":[1831],"tags":[48309,48310,8406,3364,29,3405,30,1209],"class_list":{"0":"post-129945","1":"post","2":"type-post","3":"status-publish","4":"format-standard","5":"has-post-thumbnail","7":"category-duesseldorf","8":"tag-inlineskating","9":"tag-rollnacht","10":"tag-dsseldorf","11":"tag-de","12":"tag-deutschland","13":"tag-duesseldorf","14":"tag-germany","15":"tag-nordrhein-westfalen"},"share_on_mastodon":{"url":"https:\/\/pubeurope.com\/@de\/114549884513628592","error":""},"_links":{"self":[{"href":"https:\/\/www.europesays.com\/de\/wp-json\/wp\/v2\/posts\/129945","targetHints":{"allow":["GET"]}}],"collection":[{"href":"https:\/\/www.europesays.com\/de\/wp-json\/wp\/v2\/posts"}],"about":[{"href":"https:\/\/www.europesays.com\/de\/wp-json\/wp\/v2\/types\/post"}],"author":[{"embeddable":true,"href":"https:\/\/www.europesays.com\/de\/wp-json\/wp\/v2\/users\/2"}],"replies":[{"embeddable":true,"href":"https:\/\/www.europesays.com\/de\/wp-json\/wp\/v2\/comments?post=129945"}],"version-history":[{"count":0,"href":"https:\/\/www.europesays.com\/de\/wp-json\/wp\/v2\/posts\/129945\/revisions"}],"wp:featuredmedia":[{"embeddable":true,"href":"https:\/\/www.europesays.com\/de\/wp-json\/wp\/v2\/media\/129946"}],"wp:attachment":[{"href":"https:\/\/www.europesays.com\/de\/wp-json\/wp\/v2\/media?parent=129945"}],"wp:term":[{"taxonomy":"category","embeddable":true,"href":"https:\/\/www.europesays.com\/de\/wp-json\/wp\/v2\/categories?post=129945"},{"taxonomy":"post_tag","embeddable":true,"href":"https:\/\/www.europesays.com\/de\/wp-json\/wp\/v2\/tags?post=129945"}],"curies":[{"name":"wp","href":"https:\/\/api.w.org\/{rel}","templated":true}]}}