{"id":129947,"date":"2025-05-22T05:41:13","date_gmt":"2025-05-22T05:41:13","guid":{"rendered":"https:\/\/www.europesays.com\/de\/129947\/"},"modified":"2025-05-22T05:41:13","modified_gmt":"2025-05-22T05:41:13","slug":"erste-200-historische-gaslaternen-auf-led-umgestellt","status":"publish","type":"post","link":"https:\/\/www.europesays.com\/de\/129947\/","title":{"rendered":"Erste 200 historische Gaslaternen auf LED umgestellt"},"content":{"rendered":"<p>Energiewende in D\u00fcsseldorf <\/p>\n<p>Erste 200 Gaslaternen auf LED umger\u00fcstet<\/p>\n<p>22.05.2025 &#8211; 07:06 UhrLesedauer: 1 Min.<\/p>\n<p><a href=\"#focus-0\" class=\"transition-colors duration-200 focus-within:text-magenta block text-current relative\" data-sctrack=\"FocusGalleryImage.Reference\"><img fetchpriority=\"high\" data-testid=\"Opener.Image\" style=\"--lqipURL:url('https:\/\/images.t-online.de\/2025\/05\/ErctE8xCk9-c\/0x17:800x450\/fit-in\/150x0\/filters:blur(25)\/image.jpg')\"   loading=\"eager\" src=\"https:\/\/www.europesays.com\/de\/wp-content\/uploads\/2025\/05\/1747892472_73_image.jpg\" alt=\"urn:newsml:dpa.com:20090101:250522-935-603271\" title=\"urn:newsml:dpa.com:20090101:250522-935-603271\" width=\"800\" height=\"450\" class=\"bg-[url:var(--lqipURL)] bg-cover bg-center flex w-full max-w-full h-full\" decoding=\"async\"\/><img style=\"--width:32;--height:32\" loading=\"lazy\" src=\"https:\/\/www.europesays.com\/de\/wp-content\/uploads\/2025\/05\/zoom-in.f7dae02f.svg.svg+xml\" alt=\"Vergr\u00f6\u00dfern des Bildes\" title=\"Vergr\u00f6\u00dfern des Bildes\" class=\"&#10;        block&#10;        h-[calc(var(--height)_\/_16_*_1rem)]&#10;        w-[calc(var(--width)_\/_16_*_1rem)]&#10;        max-w-none&#10;        absolute bottom-8 right-8 rounded-4 bg-snow p-8\" decoding=\"async\"\/><\/a><\/p>\n<p>In der Stadt D\u00fcsseldorf sollen Tausende Gaslaternen auf LED umgestellt werden (Archivbild): Aber das Vorhaben ist umstritten. (Quelle: Martin Gerten)<\/p>\n<p class=\"font-bold text-18 leading-17\">D\u00fcsseldorf modernisiert seine Stra\u00dfenbeleuchtung: Rund 200 Gaslaternen wurden durch LED-Leuchten ersetzt. Das Projekt st\u00f6\u00dft auf Kritik \u2013 auch aus Denkmalschutzgr\u00fcnden.<\/p>\n<p class=\"text-18 leading-17\">In <a class=\"transition-colors duration-200 cursor-pointer text-inherit no-underline text-salemsfur md:hover:text-magenta md:hover:border-magenta md:focus:text-magenta border-current border-b border-solid break-words\" href=\"https:\/\/www.t-online.de\/region\/duesseldorf\/\" data-sctrack=\"BodyAnchor\" target=\"_blank\" rel=\"noopener\">D\u00fcsseldorf<\/a> sind rund 200 historische Gaslaternen auf moderne LED-Technik umgestellt worden. Das teilte die Stadt am Donnerstag anl\u00e4sslich einer Pr\u00e4sentation mit. Bis 2035 sollen nahezu alle der rund 13.600 Gaslaternen auf stromsparende Beleuchtung umger\u00fcstet werden \u2013 ein zentraler Baustein auf dem Weg zur Klimaneutralit\u00e4t der Stadt.<\/p>\n<p class=\"text-18 leading-17\">Zun\u00e4chst d\u00fcrfen 4.000 der denkmalgesch\u00fctzten Leuchten mit LED-Technik ausgestattet werden. Die Genehmigung kam nach einem l\u00e4ngeren Streit: Der Landschaftsverband Rheinland hatte Widerspruch gegen das Vorhaben eingelegt, weil die Laternen seit September 2020 unter Denkmalschutz stehen. Eine Umr\u00fcstung ist daher nur mit einer denkmalrechtlichen Erlaubnis zul\u00e4ssig.<\/p>\n<p class=\"text-18 leading-17\">Die Stadt betont, dass die \u00e4u\u00dfere Form der Laternen erhalten bleibt. Durch die Umstellung lie\u00dfen sich laut Mitteilung 98 Prozent der bisherigen Emissionen und Energieverbr\u00e4uche einsparen. Zudem werde das Stadtklima weniger aufgeheizt, da LED-Leuchten deutlich weniger W\u00e4rme abgeben.<\/p>\n<p class=\"text-18 leading-17\">Bereits w\u00e4hrend der Energiekrise hatte D\u00fcsseldorf im Herbst 2022 etwa 8.000 Gaslaternen nachts abgeschaltet, um Gas zu sparen. Die jetzige Ma\u00dfnahme wird als langfristige L\u00f6sung zur Energieeinsparung und zum Klimaschutz verstanden \u2013 trotz Widerstand aus Teilen der Bev\u00f6lkerung, die das typische Licht der Gaslaternen und damit ein St\u00fcck Stadtidentit\u00e4t vermissen.<\/p>\n","protected":false},"excerpt":{"rendered":"Energiewende in D\u00fcsseldorf Erste 200 Gaslaternen auf LED umger\u00fcstet 22.05.2025 &#8211; 07:06 UhrLesedauer: 1 Min. In der Stadt&hellip;\n","protected":false},"author":2,"featured_media":129948,"comment_status":"","ping_status":"","sticky":false,"template":"","format":"standard","meta":{"footnotes":""},"categories":[1831],"tags":[3364,48313,29,3405,1520,1213,48311,30,1209,48312],"class_list":{"0":"post-129947","1":"post","2":"type-post","3":"status-publish","4":"format-standard","5":"has-post-thumbnail","7":"category-duesseldorf","8":"tag-de","9":"tag-denkmalschutzgrund","10":"tag-deutschland","11":"tag-duesseldorf","12":"tag-energiewende","13":"tag-gas","14":"tag-gaslaterne","15":"tag-germany","16":"tag-nordrhein-westfalen","17":"tag-strassenbeleuchtung"},"share_on_mastodon":{"url":"https:\/\/pubeurope.com\/@de\/114549888827753384","error":""},"_links":{"self":[{"href":"https:\/\/www.europesays.com\/de\/wp-json\/wp\/v2\/posts\/129947","targetHints":{"allow":["GET"]}}],"collection":[{"href":"https:\/\/www.europesays.com\/de\/wp-json\/wp\/v2\/posts"}],"about":[{"href":"https:\/\/www.europesays.com\/de\/wp-json\/wp\/v2\/types\/post"}],"author":[{"embeddable":true,"href":"https:\/\/www.europesays.com\/de\/wp-json\/wp\/v2\/users\/2"}],"replies":[{"embeddable":true,"href":"https:\/\/www.europesays.com\/de\/wp-json\/wp\/v2\/comments?post=129947"}],"version-history":[{"count":0,"href":"https:\/\/www.europesays.com\/de\/wp-json\/wp\/v2\/posts\/129947\/revisions"}],"wp:featuredmedia":[{"embeddable":true,"href":"https:\/\/www.europesays.com\/de\/wp-json\/wp\/v2\/media\/129948"}],"wp:attachment":[{"href":"https:\/\/www.europesays.com\/de\/wp-json\/wp\/v2\/media?parent=129947"}],"wp:term":[{"taxonomy":"category","embeddable":true,"href":"https:\/\/www.europesays.com\/de\/wp-json\/wp\/v2\/categories?post=129947"},{"taxonomy":"post_tag","embeddable":true,"href":"https:\/\/www.europesays.com\/de\/wp-json\/wp\/v2\/tags?post=129947"}],"curies":[{"name":"wp","href":"https:\/\/api.w.org\/{rel}","templated":true}]}}