{"id":129951,"date":"2025-05-22T05:43:10","date_gmt":"2025-05-22T05:43:10","guid":{"rendered":"https:\/\/www.europesays.com\/de\/129951\/"},"modified":"2025-05-22T05:43:10","modified_gmt":"2025-05-22T05:43:10","slug":"vfb-stuttgart-im-dfb-pokal-das-ist-fuer-die-fans-in-berlin-geboten","status":"publish","type":"post","link":"https:\/\/www.europesays.com\/de\/129951\/","title":{"rendered":"VfB Stuttgart im DFB-Pokal: Das ist f\u00fcr die Fans in Berlin geboten"},"content":{"rendered":"<p>Der VfB Stuttgart steht im DFB-Pokal-Finale. Tausende VfB-Anh\u00e4nger werden mit in die Hauptstadt reisen. Das erwartet sie.<\/p>\n<p>Seit feststeht, dass der <a href=\"https:\/\/www.stuttgarter-nachrichten.de\/thema\/VfB_Stuttgart\" title=\"VfB Stuttgart\" class=\"art_thema\" target=\"_blank\" rel=\"noopener\">VfB Stuttgart<\/a> im Pokalfinale gegen Arminia Bielefeld steht (24. Mai, 20 Uhr, Liveticker), gibt es unter den Anh\u00e4ngern der Wei\u00df-Roten nur ein Thema: Wie kommen wir da hin, wo \u00fcbernachten wir, und wie kommen wir an Karten? Klar ist, dass Tausende VfB-<a href=\"https:\/\/www.stuttgarter-nachrichten.de\/thema\/Fans\" title=\"Fans\" class=\"art_thema\" target=\"_blank\" rel=\"noopener\">Fans<\/a> den VfB nach Berlin begleiten werden. Gut 25\u2009000 davon haben Tickets, alle anderen werden ohne in die Hauptstadt reisen und Berlin in Wei\u00df und Rot tauchen. Wir haben uns einen \u00dcberblick \u00fcber das Programm verschafft, das f\u00fcr die Fans in Berlin geboten wird.<\/p>\n<p> <b>Donnerstag, 22. Mai<\/b> <\/p>\n<p> <b>18 Uhr \u2013 MeinVfB-Livestream zum Pokalfinale<\/b>, zu Gast ist Fredi Bobic. Wir senden aus dem Hauptstadtb\u00fcro der Stuttgarter Nachrichten, live via Youtube. Um nichts zu verpassen, folgt dem Kanal und aktiviert die Glocke.<\/p>\n<p><img decoding=\"async\" class=\"meinvfbIcon\" src=\"https:\/\/www.europesays.com\/de\/wp-content\/uploads\/2025\/04\/media.media.0ea35dc3-cd0f-4f5f-9738-e5db772ac229.original.svg.svg+xml\"\/> <\/p>\n<p> <b>19 Uhr \u2013 Die Podcaster von VfB STR<\/b> senden live aus dem Biergarten Jockel. Fans k\u00f6nnen kostenfrei dabei sein, Reservierungen sind nicht m\u00f6glich. Wo: Ratiborstra\u00dfe 14c, Berlin<\/p>\n<p> <b>Freitag, 23. Mai<\/b> <\/p>\n<p> <b>12 Uhr \u2013 Fanfest:<\/b> Vielf\u00e4ltiges Programm auf dem Breitscheidplatz, wo sich die VfB-Fans sammeln. Catering, DJs, B\u00fchnenprogramm<\/p>\n<p> <b>13 Uhr \u2013 F\u00fchrung durch das J\u00fcdische Museum in Berlin<\/b>, Eintritt f\u00fcr Fans ist frei, VfB \u00fcbernimmt die Kosten. Anmeldung bereits nicht mehr m\u00f6glich.<\/p>\n<p> <b>13\u201315 Uhr \u2013 Catch Us If You Can:<\/b> Finde den MeinVfB-Reporter auf dem Breitscheidplatz. Mit Codewort \u201eMeinVfB\u201c ansprechen, wir verteilen Goodies, solange der Vorrat reicht.<\/p>\n<p> <b>18.30 Uhr \u2013 Die Podcaster von VfB STR<\/b> senden live aus dem Biergarten Jockel. Fans k\u00f6nnen kostenfrei dabei sein, Reservierungen sind nicht m\u00f6glich. Wo: Ratiborstra\u00dfe 14c, Berlin<\/p>\n<p> <b>TBA: Die Band \u201eDie Fraktion\u201c<\/b> plant Sponti-Konzerte in der Stadt, also Augen offen halten.<\/p>\n<p> <b>22 Uhr \u2013 Offenes R\u00f6ssle.<\/b> Die Fankneipe der \u201eCannstatter Kurve Berlin\u201c in Neuk\u00f6lln, Braunschweiger Stra\u00dfe, ist f\u00fcr alle offen. Zuvor findet dort das MeinVfB-Pubquiz statt.<\/p>\n<p> <b>Samstag, 24. Mai<\/b> <\/p>\n<p> <b>10 Uhr \u2013 Empfang im Bundestag mit Kuppelbesuch<\/b>, Zugang nur f\u00fcr OFC-Mitglieder, anmeldepflichtig<\/p>\n<p> <b>10 Uhr \u2013 Fanfest: <\/b>Vielf\u00e4ltiges Programm auf dem Breitscheidplatz, wo sich die VfB-Fans sammeln. Catering, DJs, B\u00fchnenprogramm<\/p>\n<p> <b>11.45 Uhr \u2013 Bootstour: <\/b>VfB-Sponsor Rewe l\u00e4dt zu einer Bootstour auf der Spree ein. Der Zutritt zum Boot ist in voller VfB-Fanbekleidung frei. Das Boot pendelt zwischen den Anlegestellen Weidendamm und Haus der Kulturen. Anmeldelink und genaue Ablegezeiten sollen folgen, die VfB-Homepage im Blick behalten.<\/p>\n<p> <b>11 Uhr \u2013 Die Podcaster von VfB STR<\/b> senden live aus dem Biergarten Jockel. Fans k\u00f6nnen kostenfrei dabei sein, Reservierungen sind nicht m\u00f6glich. Wo: Ratiborstra\u00dfe 14c, Berlin<\/p>\n<p> <b>12 Uhr \u2013 Offenes R\u00f6ssle<\/b>, Fantreff in Neuk\u00f6lln<\/p>\n<p> <b>12 Uhr \u2013 \u00d6kumenischer Gottesdienst<\/b>, Kaiser-Wilhelm-Ged\u00e4chtnis-Kirche (Breitscheidplatz). Zwei Bisch\u00f6fe werden den Gottesdienst leiten.<\/p>\n<p> <b>13\u201315 Uhr \u2013 Catch Us If You Can: <\/b>Finde den MeinVfB-Reporter auf dem Breitscheidplatz. Mit Codewort \u201eMeinVfB\u201c ansprechen, wir verteilen Goodies, solange der Vorrat reicht.<\/p>\n<p> <b>20 Uhr \u2013 Bierg\u00e4rten mit Pokal\u00fcbertragung:<\/b> Biergarten Jockel (Ratiborstra\u00dfe 14c), Golgatha Biergarten im Viktoriapark (Ecke Katzbachstra\u00dfe\/Monumentenstra\u00dfe), Brauhaus S\u00fcdstern (Hasenheide 69), Naumanns Biergarten (Wilhelm-Kabus-Str. 36, Haus 10) und Zollpackhof Augustiner Biergarten (Elisabeth-Abegg-Stra\u00dfe 1). Auf dem Fanfest findet keine Live-\u00dcbertragung statt. <\/p>\n<p>So weit das Programm ohne Anspruch auf Vollst\u00e4ndigkeit. Auch viele Fanclubs und sonstige Fanvereinigungen haben eigenes Programm geplant. So sind alle Spreedampfer der Reedereien seit Wochen ausgebucht.<\/p>\n","protected":false},"excerpt":{"rendered":"Der VfB Stuttgart steht im DFB-Pokal-Finale. Tausende VfB-Anh\u00e4nger werden mit in die Hauptstadt reisen. Das erwartet sie. Seit&hellip;\n","protected":false},"author":2,"featured_media":129952,"comment_status":"","ping_status":"","sticky":false,"template":"","format":"standard","meta":{"footnotes":""},"categories":[1830],"tags":[1634,3364,29,1264,1002,2665,30,1441,10439,2915,48316],"class_list":{"0":"post-129951","1":"post","2":"type-post","3":"status-publish","4":"format-standard","5":"has-post-thumbnail","7":"category-stuttgart","8":"tag-baden-wuerttemberg","9":"tag-de","10":"tag-deutschland","11":"tag-dfb-pokal","12":"tag-fans","13":"tag-finale","14":"tag-germany","15":"tag-stuttgart","16":"tag-ultras","17":"tag-vfb-stuttgart","18":"tag-vfbfan"},"share_on_mastodon":{"url":"https:\/\/pubeurope.com\/@de\/114549896456025295","error":""},"_links":{"self":[{"href":"https:\/\/www.europesays.com\/de\/wp-json\/wp\/v2\/posts\/129951","targetHints":{"allow":["GET"]}}],"collection":[{"href":"https:\/\/www.europesays.com\/de\/wp-json\/wp\/v2\/posts"}],"about":[{"href":"https:\/\/www.europesays.com\/de\/wp-json\/wp\/v2\/types\/post"}],"author":[{"embeddable":true,"href":"https:\/\/www.europesays.com\/de\/wp-json\/wp\/v2\/users\/2"}],"replies":[{"embeddable":true,"href":"https:\/\/www.europesays.com\/de\/wp-json\/wp\/v2\/comments?post=129951"}],"version-history":[{"count":0,"href":"https:\/\/www.europesays.com\/de\/wp-json\/wp\/v2\/posts\/129951\/revisions"}],"wp:featuredmedia":[{"embeddable":true,"href":"https:\/\/www.europesays.com\/de\/wp-json\/wp\/v2\/media\/129952"}],"wp:attachment":[{"href":"https:\/\/www.europesays.com\/de\/wp-json\/wp\/v2\/media?parent=129951"}],"wp:term":[{"taxonomy":"category","embeddable":true,"href":"https:\/\/www.europesays.com\/de\/wp-json\/wp\/v2\/categories?post=129951"},{"taxonomy":"post_tag","embeddable":true,"href":"https:\/\/www.europesays.com\/de\/wp-json\/wp\/v2\/tags?post=129951"}],"curies":[{"name":"wp","href":"https:\/\/api.w.org\/{rel}","templated":true}]}}