{"id":129960,"date":"2025-05-22T05:48:10","date_gmt":"2025-05-22T05:48:10","guid":{"rendered":"https:\/\/www.europesays.com\/de\/129960\/"},"modified":"2025-05-22T05:48:10","modified_gmt":"2025-05-22T05:48:10","slug":"nico-stank-feiert-auftritt-in-muenchen-was-er-der-az-ueber-einen-partner-verraet","status":"publish","type":"post","link":"https:\/\/www.europesays.com\/de\/129960\/","title":{"rendered":"Nico Stank feiert Auftritt in M\u00fcnchen: Was er der AZ \u00fcber einen Partner verr\u00e4t"},"content":{"rendered":"<p>Comedian, Schauspieler, Autor, Influencer \u2013 Nico Stank hat alle H\u00e4nde voll zu tun. Mit 35 Jahren hat er den Durchbruch geschafft, von dem viele Newcomer tr\u00e4umen. Am Mittwochabend (21. Mai) tritt er mit seinem Programm &#8222;Akte Ex&#8220; im <a href=\"https:\/\/www.abendzeitung-muenchen.de\/organisation\/circus-krone\/\" rel=\"nofollow noopener\" target=\"_blank\">Circus Krone<\/a> auf. Was er sich von seiner Show erhofft, wie es aktuell privat bei ihm l\u00e4uft und wie er sich selbst im Vergleich zu absoluten Comedy-Stars einsch\u00e4tzt \u2013 der AZ stand er Rede und Antwort.<\/p>\n<p><strong>AZ: Sie sind als Podcaster, Comedian, Schauspieler und mit 425.000 Follower auch als Influencer aktiv. Welcher dieser Jobs gef\u00e4llt Ihnen am besten?<br \/><\/strong>NICO STANK: Puh, das ist schwer zu sagen und ehrlich gesagt finde ich, man muss sich gar nicht entscheiden. Ich bin total dankbar, dass ich so viele unterschiedliche Dinge machen darf. Genau das ist ja das Spannende an meinem Job. Und am Ende ist ja alles Teil desselben gro\u00dfen kreativen Ganzen, ich unterhalte Menschen auf verschiedenen Wegen.<\/p>\n<p>Nico Stank betont: Keine Abrechnung in seinem Programm &#8222;Akte Ex&#8220;<\/p>\n<p><strong>Sie sind am 21. Mai mit deinem Programm &#8222;Akte Ex&#8220; in <a href=\"https:\/\/www.abendzeitung-muenchen.de\/muenchen\/\" rel=\"nofollow noopener\" target=\"_blank\">M\u00fcnchen<\/a> zu sehen. Was macht den Auftritt im Circus Krone so besonders?<br \/><\/strong>Der Circus Krone ist einfach ein legend\u00e4rer Ort, da haben schon so viele Gr\u00f6\u00dfen gestanden. F\u00fcr mich ist es aber auch pers\u00f6nlich besonders, weil ich da vor Jahren schon mal als Musicaldarsteller in einer Show aufgetreten bin, und jetzt stehe ich da alleine mit meinem eigenen Comedyprogramm und f\u00fclle als Nico Stank alleine das Zelt, das ist doch gruselig (lacht).<\/p>\n<p><strong>Der Titel Ihres Programms sch\u00fcrt Erwartungen, dass Sie humorvoll \u00fcber Ihren fr\u00fcheren Beziehungen auspacken. Was steckt wirklich hinter dem Titel?<br \/><\/strong>&#8222;Akte Ex&#8220; klingt erst mal nach einer Abrechnung, aber eigentlich ist es eher eine liebevolle Aufarbeitung. Es geht nicht darum, irgendwen blo\u00dfzustellen, sondern um das, was man aus Beziehungen lernt. Und darum, wie absurd und witzig Dating heute ist, auch sehr anstrengend! Also: Es ist mehr Therapie als Skandal.<\/p>\n<p>  <img decoding=\"async\" loading=\"lazy\" src=\"https:\/\/www.europesays.com\/de\/wp-content\/uploads\/2025\/05\/1564976_img-1267_artikelbild_1EbsH8_ta1PAi.jpg\" alt=\"Nico Stank spricht in seinem Programm &quot;Akte Ex&quot; nicht nur \u00fcber Ex-Freunde - auch ehemalige Partnerinnen kommen dabei zur Sprache.\" title=\"Nico Stank spricht in seinem Programm &quot;Akte Ex&quot; nicht nur \u00fcber Ex-Freunde - auch ehemalige Partnerinnen kommen dabei zur Sprache.\" width=\"812\" height=\"459\"\/><\/p>\n<p>      Nico Stank spricht in seinem Programm &#8222;Akte Ex&#8220; nicht nur \u00fcber Ex-Freunde &#8211; auch ehemalige Partnerinnen kommen dabei zur Sprache.<br \/>\n      \u00a9 Jakob Stolz<\/p>\n<p>    Nico Stank spricht in seinem Programm &#8222;Akte Ex&#8220; nicht nur \u00fcber Ex-Freunde &#8211; auch ehemalige Partnerinnen kommen dabei zur Sprache.<\/p>\n<p>von Jakob Stolz <\/p>\n<p>&#8222;}&#8220;&gt; <\/p>\n<p>Nico Stank \u00fcber Ex-Freundinnen: &#8222;Habe Erfahrungen mit Frauen gemacht&#8220;<\/p>\n<p><strong>Wie sind Sie in der Vergangenheit mit Trennungen umgegangen?<br \/><\/strong>Kommt auf die Trennung an. Irgendwann lachst du dr\u00fcber und machst ein ganzes Programm daraus. Ich glaube, jede Trennung hat mich ein St\u00fcck mehr zu mir gebracht.<\/p>\n<p><strong>In der Ank\u00fcndigung zu Ihrer Show ist zu lesen, dass es dabei auch um Ex-Freundinnen geht. Waren Sie in der Vergangenheit auch mit Frauen liiert?<br \/><\/strong>Ich finde, Liebe l\u00e4sst sich nicht immer in feste Schubladen packen. Ich habe meine Erfahrungen mit Frauen gemacht, da habe ich aber auch noch nicht zu mir gestanden und mich gefunden gehabt. Egal ob mit Mann oder Frau, das Date oder die Beziehung ist ja an sich gleich. Und in der Show gehts eben um Menschen, nicht nur um Geschlechter.<\/p>\n<p>Partner oder Single: Das verr\u00e4t Nico Stank \u00fcber seinen Beziehungsstatus<\/p>\n<p><strong>Einen Partner gibt es in den sozialen Medien an Ihrer Seite nicht zu sehen. Wie steht es aktuell in Sachen Liebe? Gibt es in Ihrem Leben jemand Besonderes?<br \/><\/strong>Mein Beziehungsstatus ist gerade eher &#8222;vergeben mit meinem Job&#8220; (lacht). Ich definiere mein Gl\u00fcck nicht durch eine Beziehung. Ich genie\u00dfe den Moment und schaue, was kommt. Wenn\u2019s passt, dann passt\u2019s!<\/p>\n<p><strong>Hatten Sie denn schon mal ein Techtelmechtel mit einem Promi?<br \/><\/strong>Wenn, dann w\u00fcrde ich es hier nicht sagen (lacht).<\/p>\n<p><strong>In einem Interview haben Sie k\u00fcrzlich erkl\u00e4rt, dass Sie sich aktuell keine Adoption vorstellen k\u00f6nnen. Warum steht das nicht auf Ihrer Liste?<br \/><\/strong>Ich finde Adoption etwas total Wertvolles. Aber ich bin gerade an einem Punkt im Leben, wo ich einfach nicht die Ruhe und Stabilit\u00e4t bieten k\u00f6nnte, die ein Kind verdient. Ich glaube, das braucht einen anderen Lebensrahmen und den habe ich aktuell noch nicht.<\/p>\n<p><strong>Wollen Sie irgendwann Kinder in Ihrem Leben haben? Als K\u00fcnstler ist der Spagat zwischen Job und Familie meist nicht so einfach\u2026<br \/><\/strong>Ich schlie\u00dfe das \u00fcberhaupt nicht aus. Ich habe einfach gerade viel zu tun, was unglaublich sch\u00f6n ist und da w\u00e4re es unfair, einem Kind gegen\u00fcber nicht richtig da sein zu k\u00f6nnen. Wenn es mal passt, dann mit ganzem Herzen.<\/p>\n<p>    <a href=\"https:\/\/www.abendzeitung-muenchen.de\/promis\/verweichlichte-jugend-monika-gruber-stichelt-gegen-junge-leute-art-1057164\" data-mrf-recirculation=\"Artikel-Link\" rel=\"nofollow noopener\" target=\"_blank\"><img decoding=\"async\" loading=\"lazy\" src=\"https:\/\/www.europesays.com\/de\/wp-content\/uploads\/2025\/05\/1563201_monika-gruber-in-der-tv-show-schlagerbooom-open-air-die-stadionshow-in-oest_mehrzumthema_1E9.jpeg\" alt=\"Kabarettistin Monika Gruber beschwert sich in ihrem Podcast \u00fcber die heutige Jugend.\" title=\"Kabarettistin Monika Gruber beschwert sich in ihrem Podcast \u00fcber die heutige Jugend.\" width=\"696\" height=\"390\"\/><\/a><\/p>\n<p>        <a href=\"https:\/\/www.abendzeitung-muenchen.de\/promis\/verweichlichte-jugend-monika-gruber-stichelt-gegen-junge-leute-art-1057164\" data-mrf-recirculation=\"Artikel-Link\" rel=\"nofollow noopener\" target=\"_blank\">Verweichlichte Jugend: Monika Gruber stichelt gegen junge Leute        <\/a><\/p>\n<p>                X<\/p>\n<p>Sie haben den Artikel der Merkliste hinzugef\u00fcgt. <\/p>\n<p>                <a href=\"https:\/\/www.abendzeitung-muenchen.de\/meine-az\/merkliste\/\" title=\"Zur Merkliste\" rel=\"nofollow noopener\" target=\"_blank\"><br \/>\n                zur Merkliste<br \/>\n                <\/a>  <\/p>\n<p>    <a href=\"https:\/\/www.abendzeitung-muenchen.de\/promis\/nach-kuenftigem-rosenheim-cops-aus-von-max-mueller-freue-mich-auf-rollen-fuer-die-ich-immer-zu-jung-war-art-1057846\" data-mrf-recirculation=\"Artikel-Link\" rel=\"nofollow noopener\" target=\"_blank\"><img decoding=\"async\" loading=\"lazy\" src=\"https:\/\/www.europesays.com\/de\/wp-content\/uploads\/2025\/05\/1564645_die-rosenheim-cops-06-07-2019-max-mueller-beim-zdf-die-rosenheim-cops-fanta_mehrzumthema_1Eb.jpeg\" alt=\"&quot;Rosenheim-Cops&quot;-Star Max M\u00fcller.\" title=\"&quot;Rosenheim-Cops&quot;-Star Max M\u00fcller.\" width=\"696\" height=\"390\"\/><\/a><\/p>\n<p>        <a href=\"https:\/\/www.abendzeitung-muenchen.de\/promis\/nach-kuenftigem-rosenheim-cops-aus-von-max-mueller-freue-mich-auf-rollen-fuer-die-ich-immer-zu-jung-war-art-1057846\" data-mrf-recirculation=\"Artikel-Link\" rel=\"nofollow noopener\" target=\"_blank\">Nach k\u00fcnftigem &#8222;Rosenheim-Cops&#8220;-Aus: &#8222;Freue mich auf Rollen, f\u00fcr die ich &#8230;        <\/a><\/p>\n<p>                X<\/p>\n<p>Sie haben den Artikel der Merkliste hinzugef\u00fcgt. <\/p>\n<p>                <a href=\"https:\/\/www.abendzeitung-muenchen.de\/meine-az\/merkliste\/\" title=\"Zur Merkliste\" rel=\"nofollow noopener\" target=\"_blank\"><br \/>\n                zur Merkliste<br \/>\n                <\/a>  <\/p>\n<p>&#8222;Circus Krone in M\u00fcnchen ist f\u00fcr mich ein toller Meilenstein&#8220;<\/p>\n<p><strong>Ihre Karriere verl\u00e4uft erfolgreich, aber noch spielen Sie nicht in der gleichen Liga wie Carolin Kebekus oder Felix Lobrecht. Woran liegt das Ihrer Meinung nach?<br \/><\/strong>Ich finde es \u00fcberhaupt nicht schlimm, nicht sofort in der gleichen Liga zu spielen, die beiden machen das ja auch schon deutlich l\u00e4nger und haben sich ihren Platz mit viel Arbeit, Talent und Zeit verdient. Ich bin auf meinem ganz eigenen Weg, und ich glaube fest daran, dass der auch genau dahin f\u00fchren kann. Ich spiele mittlerweile gro\u00dfe Hallen, n\u00e4chstes Jahr sogar die Uber Arena, und der Circus Krone in M\u00fcnchen ist f\u00fcr mich ein toller Meilenstein. Ich bin sehr stolz auf das, was ich erreicht habe, und bin mir sicher, dass das erst der Anfang ist. Bei meiner ersten Tour habe ich in Berlin vor 80 Leuten gespielt, jetzt vor 3000.<\/p>\n<p><strong>Viele Menschen glauben, dass man als Person des \u00f6ffentlichen Lebens viel Geld f\u00fcr wenig Arbeit bekommt. Wie schaut die Realit\u00e4t aus?<br \/><\/strong>Ich glaube, viele Menschen sehen nur das Endprodukt, das Sch\u00f6ne \u2013 nicht den Weg dahin. Sie sehen mich auf Konzerten, in einem sch\u00f6nen Urlaub, auf der B\u00fchne. Aber was sie nicht sehen, ist der Weg dahin und die Arbeit, die dahinter steckt. Ich verstehe mich nicht als klassischen Influencer. Ich kreiere Content auf meine Art und Weise, produziere Videos, Podcasts, habe zwei B\u00fchnenprogramme geschrieben \u2013 mit eigenen Songs und Choreos. Dahinter steckt viel M\u00fche und Arbeit. Ich entwickle Ideen, drehe, schneide, poste, promote und gehe nebenbei zu Castings f\u00fcr Rollen als Schauspieler, plane und gestalte eine Tour mit. In der Conora-Zeit habe ich sechs Tage die Woche Videos produziert und gepostet. Und dabei macht der Kopf nie Feierabend. Das war nicht nur Gl\u00fcck, das war auch viel Disziplin. Und ich mache das einfach alles wahnsinnig gerne.<\/p>\n<p>Nico Stank steht offen zu Homosexualit\u00e4t: &#8222;Keine Lust, mich kleinzumachen&#8220;<\/p>\n<p><strong>Als offen queerer K\u00fcnstler spielen Sie gerne mit Geschlechterrollen, doch in der Gesellschaft nimmt die Akzeptanz gegen\u00fcber der Community immer weiter ab. Haben Sie bei einem Auftritt schon mal einen heiklen Moment erlebt?<br \/><\/strong>Zum Gl\u00fcck hatte ich bisher auf der B\u00fchne fast durchweg positive Erfahrungen. Ich glaube, Humor ist oft ein T\u00fcr\u00f6ffner, auch f\u00fcr Menschen, die vielleicht Vorurteile haben. Ich muss sagen, dass ich selten b\u00f6se Kommentare oder Hassnachrichten bekomme. Das passiert eher, wenn ein Video von einem anderen Account gepostet wird und meine eigene Community und Bubble verl\u00e4sst. Aber nat\u00fcrlich kenne ich diese Kommentare im Netz oder Blicke im Alltag, die zeigen, dass wir noch einen langen Weg vor uns haben. F\u00fcr mich war der Weg zu mir selbst so lang, es hat gedauert, wirklich zu mir zu stehen und mich so zu zeigen, wie ich bin. Wie viel Kopf ich mir \u00fcber meine Comedy Figur Nicola gemacht habe! Ich habe keine Lust mehr, mich kleinzumachen, nur damit sich andere wohler f\u00fchlen. Ich bin doch sowieso schon klein (lacht). Und wenn ich mit dem, was ich tue, anderen Mut geben kann, dann hat sich der ganze Weg schon gelohnt.<\/p>\n<p><strong>Im Sport, vor allem im Profi-Fu\u00dfball der M\u00e4nner, gibt es viel Angst, zu der eigenen Sexualit\u00e4t zu stehen \u2013 in der 1. Bundesliga gibt es etwa keinen offen schwulen Fu\u00dfballer. Welchen Rat haben Sie an ungeoutete Spieler, damit umzugehen?<br \/><\/strong>Es gibt so viele Menschen, auch au\u00dferhalb des Rampenlichts, die mit \u00e4hnlichen \u00c4ngsten k\u00e4mpfen. Und du musst dich nicht outen, um jemandem zu gefallen oder einem Ideal zu entsprechen. Du darfst das in deinem Tempo tun, wenn es sich f\u00fcr dich richtig anf\u00fchlt. Und wenn du bereit bist, hol dir Unterst\u00fctzung, such dir sichere Menschen in deinem Umfeld. Ein Outing ist kein PR-Move, das ist etwas ganz Pers\u00f6nliches. Und niemand sollte dich unter Druck setzen, auch nicht die \u00d6ffentlichkeit.<\/p>\n<p><strong>Was wollen Sie in Ihrem Leben noch unbedingt erreichen, was bislang noch nicht geklappt hat?<br \/><\/strong>Oh, da gibts einiges! Ich w\u00fcrde super gern mal eine eigene Show im Fernsehen haben, mit Stand-up, Musicaleinlagen, Choreos, Band, Comedysketchen\u2026 Und noch mehr als Schauspieler drehen. Ach so: Und nat\u00fcrlich bei der n\u00e4chsten Staffel \u201eLOL\u201c dabei sein!<\/p>\n","protected":false},"excerpt":{"rendered":"Comedian, Schauspieler, Autor, Influencer \u2013 Nico Stank hat alle H\u00e4nde voll zu tun. Mit 35 Jahren hat er&hellip;\n","protected":false},"author":2,"featured_media":129961,"comment_status":"","ping_status":"","sticky":false,"template":"","format":"standard","meta":{"footnotes":""},"categories":[1827],"tags":[772,14749,5299,29,30,1268,48319,2045],"class_list":{"0":"post-129960","1":"post","2":"type-post","3":"status-publish","4":"format-standard","5":"has-post-thumbnail","7":"category-muenchen","8":"tag-bayern","9":"tag-circus-krone","10":"tag-comedy","11":"tag-deutschland","12":"tag-germany","13":"tag-muenchen","14":"tag-nico-stank","15":"tag-promis"},"share_on_mastodon":{"url":"https:\/\/pubeurope.com\/@de\/114549916044636257","error":""},"_links":{"self":[{"href":"https:\/\/www.europesays.com\/de\/wp-json\/wp\/v2\/posts\/129960","targetHints":{"allow":["GET"]}}],"collection":[{"href":"https:\/\/www.europesays.com\/de\/wp-json\/wp\/v2\/posts"}],"about":[{"href":"https:\/\/www.europesays.com\/de\/wp-json\/wp\/v2\/types\/post"}],"author":[{"embeddable":true,"href":"https:\/\/www.europesays.com\/de\/wp-json\/wp\/v2\/users\/2"}],"replies":[{"embeddable":true,"href":"https:\/\/www.europesays.com\/de\/wp-json\/wp\/v2\/comments?post=129960"}],"version-history":[{"count":0,"href":"https:\/\/www.europesays.com\/de\/wp-json\/wp\/v2\/posts\/129960\/revisions"}],"wp:featuredmedia":[{"embeddable":true,"href":"https:\/\/www.europesays.com\/de\/wp-json\/wp\/v2\/media\/129961"}],"wp:attachment":[{"href":"https:\/\/www.europesays.com\/de\/wp-json\/wp\/v2\/media?parent=129960"}],"wp:term":[{"taxonomy":"category","embeddable":true,"href":"https:\/\/www.europesays.com\/de\/wp-json\/wp\/v2\/categories?post=129960"},{"taxonomy":"post_tag","embeddable":true,"href":"https:\/\/www.europesays.com\/de\/wp-json\/wp\/v2\/tags?post=129960"}],"curies":[{"name":"wp","href":"https:\/\/api.w.org\/{rel}","templated":true}]}}