{"id":129969,"date":"2025-05-22T05:53:09","date_gmt":"2025-05-22T05:53:09","guid":{"rendered":"https:\/\/www.europesays.com\/de\/129969\/"},"modified":"2025-05-22T05:53:09","modified_gmt":"2025-05-22T05:53:09","slug":"verbraucherschutz-berlin-will-verbraucher-besser-vor-fake-shops-schuetzen","status":"publish","type":"post","link":"https:\/\/www.europesays.com\/de\/129969\/","title":{"rendered":"Verbraucherschutz: Berlin will Verbraucher besser vor &#8222;Fake-Shops&#8220; sch\u00fctzen"},"content":{"rendered":"<p class=\"paragraph article__item\">Das Land <a class=\"rtr-entity\" href=\"https:\/\/www.zeit.de\/thema\/berlin\" target=\"_blank\" rel=\"noopener\">Berlin<\/a> will Verbraucher besser vor betr\u00fcgerischen Online-Shops sch\u00fctzen und setzt sich im Bund f\u00fcr gesetzliche \u00c4nderungen ein. Verbraucherschutzsenatorin Felor Badenberg sieht in den &#8222;Fake-Shops&#8220;, die zunehmend professionell agieren, ein wachsendes Problem. &#8222;Sie bewirken wirtschaftliche Sch\u00e4den f\u00fcr Verbraucher und besch\u00e4digen zudem auch das Vertrauen in den digitalen Handel&#8220;, sagte die CDU-Politikerin der Deutschen Presse-Agentur.\u00a0\n<\/p>\n<p>Aktuelles<\/p>\n<p>                <a href=\"https:\/\/www.zeit.de\/politik\/deutschland\/2025-05\/afd-verfassungsschutz-rechtsextremistisch-verbotsverfahren\" data-ct-label=\"AfD: Union und FDP warnen vor eiligem AfD-Verbotsverfahren\" target=\"_blank\" rel=\"noopener\"><\/p>\n<p>                        AfD:<br \/>\n                        Union und FDP warnen vor eiligem AfD-Verbotsverfahren<\/p>\n<p>                <\/a><\/p>\n<p>                <a href=\"https:\/\/www.zeit.de\/politik\/ausland\/2025-05\/sergej-radtschenko-russland-ukraine-verhandlung-wladimir-putin\" data-ct-label=\"Sergej Radtschenko: &quot;Putin ist nicht kompromisslos&quot;\" target=\"_blank\" rel=\"noopener\"><\/p>\n<p>        Z+ (abopflichtiger Inhalt);<\/p>\n<p>    Sergej Radtschenko:<br \/>\n                        &#8222;Putin ist nicht kompromisslos&#8220;<\/p>\n<p>                <\/a><\/p>\n<p>                <a href=\"https:\/\/www.zeit.de\/wissen\/2025-04\/spanien-portugal-stromausfall-energieversorgung-bruno-burger\" data-ct-label=\"Spanien und Portugal: Wie kann in einem ganzen Land der Strom ausfallen?\" target=\"_blank\" rel=\"noopener\"><\/p>\n<p>        Z+ (abopflichtiger Inhalt);<\/p>\n<p>    Spanien und Portugal:<br \/>\n                        Wie kann in einem ganzen Land der Strom ausfallen?<\/p>\n<p>                <\/a><\/p>\n<p class=\"paragraph article__item\">Bei der Konferenz der L\u00e4nder-Verbraucherschutzminister, die derzeit in Berlin l\u00e4uft, geh\u00f6rt das Thema f\u00fcr sie als Vorsitzende zu den Schwerpunkten. F\u00fcr die Beratungen k\u00fcndigte Badenberg einen Antrag an. Ziel ist ein besserer Schutz f\u00fcr Verbraucher, indem Regelungsl\u00fccken beseitigt werden.\u00a0\n<\/p>\n<p>        Haftung reicht nicht aus        <\/p>\n<p class=\"paragraph article__item\">&#8222;Vermittlungsdienste, seien es Online-Suchmaschinen, Vergleichsportale oder Online-Marktpl\u00e4tze haften nur in Ausnahmef\u00e4llen&#8220;, erkl\u00e4rte die Senatorin. &#8222;Das Ziel unseres Beschlussvorschlags ist es deshalb, diese Vermittlungsdienste st\u00e4rker in die Pflicht zu nehmen und die beh\u00f6rdliche Rechtsdurchsetzung zur Abschaltung von Fake-Shop-Webseiten zu st\u00e4rken.&#8220;\n<\/p>\n<p class=\"paragraph article__item\">Laut Badenberg sind nach Zahlen von Verbraucherschutzzentralen im Jahr 2024 monatlich 1.600 neue &#8222;Fake-Shops&#8220; entstanden. Kunden erhalten nach Bestellungen mangelhafte Ware &#8211; oder auch gar keine Sendung. H\u00e4ufig w\u00fcrden K\u00e4uferdaten gestohlen oder auch missbraucht, schilderte Badenberg. Nach einer aktuellen Umfrage der Auskunftei Schufa l\u00e4gen die Sch\u00e4den bei jedem vierten Betroffenen zwischen 1.000 und 10.000 Euro.\n<\/p>\n<p class=\"paragraph article__item\">\u00a9 dpa-infocom, dpa:250522-930-575467\/1<\/p>\n","protected":false},"excerpt":{"rendered":"Das Land Berlin will Verbraucher besser vor betr\u00fcgerischen Online-Shops sch\u00fctzen und setzt sich im Bund f\u00fcr gesetzliche \u00c4nderungen&hellip;\n","protected":false},"author":2,"featured_media":129970,"comment_status":"","ping_status":"","sticky":false,"template":"","format":"standard","meta":{"footnotes":""},"categories":[1825],"tags":[1941,1939,296,1937,29,34694,30,1940,15,1938,1085],"class_list":{"0":"post-129969","1":"post","2":"type-post","3":"status-publish","4":"format-standard","5":"has-post-thumbnail","7":"category-berlin","8":"tag-aktuelle-nachrichten-aus-berlin","9":"tag-aktuelle-news-aus-berlin","10":"tag-berlin","11":"tag-berlin-news","12":"tag-deutschland","13":"tag-felor-badenberg","14":"tag-germany","15":"tag-nachrichten-aus-berlin","16":"tag-news","17":"tag-news-aus-berlin","18":"tag-verbraucherschutz"},"share_on_mastodon":{"url":"https:\/\/pubeurope.com\/@de\/114549935624946965","error":""},"_links":{"self":[{"href":"https:\/\/www.europesays.com\/de\/wp-json\/wp\/v2\/posts\/129969","targetHints":{"allow":["GET"]}}],"collection":[{"href":"https:\/\/www.europesays.com\/de\/wp-json\/wp\/v2\/posts"}],"about":[{"href":"https:\/\/www.europesays.com\/de\/wp-json\/wp\/v2\/types\/post"}],"author":[{"embeddable":true,"href":"https:\/\/www.europesays.com\/de\/wp-json\/wp\/v2\/users\/2"}],"replies":[{"embeddable":true,"href":"https:\/\/www.europesays.com\/de\/wp-json\/wp\/v2\/comments?post=129969"}],"version-history":[{"count":0,"href":"https:\/\/www.europesays.com\/de\/wp-json\/wp\/v2\/posts\/129969\/revisions"}],"wp:featuredmedia":[{"embeddable":true,"href":"https:\/\/www.europesays.com\/de\/wp-json\/wp\/v2\/media\/129970"}],"wp:attachment":[{"href":"https:\/\/www.europesays.com\/de\/wp-json\/wp\/v2\/media?parent=129969"}],"wp:term":[{"taxonomy":"category","embeddable":true,"href":"https:\/\/www.europesays.com\/de\/wp-json\/wp\/v2\/categories?post=129969"},{"taxonomy":"post_tag","embeddable":true,"href":"https:\/\/www.europesays.com\/de\/wp-json\/wp\/v2\/tags?post=129969"}],"curies":[{"name":"wp","href":"https:\/\/api.w.org\/{rel}","templated":true}]}}