{"id":129971,"date":"2025-05-22T05:54:10","date_gmt":"2025-05-22T05:54:10","guid":{"rendered":"https:\/\/www.europesays.com\/de\/129971\/"},"modified":"2025-05-22T05:54:10","modified_gmt":"2025-05-22T05:54:10","slug":"seit-oktober-2023-10-000-verfahren-gegen-israel-hasser-in-berlin-regional","status":"publish","type":"post","link":"https:\/\/www.europesays.com\/de\/129971\/","title":{"rendered":"Seit Oktober 2023: 10.000 Verfahren gegen Israel-Hasser in Berlin | Regional"},"content":{"rendered":"<p>Berlin \u2013<b> Seit dem \u00dcberfall der Hamas auf Israel am 7. Oktober 2023 wird der Nahost-Konflikt auch in der Hauptstadt ausgetragen.<\/b><\/p>\n<p>Bei der Berliner Polizei k\u00fcmmert sich eine spezielle Ermittlungsgruppe um die Straftaten der Israel-Hasser. Ihre Bilanz ist erschreckend. <\/p>\n<p>Wie BILD erfuhr, bearbeiten die Polizeibeamten der BAO Nahost (steht f\u00fcr \u201eBesondere Aufbauorganisation\u201c, mehr als 20 Mitarbeiter) seit Oktober 2023 genau 9802 Ermittlungsverfahren gegen propal\u00e4stinensische Straft\u00e4ter. 3090 Tatverd\u00e4chtige konnten ermittelt werden.<\/p>\n<p><b>Eine Polizeisprecherin:<\/b> \u201eBei den bearbeiteten Straftaten handelt es sich zu einem gro\u00dfen Anteil um Delikte rund um das Versammlungsgeschehen, wie z.B. Propagandadelikte sowie Widerst\u00e4nde.\u201c<\/p>\n<p>Straftaten der Israel-Hasser \u2013 die Bilanz der Polizei:<\/p>\n<p><b>Die h\u00e4ufigsten Ermittlungsverfahren: Sachbesch\u00e4digung (2649 Straftaten), Verwendung von Kennzeichen verfassungswidriger und\/oder terroristischer Organisationen (1351), Widerstand (978), Volksverhetzung (833), K\u00f6rperverletzungen (519), Landfriedensbruch (397) und N\u00f6tigung\/Bedrohung (338).<\/b><\/p>\n<p>Zuletzt wurde am vergangenen Donnerstag ein Polizist (36) einer Beweis- und Festnahmeeinheit (BFE) bei einer Kundgebung von Israel-Hassern schwer verletzt. Die Veranstalter hatten zur \u201eNakba\u201c-Demo aufgerufen. Ein Aufzug wurde gerichtlich verboten, die Kundgebung blieb station\u00e4r. 1200 Teilnehmer standen 600 Polizisten und Wasserwerfern gegen\u00fcber.<\/p>\n<p>Polizist in die Menge gezogen, niedergetrampelt<\/p>\n<p>Gegen 18 Uhr kam es an der Bl\u00fccherstra\u00dfe\/Ecke Fontanepromenade in <a href=\"https:\/\/www.bild.de\/regional\/berlin\/berlin-regional\/home-15823246.bild.html\" class=\"text-link\" rel=\"nofollow noopener\" target=\"_blank\">Kreuzberg<\/a> zur Eskalation: Demonstranten wollten die Polizeiketten durchbrechen. Die Beamten wurden mit Getr\u00e4nkedosen und anderen Gegenst\u00e4nden beworfen und mit roter Farbe bespritzt. Es gab Flaschenw\u00fcrfe und einen Steinwurf. Der Polizist soll bei einer versuchten Festnahme<a href=\"https:\/\/www.bild.de\/regional\/berlin\/etwa-30-festnahmen-polizist-bei-israel-hass-demo-schwer-verletzt-682628bdf55c834635306348\" class=\"text-link\" rel=\"nofollow noopener\" target=\"_blank\"> in die Menge hineingerissen und niedergetrampelt worden sein<\/a>. \u201eSein Arm ist gebrochen\u201c, sagte ein Sprecher.<\/p>\n<p>Lesen Sie auch<\/p>\n<p><b>Elf Polizisten und eine bislang unbekannte Zahl Demonstranten wurden verletzt.<\/b><\/p>\n","protected":false},"excerpt":{"rendered":"Berlin \u2013 Seit dem \u00dcberfall der Hamas auf Israel am 7. Oktober 2023 wird der Nahost-Konflikt auch in&hellip;\n","protected":false},"author":2,"featured_media":129972,"comment_status":"","ping_status":"","sticky":false,"template":"","format":"standard","meta":{"footnotes":""},"categories":[1825],"tags":[712,296,710,29,30,411,121,1926,45],"class_list":{"0":"post-129971","1":"post","2":"type-post","3":"status-publish","4":"format-standard","5":"has-post-thumbnail","7":"category-berlin","8":"tag-antisemitismus","9":"tag-berlin","10":"tag-demonstrationen","11":"tag-deutschland","12":"tag-germany","13":"tag-israel","14":"tag-polizei","15":"tag-push-automatisch","16":"tag-texttospeech"},"share_on_mastodon":{"url":"https:\/\/pubeurope.com\/@de\/114549939607257443","error":""},"_links":{"self":[{"href":"https:\/\/www.europesays.com\/de\/wp-json\/wp\/v2\/posts\/129971","targetHints":{"allow":["GET"]}}],"collection":[{"href":"https:\/\/www.europesays.com\/de\/wp-json\/wp\/v2\/posts"}],"about":[{"href":"https:\/\/www.europesays.com\/de\/wp-json\/wp\/v2\/types\/post"}],"author":[{"embeddable":true,"href":"https:\/\/www.europesays.com\/de\/wp-json\/wp\/v2\/users\/2"}],"replies":[{"embeddable":true,"href":"https:\/\/www.europesays.com\/de\/wp-json\/wp\/v2\/comments?post=129971"}],"version-history":[{"count":0,"href":"https:\/\/www.europesays.com\/de\/wp-json\/wp\/v2\/posts\/129971\/revisions"}],"wp:featuredmedia":[{"embeddable":true,"href":"https:\/\/www.europesays.com\/de\/wp-json\/wp\/v2\/media\/129972"}],"wp:attachment":[{"href":"https:\/\/www.europesays.com\/de\/wp-json\/wp\/v2\/media?parent=129971"}],"wp:term":[{"taxonomy":"category","embeddable":true,"href":"https:\/\/www.europesays.com\/de\/wp-json\/wp\/v2\/categories?post=129971"},{"taxonomy":"post_tag","embeddable":true,"href":"https:\/\/www.europesays.com\/de\/wp-json\/wp\/v2\/tags?post=129971"}],"curies":[{"name":"wp","href":"https:\/\/api.w.org\/{rel}","templated":true}]}}