{"id":129975,"date":"2025-05-22T05:56:13","date_gmt":"2025-05-22T05:56:13","guid":{"rendered":"https:\/\/www.europesays.com\/de\/129975\/"},"modified":"2025-05-22T05:56:13","modified_gmt":"2025-05-22T05:56:13","slug":"berlin-berlins-neue-kultursenatorin-kultur-als-lebenselixier","status":"publish","type":"post","link":"https:\/\/www.europesays.com\/de\/129975\/","title":{"rendered":"Berlin: Berlins neue Kultursenatorin Kultur als Lebenselixier"},"content":{"rendered":"<p class=\"metatextline\">Stand: 22.05.2025 07:08 Uhr<\/p>\n<p class=\"textabsatz columns twelve  m-ten  m-offset-one l-eight l-offset-two\">\n        <strong>Die britisch-\u00f6sterreichische Kulturmanagerin Sarah Wedl-Wilson (parteilos) soll am Donnerstag als Berlins neue Kultursenatorin vereidigt werden. Die Herausforderungen des neuen Amts sind ihr bereits bekannt. Von Kirsten Buchmann<\/strong>\n    <\/p>\n<p class=\"textabsatz m-ten m-offset-one l-eight l-offset-two columns twelve\">\nKultur sei ihr Lebenselixier, sagt <a href=\"https:\/\/www.rbb24.de\/politik\/beitrag\/2025\/05\/berlin-neue-kultur-senatorin-sarah-wedl-wilson-chialo-nachfolge.html\" title=\"Sarah Wedl-Wilson\" class=\"textlink--extern\" target=\"_blank\" rel=\"noopener nofollow\">Sarah Wedl-Wilson<\/a>. F\u00fcr sie ist Kultur &#8222;ein Grundstein unseres Seins als Menschen&#8220;. Sie selbst spielte schon fr\u00fch Geige, unter anderem in Jugendorchestern. Ihr neues Amt als Kultursenatorin geht sie selbstbewusst an, &#8222;Ja, das passt&#8220;, was auch andere finden. Zuspruch erh\u00e4lt sie aus der Berliner Kulturszene, die vor allem erwartet, dass Sarah Wedl-Wilson in Zeiten knapper Kassen f\u00fcr sie k\u00e4mpfen wird. Die Intendantin der Staatsoper Unter den Linden, Elisabeth Sobotka, ist froh, &#8222;dass jetzt eine Frau Kultursenatorin wird, die wirklich etwas von dem, was wir tun, versteht, und die uns sicher mit Rat und Tat und mit Begeisterung durch diese schwierige Zeit bringen kann.&#8220;<\/p>\n<p>            <img loading=\"lazy\" decoding=\"async\" class=\"ts-image\" src=\"https:\/\/www.europesays.com\/de\/wp-content\/uploads\/2025\/05\/1747893371_40_rbb-audio-radio3-06-05-2025-interview-mit-sarah-wedl-wilson-100.jpg\" alt=\"Berlins neue Kultursenatorin Sarah Wedl-Wilson wird vom Regierenden B\u00fcrgermeister Kai Wegner im Roten Rathaus vorgestellt. (Quelle: dpa-Bildfunk\/Paul Zinken)\" title=\"Audio: Radio3 | 06.05.2025 | Interview mit Sarah Wedl-Wilson | dpa-Bildfunk\/Paul Zinken\"\/><\/p>\n<p>K\u00fcnftige Senatorin Wedl-Wilson will weitere Einsparungen bei der Kultur vermeiden<\/p>\n<p>            Die neue Berliner Kultursenatorin Sarah Wedl-Wilson will K\u00fcrzungen in der Branche \u00fcber die bereits feststehenden Einsparungen in diesem Jahr hinaus verhindern. Weitere Abstriche seien f\u00fcr die Szene nicht m\u00f6glich.<a href=\"https:\/\/www.rbb24.de\/kultur\/beitrag\/2025\/05\/berlin-senatorin-wedl-wilson-amtsantritt-kuerzungen-einsparungen.html\" title=\"mehr\" class=\"textlink--extern\" target=\"_blank\" rel=\"noopener nofollow\">mehr<\/a><\/p>\n<p>    Senatorin ohne Parteibuch<\/p>\n<p class=\"textabsatz m-ten m-offset-one l-eight l-offset-two columns twelve\">\nPositive Reaktionen auf die Personalie kommen auch aus der Politik. Melanie K\u00fchnemann-Grunow, SPD, Mitglied im Kulturausschuss des Berliner Abgeordnetenhauses, sagt, als die designierte Senatorin ein paar Pl\u00e4tze von ihr entfernt im Ausschusssaal sitzt: &#8222;Die Freude ist auch auf Seiten der Koalition immens.&#8220; L\u00e4chelnd bedankt sich Sarah Wedl-Wilson. Die Freude sei ganz auf ihrer Seite, &#8222;beziehungsweise die Ehre&#8220;, dass der Regierende B\u00fcrgermeister Kai Wegner (CDU) sie f\u00fcr diese Amt vorgeschlagen habe. Dabei habe sie kein CDU-Parteibuch, denn sie sei eine geb\u00fcrtige Britin mit \u00f6sterreichischem Pass.<br \/>\u00a0<br \/>In \u00d6sterreich arbeitete Sarah Wedl-Wilson am Mozarteum in Salzburg unter anderem als Interimsrektorin. In Berlin war sie ab 2019 Rektorin der Hochschule f\u00fcr Musik Hanns Eisler, bis sie 2023 Kulturstaatssekret\u00e4rin wurde.<\/p>\n<p>    Opposition will mehr Kommunikation<\/p>\n<p class=\"textabsatz m-ten m-offset-one l-eight l-offset-two columns twelve\">\nIn Kulturausschusssitzungen des Berliner Abgeordnetenhauses sch\u00e4tzen Politiker ihre pr\u00e4zise Art. Gratulationen kommen daher auch aus der Opposition, sobald bekannt ist, dass Sarah Wedl-Wilson die Nachfolgerin von Kultursenator <a href=\"https:\/\/www.rbb24.de\/politik\/beitrag\/2025\/05\/portrait-joe-chialo-cdu-kultursenator-berlin.html\" title=\"Joe Chialo\" class=\"textlink--extern\" target=\"_blank\" rel=\"noopener nofollow\">Joe Chialo<\/a> (CDU) wird. Daniel Wesener von den Gr\u00fcnen w\u00fcnscht ihr &#8222;im Sinne der Berliner Kultur viel Erfolg.&#8220;<br \/>\u00a0<br \/>Sarah Wedl-Wilson gilt als Netzwerkerin. Viele erhoffen sich von ihr angesichts des <a href=\"https:\/\/www.rbb24.de\/kultur\/beitrag\/2024\/11\/berlin-kuerzungen-kulturszene-bangt.html\" title=\"Sparkurses in der Kultur\" class=\"textlink--extern\" target=\"_blank\" rel=\"noopener nofollow\">Sparkurses in der Kultur<\/a> mehr Kommunikation als von ihrem Vorg\u00e4nger. Die angehende Senatorin signalisiert, sie wisse, dass eine &#8222;sehr schwierige Aufgabe&#8220; vor ihr liege. Es gehe nicht nur darum, &#8222;mit weniger Geld dasselbe zu machen wie bisher, sondern auch darum, gemeinsame Wege zu finden.&#8220;<\/p>\n<p>            <img loading=\"lazy\" decoding=\"async\" class=\"ts-image\" src=\"https:\/\/www.europesays.com\/de\/wp-content\/uploads\/2025\/05\/1747893371_737_rbb-cerstin-richter-kotowski-0241390477-100.jpg\" alt=\"Archivbild: Cerstin Richter-Kotowski am 03.04.2023. (Quelle: IMAGO\/Stefan Zeitz)\" title=\"Audio: rbb24 Inforadio | 17.05.2025 | Tobias Moeck | IMAGO\/Stefan Zeitz\"\/><\/p>\n<p>Cerstin Richter-Kotowski soll neue Berliner Kulturstaatssekret\u00e4rin werden<\/p>\n<p>            <a href=\"https:\/\/www.rbb24.de\/politik\/beitrag\/2025\/05\/berlin-kultur-staatssekretaerin-kulturverwaltung-richter-kotowski.html\" title=\"mehr\" class=\"textlink--extern\" target=\"_blank\" rel=\"noopener nofollow\">mehr<\/a><\/p>\n<p>    Kultur-Dialog fortsetzen<\/p>\n<p class=\"textabsatz m-ten m-offset-one l-eight l-offset-two columns twelve\">\nMit den massiven K\u00fcrzungen in seinem Ressort hatte Joe Chialo seinen R\u00fccktritt begr\u00fcndet. Nun soll Sarah Wedl-Wilson die Herausforderungen bew\u00e4ltigen. Sie will den so genannten <a href=\"https:\/\/www.rbb24.de\/kultur\/beitrag\/2025\/04\/buehnen-theater-landeseigen-berlin-privatisierung-angst-mitarbeiter.html\" title=\"Kultur-Dialog\" class=\"textlink--extern\" target=\"_blank\" rel=\"noopener nofollow\">Kultur-Dialog<\/a> fortsetzen, den sie schon als Staatssekret\u00e4rin f\u00fchrte. Dabei sprechen der Regierende B\u00fcrgermeister und sie mit Kultureinrichtungen dar\u00fcber, wie und wo sich sparen l\u00e4sst. Insgesamt betr\u00e4gt das Minus f\u00fcr ihr Ressort in diesem Jahr 130 Millionen Euro. In den beiden kommenden Jahren soll sich der Sparkurs laut Senats-Eckwerten noch versch\u00e4rfen.<br \/>\u00a0<br \/>Kurz nachdem bekannt war, dass sie Kultursenatorin werden soll, bezieht Sarah Wedl-Wilson Stellung: &#8222;Das schaffen wir nicht, wir k\u00f6nnen diese hohe Summe nicht aus der Kultur in Berlin herausnehmen.&#8220; Sie stehe vor der Herkulesaufgabe, &#8222;gemeinsam an der Seite von allen Kulturschaffenden in Berlin zu \u00fcberlegen: Wie gehen wir damit um?&#8220;<\/p>\n<p>    Keine Einrichtung schlie\u00dfen<\/p>\n<p class=\"textabsatz m-ten m-offset-one l-eight l-offset-two columns twelve\">\nSie will in ihrem Kultur-Dialog daher zum Beispiel \u00fcberlegen, wo es zus\u00e4tzliche Einnahmem\u00f6glichkeiten gebe. Denn als bisherige Kulturstaatssekret\u00e4rin kennt Sarah Wedl-Wilson die Lage der Kultureinrichtungen in der Stadt angesichts des Sparkurses. Bisher seien deren R\u00fccklagen aufgel\u00f6st worden, &#8222;Einmaleffekte&#8220; also. Jetzt gehe es aber an die Strukturen heran, sagt Sarah Wedl-Wilson. Eine Idee daf\u00fcr liefert ihr offenbar die Berliner Opernstiftung, in deren Stiftungsrat sie fr\u00fcher sa\u00df. Nach deren Vorbild k\u00f6nnte Berlin landeseigene B\u00fchnen &#8211; wie etwa das Deutsche Theater und die Volksb\u00fchne &#8211; unter ein Stiftungsdach bringen. Durchsetzen m\u00fcsste die neue Kultursenatorin ein solches Modell aber gegen\u00fcber Besch\u00e4ftigten, die unter anderem eine schlechtere Bezahlung bef\u00fcrchten.<\/p>\n<p>            <img loading=\"lazy\" decoding=\"async\" class=\"ts-image\" src=\"https:\/\/www.europesays.com\/de\/wp-content\/uploads\/2025\/05\/1747893372_35_rbb-audio-rbb24-inforadio-04-04-2024-anne-kohlick-100.jpg\" alt=\"Die Fassade des Maxim Gorki Theaters ist im Abendlicht angeleuchtet (Quelle: dpa\/Soeren Stache).\" title=\"Video: rbb24 Abendschau | 04.04.2024 | Anne Kohlick | dpa\/Soeren Stache\"\/><\/p>\n<p>Mitarbeiter der landeseigenen Theater f\u00fcrchten Privatisierung <\/p>\n<p>            Noch hat Berlin f\u00fcnf landeseigene B\u00fchnen, doch damit k\u00f6nnte bald Schluss sein. Aktuell wird \u00fcber eine Neuorganisation gesprochen. Die Mitarbeiter f\u00fcrchten um ihre Jobs. Von Nathalie Daiber, Tina Friedrich und Anne Kohlick<a href=\"https:\/\/www.rbb24.de\/kultur\/beitrag\/2025\/04\/buehnen-theater-landeseigen-berlin-privatisierung-angst-mitarbeiter.html\" title=\"mehr\" class=\"textlink--extern\" target=\"_blank\" rel=\"noopener nofollow\">mehr<\/a><\/p>\n<p class=\"textabsatz m-ten m-offset-one l-eight l-offset-two columns twelve\">\nImmerhin hatte der Regierende B\u00fcrgermeister Kai Wegner, als er Wedl-Wilson f\u00fcr ihr k\u00fcnftiges Amt vorstellte, das klare Ziel formuliert &#8222;keine Einrichtung zu schlie\u00dfen&#8220;. Entgegen kam er Sarah Wedl-Wilson au\u00dferdem mit dem Gedanken, Sparvorgaben f\u00fcr die Kultur wom\u00f6glich zeitlich zu strecken. Denn einige Vorschl\u00e4ge w\u00fcrden nicht sofort wirken, sagt Wegner: &#8222;Hier m\u00fcssen wir gucken, wie wir nochmal einen \u00dcbergangszeitraum schaffen.&#8220; Die Diskussion dar\u00fcber werde im Senat und in der gesamten Koalition gef\u00fchrt werden m\u00fcssen.<\/p>\n<p>    Baustelle Zentral- und Landesbibliothek<\/p>\n<p class=\"textabsatz m-ten m-offset-one l-eight l-offset-two columns twelve\">\nZugleich gibt es f\u00fcr die neue Kultursenatorin weitere gro\u00dfe Baustellen, wie etwa die <a href=\"https:\/\/www.rbb24.de\/kultur\/beitrag\/2025\/02\/berlin-zlb-einsparungen-stellen-haushaltskuerzungen.html\" title=\"Zentral- und Landesbibliothek\" class=\"textlink--extern\" target=\"_blank\" rel=\"noopener nofollow\">Zentral- und Landesbibliothek<\/a>. Sie ist momentan an zwei getrennten Standorten untergebracht, die beide sanierungsbed\u00fcrftig sind. Joe Chialo hatte als Kultursenator vergeblich daf\u00fcr geworben, sie an der Friedrichstra\u00dfe im ehemaligen Lafayette-Kaufhaus an der Friedrichstra\u00dfe unterzubringen.<br \/>\u00a0<br \/>Auch mit der freien Kulturszene, die wie Sarah Wedl-Wilson sagt, &#8222;Haut und Knochen&#8220; sei, das hei\u00dft unterfinanziert, wird sie sich besch\u00e4ftigen m\u00fcssen. So wurden wegen des Sparkurses bereits Gelder gestrichen, um Ateliers auszubauen. Auf sie warten K\u00fcnstlerinnen und K\u00fcnstler allerdings dringend. Sarah Wedl-Wilson wird auf viele offene Fragen Antworten finden m\u00fcssen.<\/p>\n<p class=\"textabsatz m-ten m-offset-one l-eight l-offset-two columns twelve\">\nSendung: rbb24 Abendschau, 22.05.2025, 19:30 Uhr<\/p>\n<p>                                        <a class=\"backlink__link\" href=\"https:\/\/www.rbb24.de\/kultur\/beitrag\/2025\/05\/berlin-kultursenatorin-sarah-wedl-wilson.html\" rel=\"nofollow noopener\" target=\"_blank\"><\/p>\n<p>                                                <img loading=\"lazy\" decoding=\"async\" alt=\"Rundfunk Berlin-Brandenburg\" src=\"https:\/\/www.europesays.com\/de\/wp-content\/uploads\/2025\/04\/1745108282_195_lra-rbb-logo-100.svg.svg+xml\" height=\"40\" width=\"40\"\/><\/p>\n<p>                                        <\/a><\/p>\n","protected":false},"excerpt":{"rendered":"Stand: 22.05.2025 07:08 Uhr Die britisch-\u00f6sterreichische Kulturmanagerin Sarah Wedl-Wilson (parteilos) soll am Donnerstag als Berlins neue Kultursenatorin vereidigt&hellip;\n","protected":false},"author":2,"featured_media":129976,"comment_status":"","ping_status":"","sticky":false,"template":"","format":"standard","meta":{"footnotes":""},"categories":[1825],"tags":[296,29,30,2239],"class_list":{"0":"post-129975","1":"post","2":"type-post","3":"status-publish","4":"format-standard","5":"has-post-thumbnail","7":"category-berlin","8":"tag-berlin","9":"tag-deutschland","10":"tag-germany","11":"tag-rbb"},"share_on_mastodon":{"url":"https:\/\/pubeurope.com\/@de\/114549947466097784","error":""},"_links":{"self":[{"href":"https:\/\/www.europesays.com\/de\/wp-json\/wp\/v2\/posts\/129975","targetHints":{"allow":["GET"]}}],"collection":[{"href":"https:\/\/www.europesays.com\/de\/wp-json\/wp\/v2\/posts"}],"about":[{"href":"https:\/\/www.europesays.com\/de\/wp-json\/wp\/v2\/types\/post"}],"author":[{"embeddable":true,"href":"https:\/\/www.europesays.com\/de\/wp-json\/wp\/v2\/users\/2"}],"replies":[{"embeddable":true,"href":"https:\/\/www.europesays.com\/de\/wp-json\/wp\/v2\/comments?post=129975"}],"version-history":[{"count":0,"href":"https:\/\/www.europesays.com\/de\/wp-json\/wp\/v2\/posts\/129975\/revisions"}],"wp:featuredmedia":[{"embeddable":true,"href":"https:\/\/www.europesays.com\/de\/wp-json\/wp\/v2\/media\/129976"}],"wp:attachment":[{"href":"https:\/\/www.europesays.com\/de\/wp-json\/wp\/v2\/media?parent=129975"}],"wp:term":[{"taxonomy":"category","embeddable":true,"href":"https:\/\/www.europesays.com\/de\/wp-json\/wp\/v2\/categories?post=129975"},{"taxonomy":"post_tag","embeddable":true,"href":"https:\/\/www.europesays.com\/de\/wp-json\/wp\/v2\/tags?post=129975"}],"curies":[{"name":"wp","href":"https:\/\/api.w.org\/{rel}","templated":true}]}}