{"id":129979,"date":"2025-05-22T05:58:08","date_gmt":"2025-05-22T05:58:08","guid":{"rendered":"https:\/\/www.europesays.com\/de\/129979\/"},"modified":"2025-05-22T05:58:08","modified_gmt":"2025-05-22T05:58:08","slug":"vietnamesische-schoenheitskoenigin-in-haft-gemuesebonbons-als-ballast","status":"publish","type":"post","link":"https:\/\/www.europesays.com\/de\/129979\/","title":{"rendered":"Vietnamesische Sch\u00f6nheitsk\u00f6nigin in Haft: Gem\u00fcsebonbons als Ballast"},"content":{"rendered":"<p class=\"bodytext paragraph first  typo-bodytext is-block column pv-0 is-8-tablet mgh-auto-tablet mobile-order-1\" pos=\"1\">Berlin taz | Die Haftbedingungen in Vietnam sind hart. Bis zu 50 Personen teilen sich eine Zelle. F\u00fcr Kleidung und Medikamente m\u00fcssen die Angeh\u00f6rigen sorgen \u2013 falls die eine Besuchs\u00aderlaubnis bekommen. Ob man Zugang zu Anw\u00e4lten oder \u00c4rzten hat, h\u00e4ngt von der Willk\u00fcr der Haft\u00adanstalt oder der Provinzverwaltung ab.<\/p>\n<p class=\"bodytext paragraph  typo-bodytext is-block column pv-0 is-8-tablet mgh-auto-tablet mobile-order-2\" pos=\"2\">Schwer vorstellbar, dass eine Frau, die einen internationalen Sch\u00f6nheitswettbewerb gewonnen hat, unter solchen Umst\u00e4nden lebt. Und doch sitzt Nguyen Thuc Thuy Tien, die 26-j\u00e4hrige Miss Grand International von 2021, seit wenigen Tagen in Vietnam in Polizeigewahrsam. Der Vorwurf: Verbrauchert\u00e4uschung. Eine Anklage gibt es bislang noch nicht.<\/p>\n<p class=\"bodytext paragraph  typo-bodytext is-block column pv-0 is-8-tablet mgh-auto-tablet mobile-order-4\" pos=\"3\">Thuy Tien wuchs als Scheidungskind auf, was in Vietnam eher selten vorkommt und f\u00fcr schwierige Lebensbedingungen in ihrer Kindheit spricht. Sie musste als Sch\u00fclerin jobben, hat aber einen Masterabschluss als Hotel- und Restaurantmanagerin erworben und spricht flie\u00dfend Englisch und Franz\u00f6sisch. Sie beteiligte sich erfolgreich an in Vietnam sehr popul\u00e4ren Sch\u00f6nheitswettbewerben <a href=\"https:\/\/www.youtube.com\/watch?v=Zms-8S8k9FU\" target=\"_blank\" class=\"link in-text-link\" rel=\"nofollow noopener\">und wurde 2021 in Thailand zur Miss Grand International gekr\u00f6nt<\/a>.<\/p>\n<p class=\"bodytext paragraph  typo-bodytext is-block column pv-0 is-8-tablet mgh-auto-tablet mobile-order-5\" pos=\"4\">Die selbstbewusste und wortgewandte Frau wurde in Vietnam sehr prominent, avancierte zum Prototyp einer modernen unabh\u00e4ngigen Vietnamesin und konnte sich ausgezeichnet in der Werbewirtschaft vermarkten. Vietnamesischen Medien zufolge soll sie als Influencerin und Botschafterin nationaler und internationaler Marken zwischen 2 und 3 Millionen US-Dollar verdient haben. Thuy Tien bekam die Hauptrolle in einem noch nicht fertig produzierten Film. Sie engagierte sich aber auch als Gesicht von Wohlt\u00e4tigkeitsveranstaltungen und erhielt Auszeichnungen der Regierung.<\/p>\n<p class=\"bodytext paragraph  typo-bodytext is-block column pv-0 is-8-tablet mgh-auto-tablet mobile-order-6\" pos=\"5\">Ihr nun zu Last gelegtes Vergehen: Sie hatte auf Social-Media-Kan\u00e4len <a href=\"https:\/\/e.vnexpress.net\/news\/business\/companies\/kera-gummies-promoted-by-miss-grand-international-as-vegetable-replacement-probed-for-low-fiber-content-4858166.html\" target=\"_blank\" class=\"link in-text-link\" rel=\"nofollow noopener\">f\u00fcr ein gef\u00e4lschtes Ballaststoffpr\u00e4parat<\/a> geworben. Die s\u00fc\u00df schmeckenden Gem\u00fcsebonbons sollten angeblich so viele Ballaststoffe enthalten wie ein ganzer Teller voll Gem\u00fcse. Bei Test stellte sich heraus, dass sie jedoch weniger als ein Zehntel der beworbenen Ballaststoffe enthielten.<\/p>\n<p class=\"bodytext paragraph  typo-bodytext is-block column pv-0 is-8-tablet mgh-auto-tablet mobile-order-7\" pos=\"6\">Die Ermittler werfen der Frau vor, nicht nur f\u00fcr die Gem\u00fcsebonbons geworben zu haben, sondern auch 30 Prozent Anteile an der Firma zu halten, die diese produziert. Sie bestreitet das und erkl\u00e4rt, sie habe lediglich einen Werbevertrag unterschrieben. Die beiden Firmeninhaber sitzen ebenfalls in Polizeihaft. Hinweise auf politische Motive hinter dem harten Vorgehen gibt es bislang nicht.<\/p>\n<p>      Nicht die einzige InfluencerInnen-Festnahme<\/p>\n<p class=\"bodytext paragraph  typo-bodytext is-block column pv-0 is-8-tablet mgh-auto-tablet mobile-order-10\" pos=\"8\">Die Festnahme der popul\u00e4ren Sch\u00f6nheitsk\u00f6nigin reiht sich allerdings ein in eine Reihe von Festnahmen eher unpolitischer InfluencerInnen in Vietnam. So wurde vor wenigen Wochen ein popul\u00e4rer Motorradakrobat inhaftiert wegen Verst\u00f6\u00dfen gegen Verkehrsregeln, obwohl er seine Kunstst\u00fccke auf nicht\u00f6ffentlichem Gel\u00e4nde aufgenommen und gefilmt hatte. Die Regierung will sagen: Wir schauen auf die Influencer. Sie k\u00f6nnen nicht alles tun.<\/p>\n<p class=\"bodytext paragraph last  typo-bodytext is-block column pv-0 is-8-tablet mgh-auto-tablet mobile-order-11\" pos=\"9\">Die Zeitung <a href=\"https:\/\/www.vietnamplus.vn\/nguyen-thuc-thuy-tien-va-cu-truot-dai-cua-mot-hoa-hau-quoc-dan-post1039629.vnp\" target=\"_blank\" class=\"link in-text-link\" rel=\"nofollow noopener\">Vietnamplus<\/a> sprach im Zusammenhang mit der Festnahme von Nguyen Thuc Thuy Tien von einer \u201ebedauerlichen und teuren Lektion f\u00fcr die junge Generation im heutigen digitalen Zeitalter\u201c. Der Parlamentsabgeordnete Nguyen Minh Duc sagte: \u201eBer\u00fchmtheiten, die in der Gesellschaft Ansehen genie\u00dfen, m\u00fcssen ihre Integrit\u00e4t noch st\u00e4rker unter Beweis stellen.\u201c Er forderte zudem, Prominente oder andere Personen m\u00fcssten bei der Unterzeichnung von Werbevertr\u00e4gen daf\u00fcr verantwortlich sein, das Produkt zu pr\u00fcfen und \u00adDokumente anzufordern, die sich auf die \u00adStandards und die Qualit\u00e4t des Produkts \u00adbeziehen.<\/p>\n","protected":false},"excerpt":{"rendered":"Berlin taz | Die Haftbedingungen in Vietnam sind hart. Bis zu 50 Personen teilen sich eine Zelle. F\u00fcr&hellip;\n","protected":false},"author":2,"featured_media":129980,"comment_status":"","ping_status":"","sticky":false,"template":"","format":"standard","meta":{"footnotes":""},"categories":[1776],"tags":[1801,29,214,30,1802,215],"class_list":{"0":"post-129979","1":"post","2":"type-post","3":"status-publish","4":"format-standard","5":"has-post-thumbnail","7":"category-prominente","8":"tag-celebrities","9":"tag-deutschland","10":"tag-entertainment","11":"tag-germany","12":"tag-prominente","13":"tag-unterhaltung"},"share_on_mastodon":{"url":"https:\/\/pubeurope.com\/@de\/114549955131693068","error":""},"_links":{"self":[{"href":"https:\/\/www.europesays.com\/de\/wp-json\/wp\/v2\/posts\/129979","targetHints":{"allow":["GET"]}}],"collection":[{"href":"https:\/\/www.europesays.com\/de\/wp-json\/wp\/v2\/posts"}],"about":[{"href":"https:\/\/www.europesays.com\/de\/wp-json\/wp\/v2\/types\/post"}],"author":[{"embeddable":true,"href":"https:\/\/www.europesays.com\/de\/wp-json\/wp\/v2\/users\/2"}],"replies":[{"embeddable":true,"href":"https:\/\/www.europesays.com\/de\/wp-json\/wp\/v2\/comments?post=129979"}],"version-history":[{"count":0,"href":"https:\/\/www.europesays.com\/de\/wp-json\/wp\/v2\/posts\/129979\/revisions"}],"wp:featuredmedia":[{"embeddable":true,"href":"https:\/\/www.europesays.com\/de\/wp-json\/wp\/v2\/media\/129980"}],"wp:attachment":[{"href":"https:\/\/www.europesays.com\/de\/wp-json\/wp\/v2\/media?parent=129979"}],"wp:term":[{"taxonomy":"category","embeddable":true,"href":"https:\/\/www.europesays.com\/de\/wp-json\/wp\/v2\/categories?post=129979"},{"taxonomy":"post_tag","embeddable":true,"href":"https:\/\/www.europesays.com\/de\/wp-json\/wp\/v2\/tags?post=129979"}],"curies":[{"name":"wp","href":"https:\/\/api.w.org\/{rel}","templated":true}]}}