{"id":129984,"date":"2025-05-22T06:02:11","date_gmt":"2025-05-22T06:02:11","guid":{"rendered":"https:\/\/www.europesays.com\/de\/129984\/"},"modified":"2025-05-22T06:02:11","modified_gmt":"2025-05-22T06:02:11","slug":"hamburg-feiert-25-jahre-jan-delay-in-neuer-ard-doku","status":"publish","type":"post","link":"https:\/\/www.europesays.com\/de\/129984\/","title":{"rendered":"Hamburg feiert 25 Jahre Jan Delay in neuer ARD-Doku"},"content":{"rendered":"<p>&#8222;Forever Jan: 25 Jahre Jan Delay&#8220; <\/p>\n<p>Vom Hip-Hop-Pionier zum politischen Entertainer<\/p>\n<p>22.05.2025 &#8211; 05:45 UhrLesedauer: 2 Min.<\/p>\n<p><a href=\"#focus-0\" class=\"transition-colors duration-200 focus-within:text-magenta block text-current relative\" data-sctrack=\"FocusGalleryImage.Reference\"><img fetchpriority=\"high\" data-testid=\"Opener.Image\" style=\"--lqipURL:url('https:\/\/images.t-online.de\/2025\/05\/WbQu4w-VeBBf\/0x50:800x450\/fit-in\/150x0\/filters:blur(25)\/jan-delay-sitzt-im-foodlab-in-der-hafencity-archivbild-der-hamburger-hortet-200-paar-teils-abgetragene-turnschuhe.jpg')\"   loading=\"eager\" src=\"https:\/\/www.europesays.com\/de\/wp-content\/uploads\/2025\/05\/jan-delay-sitzt-im-foodlab-in-der-hafencity-archivbild-der-hamburger-hortet-200-paar-teils-abgetrage.jpeg\" alt=\"urn:newsml:dpa.com:20090101:250510-935-578429\" title=\"urn:newsml:dpa.com:20090101:250510-935-578429\" width=\"800\" height=\"450\" class=\"bg-[url:var(--lqipURL)] bg-cover bg-center flex w-full max-w-full h-full\" decoding=\"async\"\/><img style=\"--width:32;--height:32\" loading=\"lazy\" src=\"https:\/\/www.europesays.com\/de\/wp-content\/uploads\/2025\/04\/1743617728_477_zoom-in.f7dae02f.svg.svg+xml\" alt=\"Vergr\u00f6\u00dfern des Bildes\" title=\"Vergr\u00f6\u00dfern des Bildes\" class=\"&#10;        block&#10;        h-[calc(var(--height)_\/_16_*_1rem)]&#10;        w-[calc(var(--width)_\/_16_*_1rem)]&#10;        max-w-none&#10;        absolute bottom-8 right-8 rounded-4 bg-snow p-8\" decoding=\"async\"\/><\/a><\/p>\n<p>Jan Delay (Archivbild): In der ARD-Mediathek ist eine dreiteilige Doku \u00fcber den Hamburger Musiker verf\u00fcgbar. (Quelle: Marcus Brandt)<\/p>\n<p class=\"font-bold text-18 leading-17\">Jan Delay gew\u00e4hrt in neuer ARD-Doku erstmals private Einblicke. Warum der Hamburger Musiker sein Filmarchiv \u00f6ffnet \u2013 das steckt dahinter.<\/p>\n<p class=\"text-18 leading-17\">Jan Delay gew\u00e4hrt in einer neuen dreiteiligen Dokumentation erstmals sehr private Einblicke in sein Leben und \u00f6ffnet sein pers\u00f6nliches Filmarchiv. &#8222;Forever Jan: 25 Jahre Jan Delay&#8220; ist ab sofort in der ARD Mediathek verf\u00fcgbar und zeigt den Hamburger Musiker so pers\u00f6nlich wie noch nie.<\/p>\n<p class=\"text-18 leading-17\">Die 90-min\u00fctige Dokumentation begleitet Jan Philipp Ei\u00dffeldt, wie der K\u00fcnstler mit b\u00fcrgerlichem Namen hei\u00dft, durch 25 Jahre Musikerleben \u2013 von seinen Anf\u00e4ngen als Hip-Hop-Pionier bei den &#8222;Absolute Beginner&#8220; bis zu seinem Erfolg als Solo-K\u00fcnstler. Dabei kommen auch Wegbegleiter wie Klaas Heufer-Umlauf, Olli Dittrich, Fatih Akin und Udo Lindenberg zu Wort.<\/p>\n<p class=\"text-18 leading-17\">Die erste Folge &#8222;Hippiekind goes Rap&#8220; zeigt Jan Delays Kindheit in einem alternativen Wohnprojekt in Hamburg. Mit seinen K\u00fcnstlereltern besuchte er Vernissagen und Demos, entdeckte das Plattenregal seines Vaters und bekam von seiner Mutter ein besonderes Mitbringsel aus den USA: frisch importierten Rap. &#8222;Danach war klar, dass Rap und Hip-Hop sein Ding ist&#8220;, hei\u00dft es in der Ank\u00fcndigung.<\/p>\n<p class=\"text-18 leading-17\">In der zweiten Folge &#8222;Vom Wortk\u00fcnstler zum Chartbreaker&#8220; wird Jan Delay als musikalisches Cham\u00e4leon portr\u00e4tiert, das verschiedene Genres wie Funk, Reggae, Soul und Rock beherrscht. Die dritte Folge &#8222;Radikal-Entertainer mit Haltung&#8220; beleuchtet seine politische Seite. Sein Manager Matthias Arfmann erkl\u00e4rt: &#8222;Es ist eine in ihm wohnende Antifa-Grund\u00fcberzeugung, die sehr stark ist.&#8220;<\/p>\n<p class=\"text-18 leading-17\">Die Dokumentation ist eine Produktion von Vibrophil Media in Zusammenarbeit mit dem SWR. Die erste Folge l\u00e4uft am 24. Mai um 23.40 Uhr im Ersten, alle drei Folgen sind ab 30. Mai im SWR zu sehen. In der ARD Mediathek findet sich zus\u00e4tzlich der Rockpalast-Konzertmitschnitt &#8222;Jan Delay &amp; Disko No. 1 | Hamburg 2024&#8220; des WDR.<\/p>\n","protected":false},"excerpt":{"rendered":"&#8222;Forever Jan: 25 Jahre Jan Delay&#8220; Vom Hip-Hop-Pionier zum politischen Entertainer 22.05.2025 &#8211; 05:45 UhrLesedauer: 2 Min. Jan&hellip;\n","protected":false},"author":2,"featured_media":129985,"comment_status":"","ping_status":"","sticky":false,"template":"","format":"standard","meta":{"footnotes":""},"categories":[1772],"tags":[722,3176,29,214,48327,30,692,7871,1779,810,215],"class_list":{"0":"post-129984","1":"post","2":"type-post","3":"status-publish","4":"format-standard","5":"has-post-thumbnail","7":"category-musik","8":"tag-722","9":"tag-3176","10":"tag-deutschland","11":"tag-entertainment","12":"tag-filmarchiv","13":"tag-germany","14":"tag-hamburg","15":"tag-jan-delay","16":"tag-music","17":"tag-musik","18":"tag-unterhaltung"},"share_on_mastodon":{"url":"https:\/\/pubeurope.com\/@de\/114549971277623979","error":""},"_links":{"self":[{"href":"https:\/\/www.europesays.com\/de\/wp-json\/wp\/v2\/posts\/129984","targetHints":{"allow":["GET"]}}],"collection":[{"href":"https:\/\/www.europesays.com\/de\/wp-json\/wp\/v2\/posts"}],"about":[{"href":"https:\/\/www.europesays.com\/de\/wp-json\/wp\/v2\/types\/post"}],"author":[{"embeddable":true,"href":"https:\/\/www.europesays.com\/de\/wp-json\/wp\/v2\/users\/2"}],"replies":[{"embeddable":true,"href":"https:\/\/www.europesays.com\/de\/wp-json\/wp\/v2\/comments?post=129984"}],"version-history":[{"count":0,"href":"https:\/\/www.europesays.com\/de\/wp-json\/wp\/v2\/posts\/129984\/revisions"}],"wp:featuredmedia":[{"embeddable":true,"href":"https:\/\/www.europesays.com\/de\/wp-json\/wp\/v2\/media\/129985"}],"wp:attachment":[{"href":"https:\/\/www.europesays.com\/de\/wp-json\/wp\/v2\/media?parent=129984"}],"wp:term":[{"taxonomy":"category","embeddable":true,"href":"https:\/\/www.europesays.com\/de\/wp-json\/wp\/v2\/categories?post=129984"},{"taxonomy":"post_tag","embeddable":true,"href":"https:\/\/www.europesays.com\/de\/wp-json\/wp\/v2\/tags?post=129984"}],"curies":[{"name":"wp","href":"https:\/\/api.w.org\/{rel}","templated":true}]}}