{"id":13021,"date":"2025-04-07T12:23:12","date_gmt":"2025-04-07T12:23:12","guid":{"rendered":"https:\/\/www.europesays.com\/de\/13021\/"},"modified":"2025-04-07T12:23:12","modified_gmt":"2025-04-07T12:23:12","slug":"muenchner-verkauft-historisches-bauernhaus-einen-haken-hat-die-sache-aber","status":"publish","type":"post","link":"https:\/\/www.europesays.com\/de\/13021\/","title":{"rendered":"M\u00fcnchner verkauft historisches Bauernhaus: Einen Haken hat die Sache aber"},"content":{"rendered":"<p><b>M\u00fcnchen\/Innsbruck<\/b> &#8211; Kaufen und sofort einziehen? So einfach ist es bei dieser Immobilie nicht. Denn erstmal muss das historische Holz-H\u00e4uschen in seine Einzelteile zerlegt werden und den Ort wechseln. Ja, richtig gelesen.<\/p>\n<p>Bernd Gold (58) aus M\u00fcnchen bietet aktuell seinen originalen Kitzb\u00fcheler Bauernhof zum Verkauf an. In der zugeh\u00f6rigen Annonce bei Immobilienscout24 hei\u00dft es nicht etwa schl\u00fcsselfertig oder bezugsfertig, sondern: &#8222;Haus zum Abbauen&#8220; und &#8222;zu verkaufen ohne Grundst\u00fcck&#8220;.<\/p>\n<p>Es steht beim Wilden Kaiser in Tirol (\u00d6sterreich), wie der geb\u00fcrtige Traunsteiner der AZ erz\u00e4hlt. Der Hof stammt den Aufzeichnungen nach circa aus dem Jahr 1758, 1872 wurde der Dachfirst neu gemacht.<\/p>\n<p>     <img decoding=\"async\" loading=\"lazy\" src=\"https:\/\/www.europesays.com\/de\/wp-content\/uploads\/2025\/04\/1549721_artikelbild-75proz_1DYBE7_YbUkTz.jpg\" alt=\"Ein Dachbalken belegt das Jahr 1872.\" title=\"Ein Dachbalken belegt das Jahr 1872.\" width=\"487\" height=\"366\"\/><\/p>\n<p>      Ein Dachbalken belegt das Jahr 1872.<br \/>\n      \u00a9 Bernd Gold<\/p>\n<p>    Ein Dachbalken belegt das Jahr 1872.<\/p>\n<p>von Bernd Gold <\/p>\n<p>&#8222;}&#8220;&gt; <\/p>\n<p><b>&#8222;Ich wollte es am Chiemsee wieder aufbauen&#8220;<\/b><\/p>\n<p>Wie kommt es zu dem kuriosen Angebot? &#8222;Ich hatte es vor ein paar Jahren f\u00fcr mich gekauft, wollte es abbauen und am Chiemsee wieder aufbauen.&#8220; Seine Motivation: &#8222;dieser absoluten Rarit\u00e4t&#8220; zu neuem Glanz verhelfen.<\/p>\n<p>Solche alten Bauernh\u00e4user bekomme man fast nicht mehr, sagt er. &#8222;Ich wollte diesen alten Charme, dieses alte Leben erhalten.&#8220; Es gibt demnach noch \u00d6l-Gem\u00e4lde und alte Schwarz-Wei\u00df-Fotografien, die die fr\u00fcheren Bewohner zeigen.<\/p>\n<p>&#8222;Das macht mich sehr traurig&#8220;<\/p>\n<p>Aufgrund weiterer Bauprojekte in Griechenland, die Gold zufolge gleichzeitig mit seinem Kauf des Bauernhauses begannen, nun aber mehr Zeit beanspruchten als geplant, k\u00f6nne er das angestrebte Projekt derzeit nicht wie vorgesehen umsetzen.<\/p>\n<p>     <img decoding=\"async\" loading=\"lazy\" src=\"https:\/\/www.europesays.com\/de\/wp-content\/uploads\/2025\/04\/1549723_artikelbild-75proz_1DYBng_zdvJbt.jpg\" alt=\"Eigent\u00fcmer Bernd Gold aus M\u00fcnchen.\" title=\"Eigent\u00fcmer Bernd Gold aus M\u00fcnchen.\" width=\"609\" height=\"807\"\/><\/p>\n<p>      Eigent\u00fcmer Bernd Gold aus M\u00fcnchen.<br \/>\n      \u00a9 privat<\/p>\n<p>    Eigent\u00fcmer Bernd Gold aus M\u00fcnchen.<\/p>\n<p>von privat <\/p>\n<p>&#8222;}&#8220;&gt; <\/p>\n<p>Deswegen m\u00f6chte er die urige Immobilie ver\u00e4u\u00dfern und sucht jemanden, der dabei genauso viel Nostalgie versp\u00fcrt wie er \u2013 und dazu ein geeignetes Pl\u00e4tzchen f\u00fcr das Haus hat. Weil es f\u00fcr ihn eben nicht irgendeine Immobilie ist, verwundert es nicht, wenn er \u00fcber den Verkauf sagt: &#8222;Das macht mich sehr traurig.&#8220;<\/p>\n<p><b>&#8222;Eine Geschichte aus vergangenen Tagen&#8220;<\/b><\/p>\n<p>In der Beschreibung zum Geb\u00e4ude hei\u00dft es: &#8222;Mit seiner authentischen Bauweise ist dieser Hof ein seltenes Zeugnis Tiroler Handwerkskunst. Er bietet nicht nur ein warmes und einladendes Ambiente, sondern verspricht auch durch seine Beschaffenheit aus Holz ein gesundes und nachhaltiges Wohnklima.&#8220;<\/p>\n<p>Es besteht dem Expos\u00e9 zufolge aus Fichte, Tanne und L\u00e4rche. Die Patina der Jahre verleihe &#8222;jedem Raum Charakter und erz\u00e4hlt Geschichten aus vergangenen Tagen&#8220;.<\/p>\n<p>So viel soll das Geb\u00e4ude samt Abbau kosten<\/p>\n<p>Der 58-J\u00e4hrige bietet es f\u00fcr den Preis von 197.500 Euro an. Darin enthalten sei der ganze Holzbestand, ebenso die komplette architektonische Vorplanung, die er schon bezahlt hat.<\/p>\n<p>     <img decoding=\"async\" loading=\"lazy\" src=\"https:\/\/www.europesays.com\/de\/wp-content\/uploads\/2025\/04\/1549722_artikelbild-75proz_1DYBEm_w1SGku.jpg\" alt=\"In eine Reihensiedlung passt es rein optisch schon nicht hinein. Es m\u00fcsse &quot;atmen&quot; k\u00f6nnen, findet Bernd Gold\" title=\"In eine Reihensiedlung passt es rein optisch schon nicht hinein. Es m\u00fcsse &quot;atmen&quot; k\u00f6nnen, findet Bernd Gold\" width=\"490\" height=\"362\"\/><\/p>\n<p>      In eine Reihensiedlung passt es rein optisch schon nicht hinein. Es m\u00fcsse &#8222;atmen&#8220; k\u00f6nnen, findet Bernd Gold<br \/>\n      \u00a9 Bernd Gold<\/p>\n<p>    In eine Reihensiedlung passt es rein optisch schon nicht hinein. Es m\u00fcsse &#8222;atmen&#8220; k\u00f6nnen, findet Bernd Gold<\/p>\n<p>von Bernd Gold <\/p>\n<p>&#8222;}&#8220;&gt; <\/p>\n<p>Ebenso der Abbau durch eine Fachfirma, der sich auf circa 35.000 Euro bel\u00e4uft. Insgesamt h\u00e4tte dann das neue Geb\u00e4ude inklusive Scheune rund 440 Quadratmeter Wohnfl\u00e4che, &#8222;wenn man es in vollem Umfang wieder aufbauen m\u00f6chte&#8220;, sagt Gold. F\u00fcr den Abbau braucht es aber Fachleute. &#8222;Wenn man nicht wei\u00df, wie die Konstruktion miteinander verbunden ist, macht man mehr kaputt, als erhalten bleibt&#8220;, sagt er \u00fcber einen m\u00f6glichen Abbau auf eigene Faust.<\/p>\n<p>&#8222;Es kann nicht in eine Reihenhaus-Siedlung reingebaut werden&#8220;<\/p>\n<p>Das Prozedere: &#8222;Alle Balken werden St\u00fcck f\u00fcr St\u00fcck abgebaut, jeder einzelne wird nummeriert, fotografiert, dokumentiert.&#8220; Auch einen Laser-Scan hat er schon durchf\u00fchren lassen (ebenfalls im Preis enthalten). Damit werden die gesamten Lasten berechnet. Stichwort Statik.<\/p>\n<p><b>F\u00fcr den zuk\u00fcnftigen Standort w\u00fcnscht er sich bestenfalls Folgendes:<\/b> &#8222;Es sollte ein Grundst\u00fcck sein, an dem das Haus atmen kann und wirkt. Es kann nicht in eine Reihenhaus-Siedlung reingebaut werden.&#8220;<\/p>\n<p>     <img decoding=\"async\" loading=\"lazy\" src=\"https:\/\/www.europesays.com\/de\/wp-content\/uploads\/2025\/04\/1466128_wilder-kaiser_artikelbild-75proz_1CESG-_MvIfaE.jpg\" alt=\"Der Wilde Kaiser.  Der aktuelle Standort des Bauernhauses.\" title=\"Der Wilde Kaiser.  Der aktuelle Standort des Bauernhauses.\" width=\"609\" height=\"405\"\/><\/p>\n<p>      Der Wilde Kaiser.  Der aktuelle Standort des Bauernhauses.<br \/>\n      \u00a9 picture alliance \/ dpa<\/p>\n<p>    Der Wilde Kaiser.  Der aktuelle Standort des Bauernhauses.<\/p>\n<p>von picture alliance \/ dpa <\/p>\n<p>&#8222;}&#8220;&gt; <\/p>\n<p>Das passende Grundst\u00fcck sollte seiner Meinung nach mindestens 1500 bis 2500 Quadratmeter gro\u00df sein, am besten in einer l\u00e4ndlichen Gegend, &#8222;wo es prachtvoll dasteht und nicht eingeklemmt ist&#8220;.<\/p>\n<p>Sobald es verkauft wird \u2013 er hat schon Interessenten -, werde es abgebaut. Jetzt k\u00f6nne man es noch erwerben und begehen und dabei etwa die Original-Stuben, die alten T\u00fcren und Vert\u00e4felungen anschauen.<\/p>\n<p>Immo-Expertin: &#8222;Es ist nat\u00fcrlich kein Standardfall&#8220;<\/p>\n<p>Die AZ will von der Immobiliengutachterin Katharina Heid wissen: Gibt&#8217;s solche Angebote \u00f6fter? Sie sagt: &#8222;Es ist nat\u00fcrlich kein Standardfall.&#8220; Es m\u00fcssten mehrere Komponenten stimmen. &#8222;Der Abbau funktioniert nicht mit jeder Bauform. Massiv gebaute Objekte, welche in Deutschland sehr \u00fcblich sind, eigenen sich nicht f\u00fcr einen Transport.&#8220;<\/p>\n<p>Holzbauweise dagegen k\u00f6nne daf\u00fcr geeignet sein. &#8222;Prinzipiell wird dies aber ein Nischenmarkt bleiben, da bei Abbau das Objekt nicht besch\u00e4digt werden darf und ein geeigneter Standort f\u00fcr das Objekt gefunden werden muss.&#8220;<\/p>\n<p>Das k\u00f6nnten neue Besitzer mit dem Haus machen<\/p>\n<p>Heid erkl\u00e4rt auch, dass heutzutage viel mehr auf Licht- und Sichtachsen bei der Architektur eines Objektes geachtet werde. &#8222;Das bedeutet, dass das Objekt exakt auf das zu bebauende Grundst\u00fcck geplant wird. Dies ist bei der Abbauvariante nat\u00fcrlich nicht gegeben.&#8220;<\/p>\n<p><b>Noch-Besitzer Bernd Gold hat schon Ideen, was man mit dem historischen Bauernhaus machen k\u00f6nnte:<\/b> zum Beispiel ein Boutique-Hotel, einen Landgasthof, eine Kunstgalerie oder etwa ein Yoga-Zentrum \u2013 oder &#8222;einfach ein gro\u00dfartiges, einzigartiges neues Zuhause f\u00fcr eine Familie&#8220;. &#8222;Das ganze Haus ist flexibel gestaltbar&#8220;, sagt er.<\/p>\n<p>Man k\u00f6nne sich den Neubau so gestalten, wie man m\u00f6chte, und das Holz so hinzuf\u00fcgen, &#8222;dass es dem jetzigen Charakter entspricht, aber man dennoch ein modernes Haus hat&#8220;.<\/p>\n<p>Wer Interesse an der seltenen Immobilie hat, kann sich mit Bernd Gold in Verbindung setzen unter der Telefonnummer 0177-7938747<\/p>\n<p>!function(f,b,e,v,n,t,s)<br \/>\n{if(f.fbq)return;n=f.fbq=function(){n.callMethod?<br \/>\nn.callMethod.apply(n,arguments):n.queue.push(arguments)};<br \/>\nif(!f._fbq)f._fbq=n;n.push=n;n.loaded=!0;n.version=&#8217;2.0&#8242;;<br \/>\nn.queue=[];t=b.createElement(e);t.async=!0;<br \/>\nt.src=v;s=b.getElementsByTagName(e)[0];<br \/>\ns.parentNode.insertBefore(t,s)}(window,document,&#8217;script&#8216;,<br \/>\n&#8218;https:\/\/connect.facebook.net\/en_US\/fbevents.js&#8216;);<br \/>\nfbq(&#8218;init&#8216;, &#8218;2523508247947799&#8216;);<br \/>\nfbq(&#8218;track&#8216;, &#8218;PageView&#8216;);<\/p>\n","protected":false},"excerpt":{"rendered":"M\u00fcnchen\/Innsbruck &#8211; Kaufen und sofort einziehen? So einfach ist es bei dieser Immobilie nicht. Denn erstmal muss das&hellip;\n","protected":false},"author":2,"featured_media":13022,"comment_status":"","ping_status":"","sticky":false,"template":"","format":"standard","meta":{"footnotes":""},"categories":[1827],"tags":[9291,772,29,30,5331,9290,1268,1433,9292],"class_list":{"0":"post-13021","1":"post","2":"type-post","3":"status-publish","4":"format-standard","5":"has-post-thumbnail","7":"category-muenchen","8":"tag-bauernhaus","9":"tag-bayern","10":"tag-deutschland","11":"tag-germany","12":"tag-immobilien","13":"tag-kitzbuehel","14":"tag-muenchen","15":"tag-oesterreich","16":"tag-tirol"},"share_on_mastodon":{"url":"https:\/\/pubeurope.com\/@de\/114296665248563914","error":""},"_links":{"self":[{"href":"https:\/\/www.europesays.com\/de\/wp-json\/wp\/v2\/posts\/13021","targetHints":{"allow":["GET"]}}],"collection":[{"href":"https:\/\/www.europesays.com\/de\/wp-json\/wp\/v2\/posts"}],"about":[{"href":"https:\/\/www.europesays.com\/de\/wp-json\/wp\/v2\/types\/post"}],"author":[{"embeddable":true,"href":"https:\/\/www.europesays.com\/de\/wp-json\/wp\/v2\/users\/2"}],"replies":[{"embeddable":true,"href":"https:\/\/www.europesays.com\/de\/wp-json\/wp\/v2\/comments?post=13021"}],"version-history":[{"count":0,"href":"https:\/\/www.europesays.com\/de\/wp-json\/wp\/v2\/posts\/13021\/revisions"}],"wp:featuredmedia":[{"embeddable":true,"href":"https:\/\/www.europesays.com\/de\/wp-json\/wp\/v2\/media\/13022"}],"wp:attachment":[{"href":"https:\/\/www.europesays.com\/de\/wp-json\/wp\/v2\/media?parent=13021"}],"wp:term":[{"taxonomy":"category","embeddable":true,"href":"https:\/\/www.europesays.com\/de\/wp-json\/wp\/v2\/categories?post=13021"},{"taxonomy":"post_tag","embeddable":true,"href":"https:\/\/www.europesays.com\/de\/wp-json\/wp\/v2\/tags?post=13021"}],"curies":[{"name":"wp","href":"https:\/\/api.w.org\/{rel}","templated":true}]}}