{"id":130234,"date":"2025-05-22T08:22:12","date_gmt":"2025-05-22T08:22:12","guid":{"rendered":"https:\/\/www.europesays.com\/de\/130234\/"},"modified":"2025-05-22T08:22:12","modified_gmt":"2025-05-22T08:22:12","slug":"flughafen-laedt-familien-zum-kostenlosen-sommerfest-ein","status":"publish","type":"post","link":"https:\/\/www.europesays.com\/de\/130234\/","title":{"rendered":"Flughafen l\u00e4dt Familien zum kostenlosen Sommerfest ein"},"content":{"rendered":"<p>Familienspa\u00df am Airport <\/p>\n<p>Flughafen l\u00e4dt zum gro\u00dfen Sommerfest<\/p>\n<p>22.05.2025 &#8211; 09:44 UhrLesedauer: 1 Min.<\/p>\n<p><a href=\"#focus-0\" class=\"transition-colors duration-200 focus-within:text-magenta block text-current relative\" data-sctrack=\"FocusGalleryImage.Reference\"><img fetchpriority=\"high\" data-testid=\"Opener.Image\" style=\"--lqipURL:url('https:\/\/images.t-online.de\/2025\/05\/8dtd495r1W9U\/0x55:1200x675\/fit-in\/150x0\/filters:blur(25)\/kinder-sommerfest-am-flughafen-nur-fuer-redaktionelle-zwecke-editorial-use-only-p-hase-und-elefant-aus-der-sendung-mit-der-maus-auf-der-buehne-am-8-82011-veranstaltet-der-flughafen-duesseldorf-ein-kinder-sommerfest-in-der-abflughalle-deutschland-duesseldorf-copyright-uwexschaffmeister-children-summer-festival-on-airport-only-for-editorial-purpose-editorial-use-only-p-rabbit-and-elephant-from-the-broadcast-with-the-mouse-at-the-stage-on-8-8-2011-organised-the-airport-duesseldorf-a.jpg')\"   loading=\"eager\" src=\"https:\/\/www.europesays.com\/de\/wp-content\/uploads\/2025\/05\/kinder-sommerfest-am-flughafen-nur-fuer-redaktionelle-zwecke-editorial-use-only-p-hase-und-elefant-a.jpeg\" alt=\"imago244567347\" title=\"imago244567347\" width=\"1200\" height=\"675\" class=\"bg-[url:var(--lqipURL)] bg-cover bg-center flex w-full max-w-full h-full\" decoding=\"async\"\/><img style=\"--width:32;--height:32\" loading=\"lazy\" src=\"https:\/\/www.europesays.com\/de\/wp-content\/uploads\/2025\/05\/zoom-in.f7dae02f.svg.svg+xml\" alt=\"Vergr\u00f6\u00dfern des Bildes\" title=\"Vergr\u00f6\u00dfern des Bildes\" class=\"&#10;        block&#10;        h-[calc(var(--height)_\/_16_*_1rem)]&#10;        w-[calc(var(--width)_\/_16_*_1rem)]&#10;        max-w-none&#10;        absolute bottom-8 right-8 rounded-4 bg-snow p-8\" decoding=\"async\"\/><\/a><\/p>\n<p>Sommerfest am Flughafen (Archivbild): Familien erwartet ein buntes Programm im Terminal. (Quelle: UWE SCHAFFMEISTER                   \/imago)<\/p>\n<p class=\"font-bold text-18 leading-17\">Am 25. Mai verwandelt sich das Terminal des D\u00fcsseldorfer Flughafens in eine sommerliche Erlebniswelt f\u00fcr die ganze Familie \u2013 mit freiem Eintritt und vielf\u00e4ltigem Programm.<\/p>\n<p class=\"text-18 leading-17\">Der <a class=\"transition-colors duration-200 cursor-pointer text-inherit no-underline text-salemsfur md:hover:text-magenta md:hover:border-magenta md:focus:text-magenta border-current border-b border-solid break-words\" href=\"https:\/\/www.t-online.de\/themen\/flughafen\/\" data-sctrack=\"BodyAnchor\" rel=\"nofollow noopener\" target=\"_blank\">Flughafen<\/a> <a class=\"transition-colors duration-200 cursor-pointer text-inherit no-underline text-salemsfur md:hover:text-magenta md:hover:border-magenta md:focus:text-magenta border-current border-b border-solid break-words\" href=\"https:\/\/www.t-online.de\/region\/duesseldorf\/\" data-sctrack=\"BodyAnchor\" rel=\"nofollow noopener\" target=\"_blank\">D\u00fcsseldorf<\/a> veranstaltet am Sonntag, 25. Mai 2025, einen sommerlichen Aktionstag f\u00fcr Familien. Nach Angaben des Airports verwandelt sich das Terminal von 10 bis 16 Uhr in eine Erlebniswelt mit zahlreichen kostenlosen Attraktionen unter dem Motto &#8222;Summer is coming&#8220;.<\/p>\n<p class=\"text-18 leading-17\">Besucher k\u00f6nnen sich auf ein vielf\u00e4ltiges Programm freuen. F\u00fcr Kinder gibt es Kinderschminken, Glitzertattoos und bunte Haarstr\u00e4hnen. Sportliche Aktivit\u00e4ten wie ein Surf-Simulator und eine H\u00fcpfburg sorgen f\u00fcr Bewegung. Wer mehrere Angebote nutzt und eine Stempelkarte f\u00fcllt, erh\u00e4lt am Infocounter im Reisemarkt eine \u00dcberraschung.<\/p>\n<p class=\"text-18 leading-17\">In einer speziellen Strand-Area mit Liegest\u00fchlen k\u00f6nnen Kinder bei Spielen wie &#8222;Flugzeuge angeln&#8220; ihre Geschicklichkeit testen. Auf der B\u00fchne finden Tanzshows und Maskottchen-Auftritte statt. Eine Fotobox steht f\u00fcr Erinnerungsbilder bereit.<\/p>\n<p class=\"text-18 leading-17\">Auch au\u00dferhalb des Terminals gibt es Angebote: Beim DUSsharing hub k\u00f6nnen Besucher einen Geschicklichkeitsparcours mit E-Scootern, E-Bikes oder Kettcars absolvieren. Die Verkehrswacht D\u00fcsseldorf bietet unter anderem einen Seh- und Reaktionstest sowie einen E-Scooter-Simulator an.<\/p>\n<p class=\"text-18 leading-17\">F\u00fcr Autofahrer gibt es ein spezielles Parkangebot: Wer mindestens 20 Euro in den Shops und Restaurants des Flughafens ausgibt, kann bis zu drei Stunden f\u00fcr nur f\u00fcnf Euro im Terminal-Parkhaus P3 parken. Dazu m\u00fcssen die Kassenbons in der Parkservicezentrale im Terminal vorgezeigt werden.<\/p>\n","protected":false},"excerpt":{"rendered":"Familienspa\u00df am Airport Flughafen l\u00e4dt zum gro\u00dfen Sommerfest 22.05.2025 &#8211; 09:44 UhrLesedauer: 1 Min. Sommerfest am Flughafen (Archivbild):&hellip;\n","protected":false},"author":2,"featured_media":130235,"comment_status":"","ping_status":"","sticky":false,"template":"","format":"standard","meta":{"footnotes":""},"categories":[1831],"tags":[48380,3364,29,3405,48379,48378,2109,14121,30,1209,176,32990],"class_list":{"0":"post-130234","1":"post","2":"type-post","3":"status-publish","4":"format-standard","5":"has-post-thumbnail","7":"category-duesseldorf","8":"tag-48380","9":"tag-de","10":"tag-deutschland","11":"tag-duesseldorf","12":"tag-erlebniswelt","13":"tag-familienspass","14":"tag-flughafen","15":"tag-flughafen-duesseldorf-international","16":"tag-germany","17":"tag-nordrhein-westfalen","18":"tag-nrw","19":"tag-sommerfest"},"share_on_mastodon":{"url":"https:\/\/pubeurope.com\/@de\/114550521664606579","error":""},"_links":{"self":[{"href":"https:\/\/www.europesays.com\/de\/wp-json\/wp\/v2\/posts\/130234","targetHints":{"allow":["GET"]}}],"collection":[{"href":"https:\/\/www.europesays.com\/de\/wp-json\/wp\/v2\/posts"}],"about":[{"href":"https:\/\/www.europesays.com\/de\/wp-json\/wp\/v2\/types\/post"}],"author":[{"embeddable":true,"href":"https:\/\/www.europesays.com\/de\/wp-json\/wp\/v2\/users\/2"}],"replies":[{"embeddable":true,"href":"https:\/\/www.europesays.com\/de\/wp-json\/wp\/v2\/comments?post=130234"}],"version-history":[{"count":0,"href":"https:\/\/www.europesays.com\/de\/wp-json\/wp\/v2\/posts\/130234\/revisions"}],"wp:featuredmedia":[{"embeddable":true,"href":"https:\/\/www.europesays.com\/de\/wp-json\/wp\/v2\/media\/130235"}],"wp:attachment":[{"href":"https:\/\/www.europesays.com\/de\/wp-json\/wp\/v2\/media?parent=130234"}],"wp:term":[{"taxonomy":"category","embeddable":true,"href":"https:\/\/www.europesays.com\/de\/wp-json\/wp\/v2\/categories?post=130234"},{"taxonomy":"post_tag","embeddable":true,"href":"https:\/\/www.europesays.com\/de\/wp-json\/wp\/v2\/tags?post=130234"}],"curies":[{"name":"wp","href":"https:\/\/api.w.org\/{rel}","templated":true}]}}